{"id":1027,"date":"2017-11-21T15:09:06","date_gmt":"2017-11-21T14:09:06","guid":{"rendered":"http:\/\/agora.xtec.cat\/ceip-agsantandreu\/?p=1027"},"modified":"2017-11-21T15:35:23","modified_gmt":"2017-11-21T14:35:23","slug":"santa-cecilia-2017","status":"publish","type":"post","link":"https:\/\/agora.xtec.cat\/ceip-agsantandreu\/portada\/santa-cecilia-2017\/","title":{"rendered":"Santa Cec\u00edlia 2017"},"content":{"rendered":"<p>Tot i que la festa de Santa Cec\u00edlia, patrona de la M\u00fasica, \u00e9s el 22 de novembre, aquest curs l&#8217;hem traslladat al 21, ja que alguns dels nostres alumnes van al teatre i es perdrien la festa. Els alumnes participants ens han deleitat amb peces de gran valor. Gr\u00e0cies a tots!<\/p>\n<p><a href=\"http:\/\/agora.xtec.cat\/ceip-agsantandreu\/wp-content\/uploads\/usu37\/2017\/11\/100_3586-Copiar.jpg\"><img loading=\"lazy\" decoding=\"async\" class=\"alignnone size-large wp-image-1025\" src=\"http:\/\/agora.xtec.cat\/ceip-agsantandreu\/wp-content\/uploads\/usu37\/2017\/11\/100_3586-Copiar-1024x768.jpg\" alt=\"\" width=\"1024\" height=\"768\" srcset=\"https:\/\/agora.xtec.cat\/ceip-agsantandreu\/wp-content\/uploads\/usu37\/2017\/11\/100_3586-Copiar.jpg 1024w, https:\/\/agora.xtec.cat\/ceip-agsantandreu\/wp-content\/uploads\/usu37\/2017\/11\/100_3586-Copiar-300x225.jpg 300w, https:\/\/agora.xtec.cat\/ceip-agsantandreu\/wp-content\/uploads\/usu37\/2017\/11\/100_3586-Copiar-768x576.jpg 768w, https:\/\/agora.xtec.cat\/ceip-agsantandreu\/wp-content\/uploads\/usu37\/2017\/11\/100_3586-Copiar-200x150.jpg 200w\" sizes=\"auto, (max-width: 1024px) 100vw, 1024px\" \/><\/a><\/p>\n<p><a href=\"https:\/\/photos.app.goo.gl\/CNwNdqP2UmVm4BVr2\">M\u00e9s fotografies de la celebraci\u00f3<\/a><\/p>\n<p>Aqu\u00ed podeu veure uns v\u00eddeos de les actuacions.<\/p>\n<p><a href=\"https:\/\/www.youtube.com\/watch?v=TA6zhGRF1cs\">Alexandra toca Can\u00e7o de Nadal <\/a><\/p>\n<p><a href=\"https:\/\/www.youtube.com\/watch?v=C-JW6HMRiak\">Sara crep\u00fascul <\/a><\/p>\n<p><a href=\"https:\/\/www.youtube.com\/watch?v=bIe5yuLDwfM\">Aleix toca ritmes<\/a><\/p>\n<p><a href=\"https:\/\/www.youtube.com\/watch?v=HZ69nGo55JI\">Nicole interpreta Allegretto <\/a><\/p>\n<p><a href=\"http:\/\/www.youtube.com\/watch?v=H6D-YjJ9nYg\">Laia i Jordina interpreten Pirates del Carib<\/a><\/p>\n<p><a href=\"https:\/\/photos.app.goo.gl\/QEO8gSwhfpONZF1y1\">Pau amb Tit\u00e0nic<\/a><\/p>\n<p><a href=\"https:\/\/www.youtube.com\/watch?v=whUyoNa4GYg\">Emma amb la Feria de Excalibor <\/a><\/p>\n<p><a href=\"https:\/\/www.youtube.com\/watch?v=kbZfIix3xZw\">Emma i Olalla interpreten un \u201cEstudi<\/a><\/p>\n<p><a href=\"https:\/\/www.youtube.com\/watch?v=erqbKWWXFU0\">Sara toca Ligthy Row<\/a><\/p>\n<p><a href=\"https:\/\/photos.app.goo.gl\/BuXENnVdpXDNPAHe2\">M\u00aa Eug\u00e8nia amb You will be in my heart (Tarz\u00e1n)<\/a><\/p>\n","protected":false},"excerpt":{"rendered":"<p>Tot i que la festa de Santa Cec\u00edlia, patrona de la M\u00fasica, \u00e9s el 22 de novembre, aquest curs l&#8217;hem traslladat al 21, ja que alguns dels nostres alumnes van al teatre i es perdrien la festa. Els alumnes participants ens han deleitat amb peces&hellip;  <a href=\"https:\/\/agora.xtec.cat\/ceip-agsantandreu\/portada\/santa-cecilia-2017\/\" title=\"Read Santa Cec\u00edlia 2017\">Llegeix m\u00e9s\u00bb<\/a><\/p>\n","protected":false},"author":3,"featured_media":0,"comment_status":"closed","ping_status":"closed","sticky":false,"template":"","format":"standard","meta":{"_bbp_topic_count":0,"_bbp_reply_count":0,"_bbp_total_topic_count":0,"_bbp_total_reply_count":0,"_bbp_voice_count":0,"_bbp_anonymous_reply_count":0,"_bbp_topic_count_hidden":0,"_bbp_reply_count_hidden":0,"_bbp_forum_subforum_count":0,"footnotes":""},"categories":[4],"tags":[],"class_list":["post-1027","post","type-post","status-publish","format-standard","hentry","category-portada"],"post_mailing_queue_ids":[],"_links":{"self":[{"href":"https:\/\/agora.xtec.cat\/ceip-agsantandreu\/wp-json\/wp\/v2\/posts\/1027","targetHints":{"allow":["GET"]}}],"collection":[{"href":"https:\/\/agora.xtec.cat\/ceip-agsantandreu\/wp-json\/wp\/v2\/posts"}],"about":[{"href":"https:\/\/agora.xtec.cat\/ceip-agsantandreu\/wp-json\/wp\/v2\/types\/post"}],"author":[{"embeddable":true,"href":"https:\/\/agora.xtec.cat\/ceip-agsantandreu\/wp-json\/wp\/v2\/users\/3"}],"replies":[{"embeddable":true,"href":"https:\/\/agora.xtec.cat\/ceip-agsantandreu\/wp-json\/wp\/v2\/comments?post=1027"}],"version-history":[{"count":3,"href":"https:\/\/agora.xtec.cat\/ceip-agsantandreu\/wp-json\/wp\/v2\/posts\/1027\/revisions"}],"predecessor-version":[{"id":1032,"href":"https:\/\/agora.xtec.cat\/ceip-agsantandreu\/wp-json\/wp\/v2\/posts\/1027\/revisions\/1032"}],"wp:attachment":[{"href":"https:\/\/agora.xtec.cat\/ceip-agsantandreu\/wp-json\/wp\/v2\/media?parent=1027"}],"wp:term":[{"taxonomy":"category","embeddable":true,"href":"https:\/\/agora.xtec.cat\/ceip-agsantandreu\/wp-json\/wp\/v2\/categories?post=1027"},{"taxonomy":"post_tag","embeddable":true,"href":"https:\/\/agora.xtec.cat\/ceip-agsantandreu\/wp-json\/wp\/v2\/tags?post=1027"}],"curies":[{"name":"wp","href":"https:\/\/api.w.org\/{rel}","templated":true}]}}