{"id":1006,"date":"2017-11-16T13:00:18","date_gmt":"2017-11-16T12:00:18","guid":{"rendered":"http:\/\/agora.xtec.cat\/ceip-agsantandreu\/?p=1006"},"modified":"2017-11-16T13:00:18","modified_gmt":"2017-11-16T12:00:18","slug":"fem-racons-a-p4","status":"publish","type":"post","link":"https:\/\/agora.xtec.cat\/ceip-agsantandreu\/comunitats\/petits\/fem-racons-a-p4\/","title":{"rendered":"FEM RACONS A P4"},"content":{"rendered":"<p>Els nens i nenes de P4 fem Racons una tarda a la setmana. Ens ho passem d\u2019all\u00f2 m\u00e9s b\u00e9. Ens ajudem els uns als altres i aix\u00ed \u00e9s m\u00e9s divertit. Cada setmana passem per un rac\u00f3 diferent&#8230;.els hem de provar tots!!!<\/p>\n<p><a href=\"http:\/\/agora.xtec.cat\/ceip-agsantandreu\/wp-content\/uploads\/usu37\/2017\/11\/DSCN0222.jpg\"><img loading=\"lazy\" decoding=\"async\" class=\"alignnone size-large wp-image-1007\" src=\"http:\/\/agora.xtec.cat\/ceip-agsantandreu\/wp-content\/uploads\/usu37\/2017\/11\/DSCN0222-1024x768.jpg\" alt=\"\" width=\"1024\" height=\"768\" srcset=\"https:\/\/agora.xtec.cat\/ceip-agsantandreu\/wp-content\/uploads\/usu37\/2017\/11\/DSCN0222.jpg 1024w, https:\/\/agora.xtec.cat\/ceip-agsantandreu\/wp-content\/uploads\/usu37\/2017\/11\/DSCN0222-300x225.jpg 300w, https:\/\/agora.xtec.cat\/ceip-agsantandreu\/wp-content\/uploads\/usu37\/2017\/11\/DSCN0222-768x576.jpg 768w, https:\/\/agora.xtec.cat\/ceip-agsantandreu\/wp-content\/uploads\/usu37\/2017\/11\/DSCN0222-200x150.jpg 200w\" sizes=\"auto, (max-width: 1024px) 100vw, 1024px\" \/><\/a><\/p>\n<p><a href=\"https:\/\/photos.google.com\/share\/AF1QipNLwyFVdgmxEYKDtX8b6bpSCrgZdlliTRsKr3q3oV1LtP4dr8DIY6Lstr2q2i5Rng?key=d3lUVGhYZERhRnYxUHVwS1EtMFJDdEtNX0syU2tn\">Clica per veure m\u00e9s fotos<\/a>.<\/p>\n","protected":false},"excerpt":{"rendered":"<p>Els nens i nenes de P4 fem Racons una tarda a la setmana. Ens ho passem d\u2019all\u00f2 m\u00e9s b\u00e9. Ens ajudem els uns als altres i aix\u00ed \u00e9s m\u00e9s divertit. Cada setmana passem per un rac\u00f3 diferent&#8230;.els hem de provar tots!!!<br \/>\n<a href=\"http:\/\/agora.xtec.cat\/ceip-agsantandreu\/wp-content\/uploads\/usu37\/2017\/11\/DSCN0222.jpg\"><\/a><br \/>\n<a href=\"https:\/\/photos.google.com\/share\/AF1QipNLwyFVdgmxEYKDtX8b6bpSCrgZdlliTRsKr3q3oV1LtP4dr8DIY6Lstr2q2i5Rng?key=d3lUVGhYZERhRnYxUHVwS1EtMFJDdEtNX0syU2tn\">Clica per veure&hellip;  <a href=\"https:\/\/agora.xtec.cat\/ceip-agsantandreu\/comunitats\/petits\/fem-racons-a-p4\/\" title=\"Read FEM RACONS A P4\">Llegeix m\u00e9s\u00bb<\/a><\/p>\n","protected":false},"author":3,"featured_media":0,"comment_status":"closed","ping_status":"closed","sticky":false,"template":"","format":"standard","meta":{"_bbp_topic_count":0,"_bbp_reply_count":0,"_bbp_total_topic_count":0,"_bbp_total_reply_count":0,"_bbp_voice_count":0,"_bbp_anonymous_reply_count":0,"_bbp_topic_count_hidden":0,"_bbp_reply_count_hidden":0,"_bbp_forum_subforum_count":0,"footnotes":""},"categories":[2,4],"tags":[],"class_list":["post-1006","post","type-post","status-publish","format-standard","hentry","category-petits","category-portada"],"post_mailing_queue_ids":[],"_links":{"self":[{"href":"https:\/\/agora.xtec.cat\/ceip-agsantandreu\/wp-json\/wp\/v2\/posts\/1006","targetHints":{"allow":["GET"]}}],"collection":[{"href":"https:\/\/agora.xtec.cat\/ceip-agsantandreu\/wp-json\/wp\/v2\/posts"}],"about":[{"href":"https:\/\/agora.xtec.cat\/ceip-agsantandreu\/wp-json\/wp\/v2\/types\/post"}],"author":[{"embeddable":true,"href":"https:\/\/agora.xtec.cat\/ceip-agsantandreu\/wp-json\/wp\/v2\/users\/3"}],"replies":[{"embeddable":true,"href":"https:\/\/agora.xtec.cat\/ceip-agsantandreu\/wp-json\/wp\/v2\/comments?post=1006"}],"version-history":[{"count":2,"href":"https:\/\/agora.xtec.cat\/ceip-agsantandreu\/wp-json\/wp\/v2\/posts\/1006\/revisions"}],"predecessor-version":[{"id":1009,"href":"https:\/\/agora.xtec.cat\/ceip-agsantandreu\/wp-json\/wp\/v2\/posts\/1006\/revisions\/1009"}],"wp:attachment":[{"href":"https:\/\/agora.xtec.cat\/ceip-agsantandreu\/wp-json\/wp\/v2\/media?parent=1006"}],"wp:term":[{"taxonomy":"category","embeddable":true,"href":"https:\/\/agora.xtec.cat\/ceip-agsantandreu\/wp-json\/wp\/v2\/categories?post=1006"},{"taxonomy":"post_tag","embeddable":true,"href":"https:\/\/agora.xtec.cat\/ceip-agsantandreu\/wp-json\/wp\/v2\/tags?post=1006"}],"curies":[{"name":"wp","href":"https:\/\/api.w.org\/{rel}","templated":true}]}}