{"id":4657,"date":"2019-09-18T06:18:02","date_gmt":"2019-09-18T04:18:02","guid":{"rendered":"http:\/\/agora.xtec.cat\/ceip-agnesdesitges\/?p=4657"},"modified":"2019-09-18T06:18:02","modified_gmt":"2019-09-18T04:18:02","slug":"tornem-amb-molta-energia","status":"publish","type":"post","link":"https:\/\/agora.xtec.cat\/ceip-agnesdesitges\/primaria\/ex-alumnes\/tornem-amb-molta-energia\/","title":{"rendered":"TORNEM AMB MOLTA ENERGIA!!"},"content":{"rendered":"<p style=\"text-align: justify;\">Ahir dilluns 16 de setembre ja vam tenir la nostra primera sessi\u00f3 de vela del que ser\u00e0 el nostre darrer any a l&#8217;escola. Ens ho vam passar molt b\u00e9 com sempre!!!<\/p>\n<p style=\"text-align: justify;\">A continuaci\u00f3 us deixem un tastet d&#8217;<a href=\"https:\/\/photos.app.goo.gl\/hpQe5bTUzDwJ9EhY8\" target=\"_blank\" rel=\"noopener noreferrer\">imatges<\/a> perqu\u00e8 veieu com vam gaudir.<\/p>\n","protected":false},"excerpt":{"rendered":"<p>Ahir dilluns 16 de setembre ja vam tenir la nostra primera sessi\u00f3 de vela del que ser\u00e0 el nostre darrer any a l&#8217;escola. Ens ho vam passar molt b\u00e9 com sempre!!!<br \/>\nA continuaci\u00f3 us deixem un tastet d&#8217;<a href=\"https:\/\/photos.app.goo.gl\/hpQe5bTUzDwJ9EhY8\" target=\"_blank\" rel=\"noopener noreferrer\">imatges<\/a> perqu\u00e8 veieu com vam&hellip;  <a href=\"https:\/\/agora.xtec.cat\/ceip-agnesdesitges\/primaria\/ex-alumnes\/tornem-amb-molta-energia\/\" title=\"Read TORNEM AMB MOLTA ENERGIA!!\">Llegeix m\u00e9s\u00bb<\/a><\/p>\n","protected":false},"author":11,"featured_media":4658,"comment_status":"open","ping_status":"closed","sticky":false,"template":"","format":"standard","meta":{"_bbp_topic_count":0,"_bbp_reply_count":0,"_bbp_total_topic_count":0,"_bbp_total_reply_count":0,"_bbp_voice_count":0,"_bbp_anonymous_reply_count":0,"_bbp_topic_count_hidden":0,"_bbp_reply_count_hidden":0,"_bbp_forum_subforum_count":0,"footnotes":""},"categories":[14],"tags":[],"class_list":["post-4657","post","type-post","status-publish","format-standard","has-post-thumbnail","hentry","category-ex-alumnes"],"post_mailing_queue_ids":[],"_links":{"self":[{"href":"https:\/\/agora.xtec.cat\/ceip-agnesdesitges\/wp-json\/wp\/v2\/posts\/4657","targetHints":{"allow":["GET"]}}],"collection":[{"href":"https:\/\/agora.xtec.cat\/ceip-agnesdesitges\/wp-json\/wp\/v2\/posts"}],"about":[{"href":"https:\/\/agora.xtec.cat\/ceip-agnesdesitges\/wp-json\/wp\/v2\/types\/post"}],"author":[{"embeddable":true,"href":"https:\/\/agora.xtec.cat\/ceip-agnesdesitges\/wp-json\/wp\/v2\/users\/11"}],"replies":[{"embeddable":true,"href":"https:\/\/agora.xtec.cat\/ceip-agnesdesitges\/wp-json\/wp\/v2\/comments?post=4657"}],"version-history":[{"count":3,"href":"https:\/\/agora.xtec.cat\/ceip-agnesdesitges\/wp-json\/wp\/v2\/posts\/4657\/revisions"}],"predecessor-version":[{"id":4664,"href":"https:\/\/agora.xtec.cat\/ceip-agnesdesitges\/wp-json\/wp\/v2\/posts\/4657\/revisions\/4664"}],"wp:featuredmedia":[{"embeddable":true,"href":"https:\/\/agora.xtec.cat\/ceip-agnesdesitges\/wp-json\/wp\/v2\/media\/4658"}],"wp:attachment":[{"href":"https:\/\/agora.xtec.cat\/ceip-agnesdesitges\/wp-json\/wp\/v2\/media?parent=4657"}],"wp:term":[{"taxonomy":"category","embeddable":true,"href":"https:\/\/agora.xtec.cat\/ceip-agnesdesitges\/wp-json\/wp\/v2\/categories?post=4657"},{"taxonomy":"post_tag","embeddable":true,"href":"https:\/\/agora.xtec.cat\/ceip-agnesdesitges\/wp-json\/wp\/v2\/tags?post=4657"}],"curies":[{"name":"wp","href":"https:\/\/api.w.org\/{rel}","templated":true}]}}