{"id":7413,"date":"2026-04-17T10:21:14","date_gmt":"2026-04-17T08:21:14","guid":{"rendered":"https:\/\/agora.xtec.cat\/ceip-agaudi-castelldefels\/?p=7413"},"modified":"2026-04-17T10:37:22","modified_gmt":"2026-04-17T08:37:22","slug":"la-clika-2026","status":"publish","type":"post","link":"https:\/\/agora.xtec.cat\/ceip-agaudi-castelldefels\/general\/la-clika-2026\/","title":{"rendered":"LA CLIKA 2026"},"content":{"rendered":"\n<p>El passat dimecres 15 d&#8217;abril, els alumnes de 2n van participar en <em>la Clika<\/em>, un projecte musical que promou la m\u00fasica i la cultura entre els infants, a trav\u00e9s de nou personatges que formen part d&#8217;una colla d&#8217;amics i amigues. Aquest projecte fomenta el treball de les diverses emocions que podem experimentar en el nostre dia a dia. Per tant, a m\u00e9s a m\u00e9s de gaudir de la m\u00fasica, els nens i nenes han pogut treballar diferents valors i la import\u00e0ncia d&#8217;aquests. Sens dubte, va ser una experi\u00e8ncia molt enriquidora.<\/p>\n\n\n\n<figure class=\"wp-block-image size-large is-resized\"><a href=\"https:\/\/agora.xtec.cat\/ceip-agaudi-castelldefels\/wp-content\/uploads\/usu1623\/2026\/04\/WhatsApp-Image-2026-04-16-at-12.37.59-11-1.jpeg\"><img loading=\"lazy\" decoding=\"async\" width=\"1024\" height=\"768\" src=\"https:\/\/agora.xtec.cat\/ceip-agaudi-castelldefels\/wp-content\/uploads\/usu1623\/2026\/04\/WhatsApp-Image-2026-04-16-at-12.37.59-11-1-1024x768.jpeg\" alt=\"\" class=\"wp-image-7445\" style=\"width:410px;height:auto\" srcset=\"https:\/\/agora.xtec.cat\/ceip-agaudi-castelldefels\/wp-content\/uploads\/usu1623\/2026\/04\/WhatsApp-Image-2026-04-16-at-12.37.59-11-1-1024x768.jpeg 1024w, https:\/\/agora.xtec.cat\/ceip-agaudi-castelldefels\/wp-content\/uploads\/usu1623\/2026\/04\/WhatsApp-Image-2026-04-16-at-12.37.59-11-1-300x225.jpeg 300w, https:\/\/agora.xtec.cat\/ceip-agaudi-castelldefels\/wp-content\/uploads\/usu1623\/2026\/04\/WhatsApp-Image-2026-04-16-at-12.37.59-11-1-768x576.jpeg 768w, https:\/\/agora.xtec.cat\/ceip-agaudi-castelldefels\/wp-content\/uploads\/usu1623\/2026\/04\/WhatsApp-Image-2026-04-16-at-12.37.59-11-1-1536x1152.jpeg 1536w, https:\/\/agora.xtec.cat\/ceip-agaudi-castelldefels\/wp-content\/uploads\/usu1623\/2026\/04\/WhatsApp-Image-2026-04-16-at-12.37.59-11-1.jpeg 1600w\" sizes=\"auto, (max-width: 1024px) 100vw, 1024px\" \/><\/a><\/figure>\n\n\n\n<figure class=\"wp-block-image size-large is-resized\"><a href=\"https:\/\/agora.xtec.cat\/ceip-agaudi-castelldefels\/wp-content\/uploads\/usu1623\/2026\/04\/WhatsApp-Image-2026-04-16-at-12.37.59-7-1.jpeg\"><img loading=\"lazy\" decoding=\"async\" width=\"1024\" height=\"768\" src=\"https:\/\/agora.xtec.cat\/ceip-agaudi-castelldefels\/wp-content\/uploads\/usu1623\/2026\/04\/WhatsApp-Image-2026-04-16-at-12.37.59-7-1-1024x768.jpeg\" alt=\"\" class=\"wp-image-7441\" style=\"width:413px;height:auto\" srcset=\"https:\/\/agora.xtec.cat\/ceip-agaudi-castelldefels\/wp-content\/uploads\/usu1623\/2026\/04\/WhatsApp-Image-2026-04-16-at-12.37.59-7-1-1024x768.jpeg 1024w, https:\/\/agora.xtec.cat\/ceip-agaudi-castelldefels\/wp-content\/uploads\/usu1623\/2026\/04\/WhatsApp-Image-2026-04-16-at-12.37.59-7-1-300x225.jpeg 300w, https:\/\/agora.xtec.cat\/ceip-agaudi-castelldefels\/wp-content\/uploads\/usu1623\/2026\/04\/WhatsApp-Image-2026-04-16-at-12.37.59-7-1-768x576.jpeg 768w, https:\/\/agora.xtec.cat\/ceip-agaudi-castelldefels\/wp-content\/uploads\/usu1623\/2026\/04\/WhatsApp-Image-2026-04-16-at-12.37.59-7-1-1536x1152.jpeg 1536w, https:\/\/agora.xtec.cat\/ceip-agaudi-castelldefels\/wp-content\/uploads\/usu1623\/2026\/04\/WhatsApp-Image-2026-04-16-at-12.37.59-7-1.jpeg 1600w\" sizes=\"auto, (max-width: 1024px) 100vw, 1024px\" \/><\/a><\/figure>\n\n\n\n<figure class=\"wp-block-image size-large is-resized\"><a href=\"https:\/\/agora.xtec.cat\/ceip-agaudi-castelldefels\/wp-content\/uploads\/usu1623\/2026\/04\/WhatsApp-Image-2026-04-16-at-12.37.59-3-1.jpeg\"><img loading=\"lazy\" decoding=\"async\" width=\"768\" height=\"1024\" src=\"https:\/\/agora.xtec.cat\/ceip-agaudi-castelldefels\/wp-content\/uploads\/usu1623\/2026\/04\/WhatsApp-Image-2026-04-16-at-12.37.59-3-1-768x1024.jpeg\" alt=\"\" class=\"wp-image-7437\" style=\"width:247px;height:auto\" srcset=\"https:\/\/agora.xtec.cat\/ceip-agaudi-castelldefels\/wp-content\/uploads\/usu1623\/2026\/04\/WhatsApp-Image-2026-04-16-at-12.37.59-3-1-768x1024.jpeg 768w, https:\/\/agora.xtec.cat\/ceip-agaudi-castelldefels\/wp-content\/uploads\/usu1623\/2026\/04\/WhatsApp-Image-2026-04-16-at-12.37.59-3-1-225x300.jpeg 225w, https:\/\/agora.xtec.cat\/ceip-agaudi-castelldefels\/wp-content\/uploads\/usu1623\/2026\/04\/WhatsApp-Image-2026-04-16-at-12.37.59-3-1-1152x1536.jpeg 1152w, https:\/\/agora.xtec.cat\/ceip-agaudi-castelldefels\/wp-content\/uploads\/usu1623\/2026\/04\/WhatsApp-Image-2026-04-16-at-12.37.59-3-1.jpeg 1200w\" sizes=\"auto, (max-width: 768px) 100vw, 768px\" \/><\/a><\/figure>\n\n\n\n<figure class=\"wp-block-image size-large is-resized\"><a href=\"https:\/\/agora.xtec.cat\/ceip-agaudi-castelldefels\/wp-content\/uploads\/usu1623\/2026\/04\/WhatsApp-Image-2026-04-16-at-12.37.59-4-1.jpeg\"><img loading=\"lazy\" decoding=\"async\" width=\"1024\" height=\"768\" src=\"https:\/\/agora.xtec.cat\/ceip-agaudi-castelldefels\/wp-content\/uploads\/usu1623\/2026\/04\/WhatsApp-Image-2026-04-16-at-12.37.59-4-1-1024x768.jpeg\" alt=\"\" class=\"wp-image-7438\" style=\"width:352px;height:auto\" srcset=\"https:\/\/agora.xtec.cat\/ceip-agaudi-castelldefels\/wp-content\/uploads\/usu1623\/2026\/04\/WhatsApp-Image-2026-04-16-at-12.37.59-4-1-1024x768.jpeg 1024w, https:\/\/agora.xtec.cat\/ceip-agaudi-castelldefels\/wp-content\/uploads\/usu1623\/2026\/04\/WhatsApp-Image-2026-04-16-at-12.37.59-4-1-300x225.jpeg 300w, https:\/\/agora.xtec.cat\/ceip-agaudi-castelldefels\/wp-content\/uploads\/usu1623\/2026\/04\/WhatsApp-Image-2026-04-16-at-12.37.59-4-1-768x576.jpeg 768w, https:\/\/agora.xtec.cat\/ceip-agaudi-castelldefels\/wp-content\/uploads\/usu1623\/2026\/04\/WhatsApp-Image-2026-04-16-at-12.37.59-4-1-1536x1152.jpeg 1536w, https:\/\/agora.xtec.cat\/ceip-agaudi-castelldefels\/wp-content\/uploads\/usu1623\/2026\/04\/WhatsApp-Image-2026-04-16-at-12.37.59-4-1.jpeg 1600w\" sizes=\"auto, (max-width: 1024px) 100vw, 1024px\" \/><\/a><\/figure>\n\n\n\n<figure class=\"wp-block-image size-large is-resized\"><a href=\"https:\/\/agora.xtec.cat\/ceip-agaudi-castelldefels\/wp-content\/uploads\/usu1623\/2026\/04\/WhatsApp-Image-2026-04-17-at-10.17.31-1.jpeg\"><img loading=\"lazy\" decoding=\"async\" width=\"1024\" height=\"768\" src=\"https:\/\/agora.xtec.cat\/ceip-agaudi-castelldefels\/wp-content\/uploads\/usu1623\/2026\/04\/WhatsApp-Image-2026-04-17-at-10.17.31-1-1024x768.jpeg\" alt=\"\" class=\"wp-image-7456\" style=\"width:396px;height:auto\" srcset=\"https:\/\/agora.xtec.cat\/ceip-agaudi-castelldefels\/wp-content\/uploads\/usu1623\/2026\/04\/WhatsApp-Image-2026-04-17-at-10.17.31-1-1024x768.jpeg 1024w, https:\/\/agora.xtec.cat\/ceip-agaudi-castelldefels\/wp-content\/uploads\/usu1623\/2026\/04\/WhatsApp-Image-2026-04-17-at-10.17.31-1-300x225.jpeg 300w, https:\/\/agora.xtec.cat\/ceip-agaudi-castelldefels\/wp-content\/uploads\/usu1623\/2026\/04\/WhatsApp-Image-2026-04-17-at-10.17.31-1-768x576.jpeg 768w, https:\/\/agora.xtec.cat\/ceip-agaudi-castelldefels\/wp-content\/uploads\/usu1623\/2026\/04\/WhatsApp-Image-2026-04-17-at-10.17.31-1-1536x1152.jpeg 1536w, https:\/\/agora.xtec.cat\/ceip-agaudi-castelldefels\/wp-content\/uploads\/usu1623\/2026\/04\/WhatsApp-Image-2026-04-17-at-10.17.31-1.jpeg 1600w\" sizes=\"auto, (max-width: 1024px) 100vw, 1024px\" \/><\/a><\/figure>\n\n\n\n<figure class=\"wp-block-image size-large is-resized\"><a href=\"https:\/\/agora.xtec.cat\/ceip-agaudi-castelldefels\/wp-content\/uploads\/usu1623\/2026\/04\/WhatsApp-Image-2026-04-16-at-12.37.59-16.jpeg\"><img loading=\"lazy\" decoding=\"async\" width=\"768\" height=\"1024\" src=\"https:\/\/agora.xtec.cat\/ceip-agaudi-castelldefels\/wp-content\/uploads\/usu1623\/2026\/04\/WhatsApp-Image-2026-04-16-at-12.37.59-16-768x1024.jpeg\" alt=\"\" class=\"wp-image-7457\" style=\"width:274px;height:auto\" srcset=\"https:\/\/agora.xtec.cat\/ceip-agaudi-castelldefels\/wp-content\/uploads\/usu1623\/2026\/04\/WhatsApp-Image-2026-04-16-at-12.37.59-16-768x1024.jpeg 768w, https:\/\/agora.xtec.cat\/ceip-agaudi-castelldefels\/wp-content\/uploads\/usu1623\/2026\/04\/WhatsApp-Image-2026-04-16-at-12.37.59-16-225x300.jpeg 225w, https:\/\/agora.xtec.cat\/ceip-agaudi-castelldefels\/wp-content\/uploads\/usu1623\/2026\/04\/WhatsApp-Image-2026-04-16-at-12.37.59-16-1152x1536.jpeg 1152w, https:\/\/agora.xtec.cat\/ceip-agaudi-castelldefels\/wp-content\/uploads\/usu1623\/2026\/04\/WhatsApp-Image-2026-04-16-at-12.37.59-16.jpeg 1200w\" sizes=\"auto, (max-width: 768px) 100vw, 768px\" \/><\/a><\/figure>\n","protected":false},"excerpt":{"rendered":"<p>El passat dimecres 15 d&#8217;abril, els alumnes de 2n van participar en la Clika, un projecte musical que promou la [&hellip;]<\/p>\n","protected":false},"author":75,"featured_media":7420,"comment_status":"open","ping_status":"open","sticky":false,"template":"","format":"standard","meta":{"_bbp_topic_count":0,"_bbp_reply_count":0,"_bbp_total_topic_count":0,"_bbp_total_reply_count":0,"_bbp_voice_count":0,"_bbp_anonymous_reply_count":0,"_bbp_topic_count_hidden":0,"_bbp_reply_count_hidden":0,"_bbp_forum_subforum_count":0,"site-sidebar-layout":"default","site-content-layout":"","ast-site-content-layout":"default","site-content-style":"default","site-sidebar-style":"default","ast-global-header-display":"","ast-banner-title-visibility":"","ast-main-header-display":"","ast-hfb-above-header-display":"","ast-hfb-below-header-display":"","ast-hfb-mobile-header-display":"","site-post-title":"","ast-breadcrumbs-content":"","ast-featured-img":"","footer-sml-layout":"","theme-transparent-header-meta":"","adv-header-id-meta":"","stick-header-meta":"","header-above-stick-meta":"","header-main-stick-meta":"","header-below-stick-meta":"","astra-migrate-meta-layouts":"set","ast-page-background-enabled":"default","ast-page-background-meta":{"desktop":{"background-color":"var(--ast-global-color-4)","background-image":"","background-repeat":"repeat","background-position":"center center","background-size":"auto","background-attachment":"scroll","background-type":"","background-media":"","overlay-type":"","overlay-color":"","overlay-opacity":"","overlay-gradient":""},"tablet":{"background-color":"","background-image":"","background-repeat":"repeat","background-position":"center center","background-size":"auto","background-attachment":"scroll","background-type":"","background-media":"","overlay-type":"","overlay-color":"","overlay-opacity":"","overlay-gradient":""},"mobile":{"background-color":"","background-image":"","background-repeat":"repeat","background-position":"center center","background-size":"auto","background-attachment":"scroll","background-type":"","background-media":"","overlay-type":"","overlay-color":"","overlay-opacity":"","overlay-gradient":""}},"ast-content-background-meta":{"desktop":{"background-color":"var(--ast-global-color-5)","background-image":"","background-repeat":"repeat","background-position":"center center","background-size":"auto","background-attachment":"scroll","background-type":"","background-media":"","overlay-type":"","overlay-color":"","overlay-opacity":"","overlay-gradient":""},"tablet":{"background-color":"var(--ast-global-color-5)","background-image":"","background-repeat":"repeat","background-position":"center center","background-size":"auto","background-attachment":"scroll","background-type":"","background-media":"","overlay-type":"","overlay-color":"","overlay-opacity":"","overlay-gradient":""},"mobile":{"background-color":"var(--ast-global-color-5)","background-image":"","background-repeat":"repeat","background-position":"center center","background-size":"auto","background-attachment":"scroll","background-type":"","background-media":"","overlay-type":"","overlay-color":"","overlay-opacity":"","overlay-gradient":""}},"footnotes":""},"categories":[11,1,5],"tags":[204,127,103],"class_list":["post-7413","post","type-post","status-publish","format-standard","has-post-thumbnail","hentry","category-2n","category-general","category-primaria","tag-musica-2","tag-primaria","tag-projectes"],"post_mailing_queue_ids":[],"_links":{"self":[{"href":"https:\/\/agora.xtec.cat\/ceip-agaudi-castelldefels\/wp-json\/wp\/v2\/posts\/7413","targetHints":{"allow":["GET"]}}],"collection":[{"href":"https:\/\/agora.xtec.cat\/ceip-agaudi-castelldefels\/wp-json\/wp\/v2\/posts"}],"about":[{"href":"https:\/\/agora.xtec.cat\/ceip-agaudi-castelldefels\/wp-json\/wp\/v2\/types\/post"}],"author":[{"embeddable":true,"href":"https:\/\/agora.xtec.cat\/ceip-agaudi-castelldefels\/wp-json\/wp\/v2\/users\/75"}],"replies":[{"embeddable":true,"href":"https:\/\/agora.xtec.cat\/ceip-agaudi-castelldefels\/wp-json\/wp\/v2\/comments?post=7413"}],"version-history":[{"count":3,"href":"https:\/\/agora.xtec.cat\/ceip-agaudi-castelldefels\/wp-json\/wp\/v2\/posts\/7413\/revisions"}],"predecessor-version":[{"id":7459,"href":"https:\/\/agora.xtec.cat\/ceip-agaudi-castelldefels\/wp-json\/wp\/v2\/posts\/7413\/revisions\/7459"}],"wp:featuredmedia":[{"embeddable":true,"href":"https:\/\/agora.xtec.cat\/ceip-agaudi-castelldefels\/wp-json\/wp\/v2\/media\/7420"}],"wp:attachment":[{"href":"https:\/\/agora.xtec.cat\/ceip-agaudi-castelldefels\/wp-json\/wp\/v2\/media?parent=7413"}],"wp:term":[{"taxonomy":"category","embeddable":true,"href":"https:\/\/agora.xtec.cat\/ceip-agaudi-castelldefels\/wp-json\/wp\/v2\/categories?post=7413"},{"taxonomy":"post_tag","embeddable":true,"href":"https:\/\/agora.xtec.cat\/ceip-agaudi-castelldefels\/wp-json\/wp\/v2\/tags?post=7413"}],"curies":[{"name":"wp","href":"https:\/\/api.w.org\/{rel}","templated":true}]}}