{"id":7251,"date":"2026-03-26T09:24:49","date_gmt":"2026-03-26T08:24:49","guid":{"rendered":"https:\/\/agora.xtec.cat\/ceip-agaudi-castelldefels\/?p=7251"},"modified":"2026-03-26T09:24:50","modified_gmt":"2026-03-26T08:24:50","slug":"padrins-i-padrines-lectores","status":"publish","type":"post","link":"https:\/\/agora.xtec.cat\/ceip-agaudi-castelldefels\/general\/padrins-i-padrines-lectores\/","title":{"rendered":"PADRINS I PADRINES LECTORES"},"content":{"rendered":"\n<p>Aquest curs, els nens i nenes de cinqu\u00e8 s\u2019han convertit en padrins i padrines lectores dels infants d\u2019I5. Junts compartim estones molt boniques plenes d&#8217;aprenentatge: els grans acompanyen i ajuden als m\u00e9s petits i, d\u2019aquesta manera, descobreixen el plaer de llegir.&nbsp;<\/p>\n\n\n\n<p>S\u00f3n moments molt especials en qu\u00e8 no nom\u00e9s practiquem la lectura, sin\u00f3 que tamb\u00e9 constru\u00efm vincles, confian\u00e7a i estima pels llibres. Estem gaudint molt d\u2019aquesta experi\u00e8ncia tan enriquidora!<\/p>\n\n\n\n<div class=\"wp-block-getwid-images-slider has-arrows-inside has-dots-inside has-images-center has-cropped-images\"><div class=\"wp-block-getwid-images-slider__wrapper\" data-effect=\"slide\" data-slides-show=\"1\" data-slides-show-laptop=\"1\" data-slides-show-tablet=\"1\" data-slides-show-mobile=\"1\" data-slides-scroll=\"1\" data-autoplay=\"false\" data-pause-hover=\"false\" data-autoplay-speed=\"6000\" data-infinite=\"true\" data-animation-speed=\"800\" data-center-mode=\"false\" data-variable-width=\"false\" data-arrows=\"inside\" data-dots=\"inside\" data-spacing=\"none\"><div class=\"wp-block-getwid-images-slider__item\"><figure><img loading=\"lazy\" decoding=\"async\" width=\"1200\" height=\"1600\" src=\"https:\/\/agora.xtec.cat\/ceip-agaudi-castelldefels\/wp-content\/uploads\/usu1623\/2026\/03\/1774433543230-3.jpg\" data-id=\"7311\" data-link=\"https:\/\/agora.xtec.cat\/ceip-agaudi-castelldefels\/1774433543230-4\/\" data-original-link=\"https:\/\/agora.xtec.cat\/ceip-agaudi-castelldefels\/wp-content\/uploads\/usu1623\/2026\/03\/1774433543230-3.jpg\" class=\"wp-block-getwid-images-slider__image wp-image-7311\" srcset=\"https:\/\/agora.xtec.cat\/ceip-agaudi-castelldefels\/wp-content\/uploads\/usu1623\/2026\/03\/1774433543230-3.jpg 1200w, https:\/\/agora.xtec.cat\/ceip-agaudi-castelldefels\/wp-content\/uploads\/usu1623\/2026\/03\/1774433543230-3-225x300.jpg 225w, https:\/\/agora.xtec.cat\/ceip-agaudi-castelldefels\/wp-content\/uploads\/usu1623\/2026\/03\/1774433543230-3-768x1024.jpg 768w, https:\/\/agora.xtec.cat\/ceip-agaudi-castelldefels\/wp-content\/uploads\/usu1623\/2026\/03\/1774433543230-3-1152x1536.jpg 1152w\" sizes=\"auto, (max-width: 1200px) 100vw, 1200px\" \/><\/figure><\/div><div class=\"wp-block-getwid-images-slider__item\"><figure><img loading=\"lazy\" decoding=\"async\" width=\"1440\" height=\"2560\" src=\"https:\/\/agora.xtec.cat\/ceip-agaudi-castelldefels\/wp-content\/uploads\/usu1623\/2026\/03\/1773232835243-2-scaled.jpg\" data-id=\"7315\" data-link=\"https:\/\/agora.xtec.cat\/ceip-agaudi-castelldefels\/1773232835243-3\/\" data-original-link=\"https:\/\/agora.xtec.cat\/ceip-agaudi-castelldefels\/wp-content\/uploads\/usu1623\/2026\/03\/1773232835243-2-scaled.jpg\" class=\"wp-block-getwid-images-slider__image wp-image-7315\" srcset=\"https:\/\/agora.xtec.cat\/ceip-agaudi-castelldefels\/wp-content\/uploads\/usu1623\/2026\/03\/1773232835243-2-scaled.jpg 1440w, https:\/\/agora.xtec.cat\/ceip-agaudi-castelldefels\/wp-content\/uploads\/usu1623\/2026\/03\/1773232835243-2-169x300.jpg 169w, https:\/\/agora.xtec.cat\/ceip-agaudi-castelldefels\/wp-content\/uploads\/usu1623\/2026\/03\/1773232835243-2-576x1024.jpg 576w, https:\/\/agora.xtec.cat\/ceip-agaudi-castelldefels\/wp-content\/uploads\/usu1623\/2026\/03\/1773232835243-2-768x1365.jpg 768w, https:\/\/agora.xtec.cat\/ceip-agaudi-castelldefels\/wp-content\/uploads\/usu1623\/2026\/03\/1773232835243-2-864x1536.jpg 864w, https:\/\/agora.xtec.cat\/ceip-agaudi-castelldefels\/wp-content\/uploads\/usu1623\/2026\/03\/1773232835243-2-1152x2048.jpg 1152w\" sizes=\"auto, (max-width: 1440px) 100vw, 1440px\" \/><\/figure><\/div><\/div><\/div>\n","protected":false},"excerpt":{"rendered":"<p>Aquest curs, els nens i nenes de cinqu\u00e8 s\u2019han convertit en padrins i padrines lectores dels infants d\u2019I5. Junts compartim [&hellip;]<\/p>\n","protected":false},"author":45,"featured_media":0,"comment_status":"open","ping_status":"open","sticky":false,"template":"","format":"standard","meta":{"_bbp_topic_count":0,"_bbp_reply_count":0,"_bbp_total_topic_count":0,"_bbp_total_reply_count":0,"_bbp_voice_count":0,"_bbp_anonymous_reply_count":0,"_bbp_topic_count_hidden":0,"_bbp_reply_count_hidden":0,"_bbp_forum_subforum_count":0,"site-sidebar-layout":"default","site-content-layout":"","ast-site-content-layout":"default","site-content-style":"default","site-sidebar-style":"default","ast-global-header-display":"","ast-banner-title-visibility":"","ast-main-header-display":"","ast-hfb-above-header-display":"","ast-hfb-below-header-display":"","ast-hfb-mobile-header-display":"","site-post-title":"","ast-breadcrumbs-content":"","ast-featured-img":"","footer-sml-layout":"","theme-transparent-header-meta":"","adv-header-id-meta":"","stick-header-meta":"","header-above-stick-meta":"","header-main-stick-meta":"","header-below-stick-meta":"","astra-migrate-meta-layouts":"set","ast-page-background-enabled":"default","ast-page-background-meta":{"desktop":{"background-color":"var(--ast-global-color-4)","background-image":"","background-repeat":"repeat","background-position":"center center","background-size":"auto","background-attachment":"scroll","background-type":"","background-media":"","overlay-type":"","overlay-color":"","overlay-opacity":"","overlay-gradient":""},"tablet":{"background-color":"","background-image":"","background-repeat":"repeat","background-position":"center center","background-size":"auto","background-attachment":"scroll","background-type":"","background-media":"","overlay-type":"","overlay-color":"","overlay-opacity":"","overlay-gradient":""},"mobile":{"background-color":"","background-image":"","background-repeat":"repeat","background-position":"center center","background-size":"auto","background-attachment":"scroll","background-type":"","background-media":"","overlay-type":"","overlay-color":"","overlay-opacity":"","overlay-gradient":""}},"ast-content-background-meta":{"desktop":{"background-color":"var(--ast-global-color-5)","background-image":"","background-repeat":"repeat","background-position":"center center","background-size":"auto","background-attachment":"scroll","background-type":"","background-media":"","overlay-type":"","overlay-color":"","overlay-opacity":"","overlay-gradient":""},"tablet":{"background-color":"var(--ast-global-color-5)","background-image":"","background-repeat":"repeat","background-position":"center center","background-size":"auto","background-attachment":"scroll","background-type":"","background-media":"","overlay-type":"","overlay-color":"","overlay-opacity":"","overlay-gradient":""},"mobile":{"background-color":"var(--ast-global-color-5)","background-image":"","background-repeat":"repeat","background-position":"center center","background-size":"auto","background-attachment":"scroll","background-type":"","background-media":"","overlay-type":"","overlay-color":"","overlay-opacity":"","overlay-gradient":""}},"footnotes":""},"categories":[1,9,4],"tags":[],"class_list":["post-7251","post","type-post","status-publish","format-standard","hentry","category-general","category-i5","category-portada"],"post_mailing_queue_ids":[],"_links":{"self":[{"href":"https:\/\/agora.xtec.cat\/ceip-agaudi-castelldefels\/wp-json\/wp\/v2\/posts\/7251","targetHints":{"allow":["GET"]}}],"collection":[{"href":"https:\/\/agora.xtec.cat\/ceip-agaudi-castelldefels\/wp-json\/wp\/v2\/posts"}],"about":[{"href":"https:\/\/agora.xtec.cat\/ceip-agaudi-castelldefels\/wp-json\/wp\/v2\/types\/post"}],"author":[{"embeddable":true,"href":"https:\/\/agora.xtec.cat\/ceip-agaudi-castelldefels\/wp-json\/wp\/v2\/users\/45"}],"replies":[{"embeddable":true,"href":"https:\/\/agora.xtec.cat\/ceip-agaudi-castelldefels\/wp-json\/wp\/v2\/comments?post=7251"}],"version-history":[{"count":2,"href":"https:\/\/agora.xtec.cat\/ceip-agaudi-castelldefels\/wp-json\/wp\/v2\/posts\/7251\/revisions"}],"predecessor-version":[{"id":7316,"href":"https:\/\/agora.xtec.cat\/ceip-agaudi-castelldefels\/wp-json\/wp\/v2\/posts\/7251\/revisions\/7316"}],"wp:attachment":[{"href":"https:\/\/agora.xtec.cat\/ceip-agaudi-castelldefels\/wp-json\/wp\/v2\/media?parent=7251"}],"wp:term":[{"taxonomy":"category","embeddable":true,"href":"https:\/\/agora.xtec.cat\/ceip-agaudi-castelldefels\/wp-json\/wp\/v2\/categories?post=7251"},{"taxonomy":"post_tag","embeddable":true,"href":"https:\/\/agora.xtec.cat\/ceip-agaudi-castelldefels\/wp-json\/wp\/v2\/tags?post=7251"}],"curies":[{"name":"wp","href":"https:\/\/api.w.org\/{rel}","templated":true}]}}