{"id":960,"date":"2022-12-20T15:48:06","date_gmt":"2022-12-20T14:48:06","guid":{"rendered":"https:\/\/agora.xtec.cat\/ceip-abatoliba-cornella\/?p=960"},"modified":"2023-03-10T10:30:34","modified_gmt":"2023-03-10T09:30:34","slug":"nadales-a-ledelweiss","status":"publish","type":"post","link":"https:\/\/agora.xtec.cat\/ceip-abatoliba-cornella\/general\/nadales-a-ledelweiss\/","title":{"rendered":"Nadales a l&#8217;Edelweiss"},"content":{"rendered":"<p>Avui els alumnes de 6\u00e8 i 2n hem anat a portar l&#8217;esperit nadalenc als infants de l&#8217;escola bressol Edelweiss. Els hi hem cantat nadales i ells tamb\u00e9 ens han cantat una. Quin mat\u00ed m\u00e9s memorable!!<\/p>\n<p><a href=\"https:\/\/agora.xtec.cat\/ceip-abatoliba-cornella\/wp-content\/uploads\/usu2331\/2022\/12\/d59e8a5e-01e8-4b4a-964f-68f236f61aed.jpg\"><img loading=\"lazy\" decoding=\"async\" class=\"alignnone wp-image-961 size-medium\" src=\"https:\/\/agora.xtec.cat\/ceip-abatoliba-cornella\/wp-content\/uploads\/usu2331\/2022\/12\/d59e8a5e-01e8-4b4a-964f-68f236f61aed-300x225.jpg\" alt=\"\" width=\"300\" height=\"225\" srcset=\"https:\/\/agora.xtec.cat\/ceip-abatoliba-cornella\/wp-content\/uploads\/usu2331\/2022\/12\/d59e8a5e-01e8-4b4a-964f-68f236f61aed-300x225.jpg 300w, https:\/\/agora.xtec.cat\/ceip-abatoliba-cornella\/wp-content\/uploads\/usu2331\/2022\/12\/d59e8a5e-01e8-4b4a-964f-68f236f61aed-1024x768.jpg 1024w, https:\/\/agora.xtec.cat\/ceip-abatoliba-cornella\/wp-content\/uploads\/usu2331\/2022\/12\/d59e8a5e-01e8-4b4a-964f-68f236f61aed-768x576.jpg 768w, https:\/\/agora.xtec.cat\/ceip-abatoliba-cornella\/wp-content\/uploads\/usu2331\/2022\/12\/d59e8a5e-01e8-4b4a-964f-68f236f61aed-1536x1152.jpg 1536w, https:\/\/agora.xtec.cat\/ceip-abatoliba-cornella\/wp-content\/uploads\/usu2331\/2022\/12\/d59e8a5e-01e8-4b4a-964f-68f236f61aed-200x150.jpg 200w, https:\/\/agora.xtec.cat\/ceip-abatoliba-cornella\/wp-content\/uploads\/usu2331\/2022\/12\/d59e8a5e-01e8-4b4a-964f-68f236f61aed.jpg 2000w\" sizes=\"auto, (max-width: 300px) 100vw, 300px\" \/><\/a> <a href=\"https:\/\/agora.xtec.cat\/ceip-abatoliba-cornella\/wp-content\/uploads\/usu2331\/2022\/12\/7bcfde7b-fb48-492b-9deb-4c8da95e8d39.jpg\"><img loading=\"lazy\" decoding=\"async\" class=\"alignnone wp-image-962 size-medium\" src=\"https:\/\/agora.xtec.cat\/ceip-abatoliba-cornella\/wp-content\/uploads\/usu2331\/2022\/12\/7bcfde7b-fb48-492b-9deb-4c8da95e8d39-300x225.jpg\" alt=\"\" width=\"300\" height=\"225\" srcset=\"https:\/\/agora.xtec.cat\/ceip-abatoliba-cornella\/wp-content\/uploads\/usu2331\/2022\/12\/7bcfde7b-fb48-492b-9deb-4c8da95e8d39-300x225.jpg 300w, https:\/\/agora.xtec.cat\/ceip-abatoliba-cornella\/wp-content\/uploads\/usu2331\/2022\/12\/7bcfde7b-fb48-492b-9deb-4c8da95e8d39-1024x768.jpg 1024w, https:\/\/agora.xtec.cat\/ceip-abatoliba-cornella\/wp-content\/uploads\/usu2331\/2022\/12\/7bcfde7b-fb48-492b-9deb-4c8da95e8d39-768x576.jpg 768w, https:\/\/agora.xtec.cat\/ceip-abatoliba-cornella\/wp-content\/uploads\/usu2331\/2022\/12\/7bcfde7b-fb48-492b-9deb-4c8da95e8d39-1536x1152.jpg 1536w, https:\/\/agora.xtec.cat\/ceip-abatoliba-cornella\/wp-content\/uploads\/usu2331\/2022\/12\/7bcfde7b-fb48-492b-9deb-4c8da95e8d39-200x150.jpg 200w, https:\/\/agora.xtec.cat\/ceip-abatoliba-cornella\/wp-content\/uploads\/usu2331\/2022\/12\/7bcfde7b-fb48-492b-9deb-4c8da95e8d39.jpg 2000w\" sizes=\"auto, (max-width: 300px) 100vw, 300px\" \/><\/a><\/p>\n<p>Per veure m\u00e9s fotos, <a href=\"https:\/\/drive.google.com\/drive\/folders\/1bI-ptEZgGABa0BUcW-5_WtkCvnt_eutd?usp=sharing\">feu clic aqu\u00ed<\/a><\/p>\n","protected":false},"excerpt":{"rendered":"<p>Avui els alumnes de 6\u00e8 i 2n hem anat a portar l&#8217;esperit nadalenc als infants de l&#8217;escola bressol Edelweiss. Els hi hem cantat nadales i ells tamb\u00e9 ens han cantat una. Quin mat\u00ed m\u00e9s memorable!! Per veure m\u00e9s fotos, feu clic aqu\u00ed<\/p>\n","protected":false},"author":6,"featured_media":962,"comment_status":"open","ping_status":"closed","sticky":false,"template":"","format":"standard","meta":{"_bbp_topic_count":0,"_bbp_reply_count":0,"_bbp_total_topic_count":0,"_bbp_total_reply_count":0,"_bbp_voice_count":0,"_bbp_anonymous_reply_count":0,"_bbp_topic_count_hidden":0,"_bbp_reply_count_hidden":0,"_bbp_forum_subforum_count":0,"site-sidebar-layout":"default","site-content-layout":"","ast-site-content-layout":"","site-content-style":"default","site-sidebar-style":"default","ast-global-header-display":"","ast-banner-title-visibility":"","ast-main-header-display":"","ast-hfb-above-header-display":"","ast-hfb-below-header-display":"","ast-hfb-mobile-header-display":"","site-post-title":"","ast-breadcrumbs-content":"","ast-featured-img":"","footer-sml-layout":"","theme-transparent-header-meta":"","adv-header-id-meta":"","stick-header-meta":"","header-above-stick-meta":"","header-main-stick-meta":"","header-below-stick-meta":"","astra-migrate-meta-layouts":"default","ast-page-background-enabled":"default","ast-page-background-meta":{"desktop":{"background-color":"var(--ast-global-color-4)","background-image":"","background-repeat":"repeat","background-position":"center center","background-size":"auto","background-attachment":"scroll","background-type":"","background-media":"","overlay-type":"","overlay-color":"","overlay-opacity":"","overlay-gradient":""},"tablet":{"background-color":"","background-image":"","background-repeat":"repeat","background-position":"center center","background-size":"auto","background-attachment":"scroll","background-type":"","background-media":"","overlay-type":"","overlay-color":"","overlay-opacity":"","overlay-gradient":""},"mobile":{"background-color":"","background-image":"","background-repeat":"repeat","background-position":"center center","background-size":"auto","background-attachment":"scroll","background-type":"","background-media":"","overlay-type":"","overlay-color":"","overlay-opacity":"","overlay-gradient":""}},"ast-content-background-meta":{"desktop":{"background-color":"var(--ast-global-color-5)","background-image":"","background-repeat":"repeat","background-position":"center center","background-size":"auto","background-attachment":"scroll","background-type":"","background-media":"","overlay-type":"","overlay-color":"","overlay-opacity":"","overlay-gradient":""},"tablet":{"background-color":"var(--ast-global-color-5)","background-image":"","background-repeat":"repeat","background-position":"center center","background-size":"auto","background-attachment":"scroll","background-type":"","background-media":"","overlay-type":"","overlay-color":"","overlay-opacity":"","overlay-gradient":""},"mobile":{"background-color":"var(--ast-global-color-5)","background-image":"","background-repeat":"repeat","background-position":"center center","background-size":"auto","background-attachment":"scroll","background-type":"","background-media":"","overlay-type":"","overlay-color":"","overlay-opacity":"","overlay-gradient":""}},"footnotes":""},"categories":[75,79,1,98],"tags":[],"class_list":["post-960","post","type-post","status-publish","format-standard","has-post-thumbnail","hentry","category-2n","category-6e","category-general","category-musica"],"post_mailing_queue_ids":[],"_links":{"self":[{"href":"https:\/\/agora.xtec.cat\/ceip-abatoliba-cornella\/wp-json\/wp\/v2\/posts\/960","targetHints":{"allow":["GET"]}}],"collection":[{"href":"https:\/\/agora.xtec.cat\/ceip-abatoliba-cornella\/wp-json\/wp\/v2\/posts"}],"about":[{"href":"https:\/\/agora.xtec.cat\/ceip-abatoliba-cornella\/wp-json\/wp\/v2\/types\/post"}],"author":[{"embeddable":true,"href":"https:\/\/agora.xtec.cat\/ceip-abatoliba-cornella\/wp-json\/wp\/v2\/users\/6"}],"replies":[{"embeddable":true,"href":"https:\/\/agora.xtec.cat\/ceip-abatoliba-cornella\/wp-json\/wp\/v2\/comments?post=960"}],"version-history":[{"count":3,"href":"https:\/\/agora.xtec.cat\/ceip-abatoliba-cornella\/wp-json\/wp\/v2\/posts\/960\/revisions"}],"predecessor-version":[{"id":972,"href":"https:\/\/agora.xtec.cat\/ceip-abatoliba-cornella\/wp-json\/wp\/v2\/posts\/960\/revisions\/972"}],"wp:featuredmedia":[{"embeddable":true,"href":"https:\/\/agora.xtec.cat\/ceip-abatoliba-cornella\/wp-json\/wp\/v2\/media\/962"}],"wp:attachment":[{"href":"https:\/\/agora.xtec.cat\/ceip-abatoliba-cornella\/wp-json\/wp\/v2\/media?parent=960"}],"wp:term":[{"taxonomy":"category","embeddable":true,"href":"https:\/\/agora.xtec.cat\/ceip-abatoliba-cornella\/wp-json\/wp\/v2\/categories?post=960"},{"taxonomy":"post_tag","embeddable":true,"href":"https:\/\/agora.xtec.cat\/ceip-abatoliba-cornella\/wp-json\/wp\/v2\/tags?post=960"}],"curies":[{"name":"wp","href":"https:\/\/api.w.org\/{rel}","templated":true}]}}