{"id":3229,"date":"2026-02-03T13:23:11","date_gmt":"2026-02-03T12:23:11","guid":{"rendered":"https:\/\/agora.xtec.cat\/ceip-abatoliba-cornella\/?p=3229"},"modified":"2026-02-03T13:23:12","modified_gmt":"2026-02-03T12:23:12","slug":"jornada-de-sensibilitzacio-i-esport-adaptat-a-5e","status":"publish","type":"post","link":"https:\/\/agora.xtec.cat\/ceip-abatoliba-cornella\/general\/jornada-de-sensibilitzacio-i-esport-adaptat-a-5e\/","title":{"rendered":"Jornada de sensibilitzaci\u00f3 i esport adaptat a 5\u00e8"},"content":{"rendered":"\n<p>Avui 5\u00e8 hem anat de sortida a l&#8217;espai esportiu Sant Ildefons per realitzar les jornades de sensibilitzaci\u00f3 i esport adaptat. All\u00e0 hem vist com practiquen esport les persones amb discapacitat f\u00edsica, sensorial i intel\u00b7lectual. Hem pogut portar-ho a la pr\u00e0ctica i ho hem passat genial.<\/p>\n\n\n\n<p>Podeu veure les fotos <a href=\"https:\/\/drive.google.com\/drive\/folders\/1Gt1Bygc5IMs6D4tw35piPiTkFeh5DBvT?usp=drive_link\" data-type=\"link\" data-id=\"https:\/\/drive.google.com\/drive\/folders\/1Gt1Bygc5IMs6D4tw35piPiTkFeh5DBvT?usp=drive_link\">aqu\u00ed.<\/a><\/p>\n\n\n\n<figure class=\"wp-block-image size-large\"><a href=\"https:\/\/agora.xtec.cat\/ceip-abatoliba-cornella\/wp-content\/uploads\/usu2331\/2026\/02\/IMG-20260203-WA0010-1.jpg\"><img loading=\"lazy\" decoding=\"async\" width=\"1024\" height=\"771\" src=\"https:\/\/agora.xtec.cat\/ceip-abatoliba-cornella\/wp-content\/uploads\/usu2331\/2026\/02\/IMG-20260203-WA0010-1-1024x771.jpg\" alt=\"\" class=\"wp-image-3231\" srcset=\"https:\/\/agora.xtec.cat\/ceip-abatoliba-cornella\/wp-content\/uploads\/usu2331\/2026\/02\/IMG-20260203-WA0010-1-1024x771.jpg 1024w, https:\/\/agora.xtec.cat\/ceip-abatoliba-cornella\/wp-content\/uploads\/usu2331\/2026\/02\/IMG-20260203-WA0010-1-300x226.jpg 300w, https:\/\/agora.xtec.cat\/ceip-abatoliba-cornella\/wp-content\/uploads\/usu2331\/2026\/02\/IMG-20260203-WA0010-1-768x578.jpg 768w, https:\/\/agora.xtec.cat\/ceip-abatoliba-cornella\/wp-content\/uploads\/usu2331\/2026\/02\/IMG-20260203-WA0010-1-1536x1157.jpg 1536w, https:\/\/agora.xtec.cat\/ceip-abatoliba-cornella\/wp-content\/uploads\/usu2331\/2026\/02\/IMG-20260203-WA0010-1.jpg 2040w\" sizes=\"auto, (max-width: 1024px) 100vw, 1024px\" \/><\/a><\/figure>\n","protected":false},"excerpt":{"rendered":"<p>Avui 5\u00e8 hem anat de sortida a l&#8217;espai esportiu Sant Ildefons per realitzar les jornades de sensibilitzaci\u00f3 i esport adaptat. All\u00e0 hem vist com practiquen esport les persones amb discapacitat f\u00edsica, sensorial i intel\u00b7lectual. Hem pogut portar-ho a la pr\u00e0ctica i ho hem passat genial. Podeu veure les fotos aqu\u00ed.<\/p>\n","protected":false},"author":16,"featured_media":3230,"comment_status":"open","ping_status":"open","sticky":false,"template":"","format":"standard","meta":{"_bbp_topic_count":0,"_bbp_reply_count":0,"_bbp_total_topic_count":0,"_bbp_total_reply_count":0,"_bbp_voice_count":0,"_bbp_anonymous_reply_count":0,"_bbp_topic_count_hidden":0,"_bbp_reply_count_hidden":0,"_bbp_forum_subforum_count":0,"site-sidebar-layout":"default","site-content-layout":"","ast-site-content-layout":"default","site-content-style":"default","site-sidebar-style":"default","ast-global-header-display":"","ast-banner-title-visibility":"","ast-main-header-display":"","ast-hfb-above-header-display":"","ast-hfb-below-header-display":"","ast-hfb-mobile-header-display":"","site-post-title":"","ast-breadcrumbs-content":"","ast-featured-img":"","footer-sml-layout":"","theme-transparent-header-meta":"","adv-header-id-meta":"","stick-header-meta":"","header-above-stick-meta":"","header-main-stick-meta":"","header-below-stick-meta":"","astra-migrate-meta-layouts":"set","ast-page-background-enabled":"default","ast-page-background-meta":{"desktop":{"background-color":"var(--ast-global-color-4)","background-image":"","background-repeat":"repeat","background-position":"center center","background-size":"auto","background-attachment":"scroll","background-type":"","background-media":"","overlay-type":"","overlay-color":"","overlay-opacity":"","overlay-gradient":""},"tablet":{"background-color":"","background-image":"","background-repeat":"repeat","background-position":"center center","background-size":"auto","background-attachment":"scroll","background-type":"","background-media":"","overlay-type":"","overlay-color":"","overlay-opacity":"","overlay-gradient":""},"mobile":{"background-color":"","background-image":"","background-repeat":"repeat","background-position":"center center","background-size":"auto","background-attachment":"scroll","background-type":"","background-media":"","overlay-type":"","overlay-color":"","overlay-opacity":"","overlay-gradient":""}},"ast-content-background-meta":{"desktop":{"background-color":"var(--ast-global-color-5)","background-image":"","background-repeat":"repeat","background-position":"center center","background-size":"auto","background-attachment":"scroll","background-type":"","background-media":"","overlay-type":"","overlay-color":"","overlay-opacity":"","overlay-gradient":""},"tablet":{"background-color":"var(--ast-global-color-5)","background-image":"","background-repeat":"repeat","background-position":"center center","background-size":"auto","background-attachment":"scroll","background-type":"","background-media":"","overlay-type":"","overlay-color":"","overlay-opacity":"","overlay-gradient":""},"mobile":{"background-color":"var(--ast-global-color-5)","background-image":"","background-repeat":"repeat","background-position":"center center","background-size":"auto","background-attachment":"scroll","background-type":"","background-media":"","overlay-type":"","overlay-color":"","overlay-opacity":"","overlay-gradient":""}},"footnotes":""},"categories":[78,1,70],"tags":[],"class_list":["post-3229","post","type-post","status-publish","format-standard","has-post-thumbnail","hentry","category-5e","category-general","category-primaria"],"post_mailing_queue_ids":[],"_links":{"self":[{"href":"https:\/\/agora.xtec.cat\/ceip-abatoliba-cornella\/wp-json\/wp\/v2\/posts\/3229","targetHints":{"allow":["GET"]}}],"collection":[{"href":"https:\/\/agora.xtec.cat\/ceip-abatoliba-cornella\/wp-json\/wp\/v2\/posts"}],"about":[{"href":"https:\/\/agora.xtec.cat\/ceip-abatoliba-cornella\/wp-json\/wp\/v2\/types\/post"}],"author":[{"embeddable":true,"href":"https:\/\/agora.xtec.cat\/ceip-abatoliba-cornella\/wp-json\/wp\/v2\/users\/16"}],"replies":[{"embeddable":true,"href":"https:\/\/agora.xtec.cat\/ceip-abatoliba-cornella\/wp-json\/wp\/v2\/comments?post=3229"}],"version-history":[{"count":1,"href":"https:\/\/agora.xtec.cat\/ceip-abatoliba-cornella\/wp-json\/wp\/v2\/posts\/3229\/revisions"}],"predecessor-version":[{"id":3232,"href":"https:\/\/agora.xtec.cat\/ceip-abatoliba-cornella\/wp-json\/wp\/v2\/posts\/3229\/revisions\/3232"}],"wp:featuredmedia":[{"embeddable":true,"href":"https:\/\/agora.xtec.cat\/ceip-abatoliba-cornella\/wp-json\/wp\/v2\/media\/3230"}],"wp:attachment":[{"href":"https:\/\/agora.xtec.cat\/ceip-abatoliba-cornella\/wp-json\/wp\/v2\/media?parent=3229"}],"wp:term":[{"taxonomy":"category","embeddable":true,"href":"https:\/\/agora.xtec.cat\/ceip-abatoliba-cornella\/wp-json\/wp\/v2\/categories?post=3229"},{"taxonomy":"post_tag","embeddable":true,"href":"https:\/\/agora.xtec.cat\/ceip-abatoliba-cornella\/wp-json\/wp\/v2\/tags?post=3229"}],"curies":[{"name":"wp","href":"https:\/\/api.w.org\/{rel}","templated":true}]}}