{"id":3213,"date":"2026-01-30T13:47:01","date_gmt":"2026-01-30T12:47:01","guid":{"rendered":"https:\/\/agora.xtec.cat\/ceip-abatoliba-cornella\/?p=3213"},"modified":"2026-01-30T13:50:44","modified_gmt":"2026-01-30T12:50:44","slug":"infantil-visita-el-nat","status":"publish","type":"post","link":"https:\/\/agora.xtec.cat\/ceip-abatoliba-cornella\/general\/infantil-visita-el-nat\/","title":{"rendered":"Infantil visita el Nat"},"content":{"rendered":"\n<p>Ahir tot el cicle d\u2019Educaci\u00f3 Infantil vam viure una experi\u00e8ncia molt especial amb la sortida al <strong>Museu de Ci\u00e8ncies Naturals de Barcelona<\/strong>. Durant la visita a l\u2019exposici\u00f3 permanent d\u2019animals vam descobrir caracter\u00edstiques de la fauna d\u2019arreu del m\u00f3n: animals vertebrats i invertebrats, amb closca, amb p\u00e8l, animals que volen i molts m\u00e9s. Vam poder posar a prova els coneixements treballats a l\u2019aula i aprendre\u2019n de nous d\u2019una manera molt vivencial.<\/p>\n\n\n\n<p>A m\u00e9s, vam participar en un <strong>taller manipulatiu<\/strong> ple d\u2019objectes per observar, tocar i explorar, acompanyats per unes educadores que ens van guiar en aquest descobriment amb molta il\u00b7lusi\u00f3. Per acabar el dia, vam gaudir d\u2019una estona de joc lliure en un parc magn\u00edfic a la vora del mar. Va ser un dia intens, ple d\u2019aprenentatges i emocions, que segur que no oblidarem. \ud83c\udf3f\ud83d\udc3e<\/p>\n\n\n\n<p>Trobareu les fotografies clicant en el seg\u00fcent <a href=\"https:\/\/drive.google.com\/drive\/folders\/1YI433nKi0I7tgDwRvilnUBEVU0ZWdi9L?usp=drive_link\">enlla\u00e7<\/a><\/p>\n\n\n\n<p><\/p>\n","protected":false},"excerpt":{"rendered":"<p>Ahir tot el cicle d\u2019Educaci\u00f3 Infantil vam viure una experi\u00e8ncia molt especial amb la sortida al Museu de Ci\u00e8ncies Naturals de Barcelona. Durant la visita a l\u2019exposici\u00f3 permanent d\u2019animals vam descobrir caracter\u00edstiques de la fauna d\u2019arreu del m\u00f3n: animals vertebrats i invertebrats, amb closca, amb p\u00e8l, animals que volen i molts m\u00e9s. Vam poder posar [&hellip;]<\/p>\n","protected":false},"author":8,"featured_media":3214,"comment_status":"open","ping_status":"open","sticky":false,"template":"","format":"standard","meta":{"_bbp_topic_count":0,"_bbp_reply_count":0,"_bbp_total_topic_count":0,"_bbp_total_reply_count":0,"_bbp_voice_count":0,"_bbp_anonymous_reply_count":0,"_bbp_topic_count_hidden":0,"_bbp_reply_count_hidden":0,"_bbp_forum_subforum_count":0,"site-sidebar-layout":"default","site-content-layout":"","ast-site-content-layout":"default","site-content-style":"default","site-sidebar-style":"default","ast-global-header-display":"","ast-banner-title-visibility":"","ast-main-header-display":"","ast-hfb-above-header-display":"","ast-hfb-below-header-display":"","ast-hfb-mobile-header-display":"","site-post-title":"","ast-breadcrumbs-content":"","ast-featured-img":"","footer-sml-layout":"","theme-transparent-header-meta":"","adv-header-id-meta":"","stick-header-meta":"","header-above-stick-meta":"","header-main-stick-meta":"","header-below-stick-meta":"","astra-migrate-meta-layouts":"set","ast-page-background-enabled":"default","ast-page-background-meta":{"desktop":{"background-color":"var(--ast-global-color-4)","background-image":"","background-repeat":"repeat","background-position":"center center","background-size":"auto","background-attachment":"scroll","background-type":"","background-media":"","overlay-type":"","overlay-color":"","overlay-opacity":"","overlay-gradient":""},"tablet":{"background-color":"","background-image":"","background-repeat":"repeat","background-position":"center center","background-size":"auto","background-attachment":"scroll","background-type":"","background-media":"","overlay-type":"","overlay-color":"","overlay-opacity":"","overlay-gradient":""},"mobile":{"background-color":"","background-image":"","background-repeat":"repeat","background-position":"center center","background-size":"auto","background-attachment":"scroll","background-type":"","background-media":"","overlay-type":"","overlay-color":"","overlay-opacity":"","overlay-gradient":""}},"ast-content-background-meta":{"desktop":{"background-color":"var(--ast-global-color-5)","background-image":"","background-repeat":"repeat","background-position":"center center","background-size":"auto","background-attachment":"scroll","background-type":"","background-media":"","overlay-type":"","overlay-color":"","overlay-opacity":"","overlay-gradient":""},"tablet":{"background-color":"var(--ast-global-color-5)","background-image":"","background-repeat":"repeat","background-position":"center center","background-size":"auto","background-attachment":"scroll","background-type":"","background-media":"","overlay-type":"","overlay-color":"","overlay-opacity":"","overlay-gradient":""},"mobile":{"background-color":"var(--ast-global-color-5)","background-image":"","background-repeat":"repeat","background-position":"center center","background-size":"auto","background-attachment":"scroll","background-type":"","background-media":"","overlay-type":"","overlay-color":"","overlay-opacity":"","overlay-gradient":""}},"footnotes":""},"categories":[1,69],"tags":[],"class_list":["post-3213","post","type-post","status-publish","format-standard","has-post-thumbnail","hentry","category-general","category-infantil"],"post_mailing_queue_ids":[],"_links":{"self":[{"href":"https:\/\/agora.xtec.cat\/ceip-abatoliba-cornella\/wp-json\/wp\/v2\/posts\/3213","targetHints":{"allow":["GET"]}}],"collection":[{"href":"https:\/\/agora.xtec.cat\/ceip-abatoliba-cornella\/wp-json\/wp\/v2\/posts"}],"about":[{"href":"https:\/\/agora.xtec.cat\/ceip-abatoliba-cornella\/wp-json\/wp\/v2\/types\/post"}],"author":[{"embeddable":true,"href":"https:\/\/agora.xtec.cat\/ceip-abatoliba-cornella\/wp-json\/wp\/v2\/users\/8"}],"replies":[{"embeddable":true,"href":"https:\/\/agora.xtec.cat\/ceip-abatoliba-cornella\/wp-json\/wp\/v2\/comments?post=3213"}],"version-history":[{"count":1,"href":"https:\/\/agora.xtec.cat\/ceip-abatoliba-cornella\/wp-json\/wp\/v2\/posts\/3213\/revisions"}],"predecessor-version":[{"id":3215,"href":"https:\/\/agora.xtec.cat\/ceip-abatoliba-cornella\/wp-json\/wp\/v2\/posts\/3213\/revisions\/3215"}],"wp:featuredmedia":[{"embeddable":true,"href":"https:\/\/agora.xtec.cat\/ceip-abatoliba-cornella\/wp-json\/wp\/v2\/media\/3214"}],"wp:attachment":[{"href":"https:\/\/agora.xtec.cat\/ceip-abatoliba-cornella\/wp-json\/wp\/v2\/media?parent=3213"}],"wp:term":[{"taxonomy":"category","embeddable":true,"href":"https:\/\/agora.xtec.cat\/ceip-abatoliba-cornella\/wp-json\/wp\/v2\/categories?post=3213"},{"taxonomy":"post_tag","embeddable":true,"href":"https:\/\/agora.xtec.cat\/ceip-abatoliba-cornella\/wp-json\/wp\/v2\/tags?post=3213"}],"curies":[{"name":"wp","href":"https:\/\/api.w.org\/{rel}","templated":true}]}}