{"id":3148,"date":"2026-01-09T12:52:16","date_gmt":"2026-01-09T11:52:16","guid":{"rendered":"https:\/\/agora.xtec.cat\/ceip-abatoliba-cornella\/?p=3148"},"modified":"2026-01-09T15:49:38","modified_gmt":"2026-01-09T14:49:38","slug":"fruita-a-les-escoles","status":"publish","type":"post","link":"https:\/\/agora.xtec.cat\/ceip-abatoliba-cornella\/general\/fruita-a-les-escoles\/","title":{"rendered":"Fruita a les escoles 25\/26"},"content":{"rendered":"\n<p>Com cada curs, l&#8217;escola participa en el programa<strong><em>&nbsp;FRUITA A LES ESCOLES<\/em><\/strong>&nbsp;a trav\u00e9s d&#8217;AFRUCAT. Us recordem que l&#8217;escola rebr\u00e0 fruita un dia determinat del mes i els infants podran gaudir-ne (de manera volunt\u00e0ria) per esmorzar al pati i a la sortida per berenar, fins que s&#8217;acabi i arribi el seg\u00fcent repartiment. Podran menjar fruita tots aquells infants que tinguin l&#8217;autoritzaci\u00f3 signada per vosaltres. Aquest any el repartiment va comen\u00e7ar a l&#8217;octubre i la setmana vinent, el&nbsp;17 de novembre est\u00e0 previst el seg\u00fcent repartiment<strong>.&nbsp;<\/strong><\/p>\n\n\n\n<p>En el seg\u00fcent enlla\u00e7 trobeu m\u00e9s informaci\u00f3 del vostre inter\u00e8s:&nbsp;<a href=\"https:\/\/app.dinantia.com\/api\/system\/track_link\/Wx9kGIHQjTde\/14790789?original_url=https%3A%2F%2Ffruita.cat%2F\" target=\"_blank\" rel=\"noreferrer noopener\">https:\/\/fruita.cat\/<\/a><\/p>\n\n\n\n<figure class=\"wp-block-image size-large\"><a href=\"https:\/\/agora.xtec.cat\/ceip-abatoliba-cornella\/wp-content\/uploads\/usu2331\/2025\/11\/REPARTIMENT-FRUITA-1.jpg\"><img loading=\"lazy\" decoding=\"async\" width=\"550\" height=\"1024\" src=\"https:\/\/agora.xtec.cat\/ceip-abatoliba-cornella\/wp-content\/uploads\/usu2331\/2025\/11\/REPARTIMENT-FRUITA-1-550x1024.jpg\" alt=\"\" class=\"wp-image-3174\" srcset=\"https:\/\/agora.xtec.cat\/ceip-abatoliba-cornella\/wp-content\/uploads\/usu2331\/2025\/11\/REPARTIMENT-FRUITA-1-550x1024.jpg 550w, https:\/\/agora.xtec.cat\/ceip-abatoliba-cornella\/wp-content\/uploads\/usu2331\/2025\/11\/REPARTIMENT-FRUITA-1-161x300.jpg 161w, https:\/\/agora.xtec.cat\/ceip-abatoliba-cornella\/wp-content\/uploads\/usu2331\/2025\/11\/REPARTIMENT-FRUITA-1-768x1429.jpg 768w, https:\/\/agora.xtec.cat\/ceip-abatoliba-cornella\/wp-content\/uploads\/usu2331\/2025\/11\/REPARTIMENT-FRUITA-1.jpg 800w\" sizes=\"auto, (max-width: 550px) 100vw, 550px\" \/><\/a><figcaption class=\"wp-element-caption\">Dates repartiment de fruita<\/figcaption><\/figure>\n","protected":false},"excerpt":{"rendered":"<p>Com cada curs, l&#8217;escola participa en el programa&nbsp;FRUITA A LES ESCOLES&nbsp;a trav\u00e9s d&#8217;AFRUCAT. Us recordem que l&#8217;escola rebr\u00e0 fruita un dia determinat del mes i els infants podran gaudir-ne (de manera volunt\u00e0ria) per esmorzar al pati i a la sortida per berenar, fins que s&#8217;acabi i arribi el seg\u00fcent repartiment. Podran menjar fruita tots aquells [&hellip;]<\/p>\n","protected":false},"author":1,"featured_media":3172,"comment_status":"open","ping_status":"open","sticky":false,"template":"","format":"standard","meta":{"_bbp_topic_count":0,"_bbp_reply_count":0,"_bbp_total_topic_count":0,"_bbp_total_reply_count":0,"_bbp_voice_count":0,"_bbp_anonymous_reply_count":0,"_bbp_topic_count_hidden":0,"_bbp_reply_count_hidden":0,"_bbp_forum_subforum_count":0,"site-sidebar-layout":"default","site-content-layout":"","ast-site-content-layout":"default","site-content-style":"default","site-sidebar-style":"default","ast-global-header-display":"","ast-banner-title-visibility":"","ast-main-header-display":"","ast-hfb-above-header-display":"","ast-hfb-below-header-display":"","ast-hfb-mobile-header-display":"","site-post-title":"","ast-breadcrumbs-content":"","ast-featured-img":"disabled","footer-sml-layout":"","theme-transparent-header-meta":"","adv-header-id-meta":"","stick-header-meta":"","header-above-stick-meta":"","header-main-stick-meta":"","header-below-stick-meta":"","astra-migrate-meta-layouts":"set","ast-page-background-enabled":"default","ast-page-background-meta":{"desktop":{"background-color":"var(--ast-global-color-4)","background-image":"","background-repeat":"repeat","background-position":"center center","background-size":"auto","background-attachment":"scroll","background-type":"","background-media":"","overlay-type":"","overlay-color":"","overlay-opacity":"","overlay-gradient":""},"tablet":{"background-color":"","background-image":"","background-repeat":"repeat","background-position":"center center","background-size":"auto","background-attachment":"scroll","background-type":"","background-media":"","overlay-type":"","overlay-color":"","overlay-opacity":"","overlay-gradient":""},"mobile":{"background-color":"","background-image":"","background-repeat":"repeat","background-position":"center center","background-size":"auto","background-attachment":"scroll","background-type":"","background-media":"","overlay-type":"","overlay-color":"","overlay-opacity":"","overlay-gradient":""}},"ast-content-background-meta":{"desktop":{"background-color":"var(--ast-global-color-5)","background-image":"","background-repeat":"repeat","background-position":"center center","background-size":"auto","background-attachment":"scroll","background-type":"","background-media":"","overlay-type":"","overlay-color":"","overlay-opacity":"","overlay-gradient":""},"tablet":{"background-color":"var(--ast-global-color-5)","background-image":"","background-repeat":"repeat","background-position":"center center","background-size":"auto","background-attachment":"scroll","background-type":"","background-media":"","overlay-type":"","overlay-color":"","overlay-opacity":"","overlay-gradient":""},"mobile":{"background-color":"var(--ast-global-color-5)","background-image":"","background-repeat":"repeat","background-position":"center center","background-size":"auto","background-attachment":"scroll","background-type":"","background-media":"","overlay-type":"","overlay-color":"","overlay-opacity":"","overlay-gradient":""}},"footnotes":""},"categories":[1],"tags":[83],"class_list":["post-3148","post","type-post","status-publish","format-standard","has-post-thumbnail","hentry","category-general","tag-general"],"post_mailing_queue_ids":[],"_links":{"self":[{"href":"https:\/\/agora.xtec.cat\/ceip-abatoliba-cornella\/wp-json\/wp\/v2\/posts\/3148","targetHints":{"allow":["GET"]}}],"collection":[{"href":"https:\/\/agora.xtec.cat\/ceip-abatoliba-cornella\/wp-json\/wp\/v2\/posts"}],"about":[{"href":"https:\/\/agora.xtec.cat\/ceip-abatoliba-cornella\/wp-json\/wp\/v2\/types\/post"}],"author":[{"embeddable":true,"href":"https:\/\/agora.xtec.cat\/ceip-abatoliba-cornella\/wp-json\/wp\/v2\/users\/1"}],"replies":[{"embeddable":true,"href":"https:\/\/agora.xtec.cat\/ceip-abatoliba-cornella\/wp-json\/wp\/v2\/comments?post=3148"}],"version-history":[{"count":4,"href":"https:\/\/agora.xtec.cat\/ceip-abatoliba-cornella\/wp-json\/wp\/v2\/posts\/3148\/revisions"}],"predecessor-version":[{"id":3176,"href":"https:\/\/agora.xtec.cat\/ceip-abatoliba-cornella\/wp-json\/wp\/v2\/posts\/3148\/revisions\/3176"}],"wp:featuredmedia":[{"embeddable":true,"href":"https:\/\/agora.xtec.cat\/ceip-abatoliba-cornella\/wp-json\/wp\/v2\/media\/3172"}],"wp:attachment":[{"href":"https:\/\/agora.xtec.cat\/ceip-abatoliba-cornella\/wp-json\/wp\/v2\/media?parent=3148"}],"wp:term":[{"taxonomy":"category","embeddable":true,"href":"https:\/\/agora.xtec.cat\/ceip-abatoliba-cornella\/wp-json\/wp\/v2\/categories?post=3148"},{"taxonomy":"post_tag","embeddable":true,"href":"https:\/\/agora.xtec.cat\/ceip-abatoliba-cornella\/wp-json\/wp\/v2\/tags?post=3148"}],"curies":[{"name":"wp","href":"https:\/\/api.w.org\/{rel}","templated":true}]}}