{"id":2152,"date":"2023-11-06T13:03:43","date_gmt":"2023-11-06T12:03:43","guid":{"rendered":"https:\/\/agora.xtec.cat\/ceip-abatoliba-cornella\/?p=2152"},"modified":"2023-11-06T13:47:10","modified_gmt":"2023-11-06T12:47:10","slug":"1r-treballem-les-emocions","status":"publish","type":"post","link":"https:\/\/agora.xtec.cat\/ceip-abatoliba-cornella\/general\/1r-treballem-les-emocions\/","title":{"rendered":"1r &#8211; Treballem les emocions"},"content":{"rendered":"<p>L&#8217;alumnat de primer hem treballat les emocions en angl\u00e8s i catal\u00e0 i hem creat aquestes cares s\u00faper divertides amb elements de la tardor. Podeu veure les fotos <a href=\"https:\/\/drive.google.com\/drive\/folders\/1xpkUFsMi98V69DDidFBvAK2TI8EaxKZ8?usp=drive_link\">aqu\u00ed<\/a>.<\/p>\n<p><a href=\"https:\/\/agora.xtec.cat\/ceip-abatoliba-cornella\/wp-content\/uploads\/usu2331\/2023\/11\/foto-tardor-primer_resized-scaled.jpg\"><img loading=\"lazy\" decoding=\"async\" class=\"aligncenter size-full wp-image-2155\" src=\"https:\/\/agora.xtec.cat\/ceip-abatoliba-cornella\/wp-content\/uploads\/usu2331\/2023\/11\/foto-tardor-primer_resized-scaled.jpg\" alt=\"\" width=\"2560\" height=\"1440\" srcset=\"https:\/\/agora.xtec.cat\/ceip-abatoliba-cornella\/wp-content\/uploads\/usu2331\/2023\/11\/foto-tardor-primer_resized-scaled.jpg 2560w, https:\/\/agora.xtec.cat\/ceip-abatoliba-cornella\/wp-content\/uploads\/usu2331\/2023\/11\/foto-tardor-primer_resized-300x169.jpg 300w, https:\/\/agora.xtec.cat\/ceip-abatoliba-cornella\/wp-content\/uploads\/usu2331\/2023\/11\/foto-tardor-primer_resized-1024x576.jpg 1024w, https:\/\/agora.xtec.cat\/ceip-abatoliba-cornella\/wp-content\/uploads\/usu2331\/2023\/11\/foto-tardor-primer_resized-768x432.jpg 768w, https:\/\/agora.xtec.cat\/ceip-abatoliba-cornella\/wp-content\/uploads\/usu2331\/2023\/11\/foto-tardor-primer_resized-1536x864.jpg 1536w, https:\/\/agora.xtec.cat\/ceip-abatoliba-cornella\/wp-content\/uploads\/usu2331\/2023\/11\/foto-tardor-primer_resized-2048x1152.jpg 2048w\" sizes=\"auto, (max-width: 2560px) 100vw, 2560px\" \/><\/a><\/p>\n","protected":false},"excerpt":{"rendered":"<p>L&#8217;alumnat de primer hem treballat les emocions en angl\u00e8s i catal\u00e0 i hem creat aquestes cares s\u00faper divertides amb elements de la tardor. Podeu veure les fotos aqu\u00ed.<\/p>\n","protected":false},"author":4,"featured_media":2155,"comment_status":"open","ping_status":"closed","sticky":false,"template":"","format":"standard","meta":{"_bbp_topic_count":0,"_bbp_reply_count":0,"_bbp_total_topic_count":0,"_bbp_total_reply_count":0,"_bbp_voice_count":0,"_bbp_anonymous_reply_count":0,"_bbp_topic_count_hidden":0,"_bbp_reply_count_hidden":0,"_bbp_forum_subforum_count":0,"site-sidebar-layout":"default","site-content-layout":"","ast-site-content-layout":"","site-content-style":"default","site-sidebar-style":"default","ast-global-header-display":"","ast-banner-title-visibility":"","ast-main-header-display":"","ast-hfb-above-header-display":"","ast-hfb-below-header-display":"","ast-hfb-mobile-header-display":"","site-post-title":"","ast-breadcrumbs-content":"","ast-featured-img":"","footer-sml-layout":"","theme-transparent-header-meta":"","adv-header-id-meta":"","stick-header-meta":"","header-above-stick-meta":"","header-main-stick-meta":"","header-below-stick-meta":"","astra-migrate-meta-layouts":"default","ast-page-background-enabled":"default","ast-page-background-meta":{"desktop":{"background-color":"var(--ast-global-color-4)","background-image":"","background-repeat":"repeat","background-position":"center center","background-size":"auto","background-attachment":"scroll","background-type":"","background-media":"","overlay-type":"","overlay-color":"","overlay-opacity":"","overlay-gradient":""},"tablet":{"background-color":"","background-image":"","background-repeat":"repeat","background-position":"center center","background-size":"auto","background-attachment":"scroll","background-type":"","background-media":"","overlay-type":"","overlay-color":"","overlay-opacity":"","overlay-gradient":""},"mobile":{"background-color":"","background-image":"","background-repeat":"repeat","background-position":"center center","background-size":"auto","background-attachment":"scroll","background-type":"","background-media":"","overlay-type":"","overlay-color":"","overlay-opacity":"","overlay-gradient":""}},"ast-content-background-meta":{"desktop":{"background-color":"var(--ast-global-color-5)","background-image":"","background-repeat":"repeat","background-position":"center center","background-size":"auto","background-attachment":"scroll","background-type":"","background-media":"","overlay-type":"","overlay-color":"","overlay-opacity":"","overlay-gradient":""},"tablet":{"background-color":"var(--ast-global-color-5)","background-image":"","background-repeat":"repeat","background-position":"center center","background-size":"auto","background-attachment":"scroll","background-type":"","background-media":"","overlay-type":"","overlay-color":"","overlay-opacity":"","overlay-gradient":""},"mobile":{"background-color":"var(--ast-global-color-5)","background-image":"","background-repeat":"repeat","background-position":"center center","background-size":"auto","background-attachment":"scroll","background-type":"","background-media":"","overlay-type":"","overlay-color":"","overlay-opacity":"","overlay-gradient":""}},"footnotes":""},"categories":[74,97,1,70],"tags":[83,86,84],"class_list":["post-2152","post","type-post","status-publish","format-standard","has-post-thumbnail","hentry","category-1r","category-english-corner","category-general","category-primaria","tag-general","tag-mitjans","tag-primaria"],"post_mailing_queue_ids":[],"_links":{"self":[{"href":"https:\/\/agora.xtec.cat\/ceip-abatoliba-cornella\/wp-json\/wp\/v2\/posts\/2152","targetHints":{"allow":["GET"]}}],"collection":[{"href":"https:\/\/agora.xtec.cat\/ceip-abatoliba-cornella\/wp-json\/wp\/v2\/posts"}],"about":[{"href":"https:\/\/agora.xtec.cat\/ceip-abatoliba-cornella\/wp-json\/wp\/v2\/types\/post"}],"author":[{"embeddable":true,"href":"https:\/\/agora.xtec.cat\/ceip-abatoliba-cornella\/wp-json\/wp\/v2\/users\/4"}],"replies":[{"embeddable":true,"href":"https:\/\/agora.xtec.cat\/ceip-abatoliba-cornella\/wp-json\/wp\/v2\/comments?post=2152"}],"version-history":[{"count":1,"href":"https:\/\/agora.xtec.cat\/ceip-abatoliba-cornella\/wp-json\/wp\/v2\/posts\/2152\/revisions"}],"predecessor-version":[{"id":2158,"href":"https:\/\/agora.xtec.cat\/ceip-abatoliba-cornella\/wp-json\/wp\/v2\/posts\/2152\/revisions\/2158"}],"wp:featuredmedia":[{"embeddable":true,"href":"https:\/\/agora.xtec.cat\/ceip-abatoliba-cornella\/wp-json\/wp\/v2\/media\/2155"}],"wp:attachment":[{"href":"https:\/\/agora.xtec.cat\/ceip-abatoliba-cornella\/wp-json\/wp\/v2\/media?parent=2152"}],"wp:term":[{"taxonomy":"category","embeddable":true,"href":"https:\/\/agora.xtec.cat\/ceip-abatoliba-cornella\/wp-json\/wp\/v2\/categories?post=2152"},{"taxonomy":"post_tag","embeddable":true,"href":"https:\/\/agora.xtec.cat\/ceip-abatoliba-cornella\/wp-json\/wp\/v2\/tags?post=2152"}],"curies":[{"name":"wp","href":"https:\/\/api.w.org\/{rel}","templated":true}]}}