{"id":1912,"date":"2023-05-30T12:47:23","date_gmt":"2023-05-30T10:47:23","guid":{"rendered":"https:\/\/agora.xtec.cat\/ceip-abatoliba-cornella\/?p=1912"},"modified":"2023-06-02T13:44:20","modified_gmt":"2023-06-02T11:44:20","slug":"la-clika-a-2n","status":"publish","type":"post","link":"https:\/\/agora.xtec.cat\/ceip-abatoliba-cornella\/general\/la-clika-a-2n\/","title":{"rendered":"La Clika a 2n"},"content":{"rendered":"<p>El passat 25 de maig, la classe de 2n va participar a la cantata de La Clika. Han estat mesos de dur treball amb la Mari Carmen i la Miriam per aprendre 11 can\u00e7ons amb les seves coreografies. El dia 25 vam culminar aquest projecte musical fent un concert a l&#8217;auditori de Cornell\u00e0. Ens van acompanyar l&#8217;alumnat de 2n d&#8217;altres escoles de la ciutat i teniem el millor p\u00fablic del m\u00f3n: les seves families. Ha estat tot un goig participar-hi i veure les seves cares d&#8217;emoci\u00f3 i felicitat al trepitjar per primera vegada un escenari. Molt bona feina!!!<\/p>\n<p>Aqu\u00ed us deixem un video del concert de La Clika.<\/p>\n<p><iframe loading=\"lazy\" src=\"https:\/\/drive.google.com\/file\/d\/1Dwzh_n9DhFSoykp4rnTUdthRZrPjAK-O\/preview\" width=\"390\" height=\"288\"><\/iframe><\/p>\n<p>I algunes fotografies:<br \/>\n<img loading=\"lazy\" decoding=\"async\" class=\"alignnone wp-image-1915\" src=\"https:\/\/agora.xtec.cat\/ceip-abatoliba-cornella\/wp-content\/uploads\/usu2331\/2023\/06\/IMG_1514-300x225.jpg\" alt=\"\" width=\"333\" height=\"250\" srcset=\"https:\/\/agora.xtec.cat\/ceip-abatoliba-cornella\/wp-content\/uploads\/usu2331\/2023\/06\/IMG_1514-300x225.jpg 300w, https:\/\/agora.xtec.cat\/ceip-abatoliba-cornella\/wp-content\/uploads\/usu2331\/2023\/06\/IMG_1514-1024x768.jpg 1024w, https:\/\/agora.xtec.cat\/ceip-abatoliba-cornella\/wp-content\/uploads\/usu2331\/2023\/06\/IMG_1514-768x576.jpg 768w, https:\/\/agora.xtec.cat\/ceip-abatoliba-cornella\/wp-content\/uploads\/usu2331\/2023\/06\/IMG_1514-1536x1152.jpg 1536w, https:\/\/agora.xtec.cat\/ceip-abatoliba-cornella\/wp-content\/uploads\/usu2331\/2023\/06\/IMG_1514-200x150.jpg 200w, https:\/\/agora.xtec.cat\/ceip-abatoliba-cornella\/wp-content\/uploads\/usu2331\/2023\/06\/IMG_1514.jpg 2040w\" sizes=\"auto, (max-width: 333px) 100vw, 333px\" \/> <img loading=\"lazy\" decoding=\"async\" class=\"alignnone wp-image-1916\" src=\"https:\/\/agora.xtec.cat\/ceip-abatoliba-cornella\/wp-content\/uploads\/usu2331\/2023\/06\/IMG_1513-e1685705948742-300x176.jpg\" alt=\"\" width=\"426\" height=\"250\" srcset=\"https:\/\/agora.xtec.cat\/ceip-abatoliba-cornella\/wp-content\/uploads\/usu2331\/2023\/06\/IMG_1513-e1685705948742-300x176.jpg 300w, https:\/\/agora.xtec.cat\/ceip-abatoliba-cornella\/wp-content\/uploads\/usu2331\/2023\/06\/IMG_1513-e1685705948742-1024x602.jpg 1024w, https:\/\/agora.xtec.cat\/ceip-abatoliba-cornella\/wp-content\/uploads\/usu2331\/2023\/06\/IMG_1513-e1685705948742-768x451.jpg 768w, https:\/\/agora.xtec.cat\/ceip-abatoliba-cornella\/wp-content\/uploads\/usu2331\/2023\/06\/IMG_1513-e1685705948742.jpg 1532w\" sizes=\"auto, (max-width: 426px) 100vw, 426px\" \/> <img loading=\"lazy\" decoding=\"async\" class=\"alignnone wp-image-1917\" src=\"https:\/\/agora.xtec.cat\/ceip-abatoliba-cornella\/wp-content\/uploads\/usu2331\/2023\/06\/IMG_1508-scaled-e1685706206996-205x300.jpg\" alt=\"\" width=\"171\" height=\"250\" srcset=\"https:\/\/agora.xtec.cat\/ceip-abatoliba-cornella\/wp-content\/uploads\/usu2331\/2023\/06\/IMG_1508-scaled-e1685706206996-205x300.jpg 205w, https:\/\/agora.xtec.cat\/ceip-abatoliba-cornella\/wp-content\/uploads\/usu2331\/2023\/06\/IMG_1508-scaled-e1685706206996-699x1024.jpg 699w, https:\/\/agora.xtec.cat\/ceip-abatoliba-cornella\/wp-content\/uploads\/usu2331\/2023\/06\/IMG_1508-scaled-e1685706206996-768x1126.jpg 768w, https:\/\/agora.xtec.cat\/ceip-abatoliba-cornella\/wp-content\/uploads\/usu2331\/2023\/06\/IMG_1508-scaled-e1685706206996-1048x1536.jpg 1048w, https:\/\/agora.xtec.cat\/ceip-abatoliba-cornella\/wp-content\/uploads\/usu2331\/2023\/06\/IMG_1508-scaled-e1685706206996.jpg 1305w\" sizes=\"auto, (max-width: 171px) 100vw, 171px\" \/><\/p>\n<p>Per veure totes les fotos i videos,\u00a0<a href=\"https:\/\/drive.google.com\/drive\/folders\/1-wxJnZI9oyKwr5HW48JM5fzULwFVY7uR?usp=share_link\">feu clic aqu\u00ed<\/a><\/p>\n","protected":false},"excerpt":{"rendered":"<p>El passat 25 de maig, la classe de 2n va participar a la cantata de La Clika. Han estat mesos de dur treball amb la Mari Carmen i la Miriam per aprendre 11 can\u00e7ons amb les seves coreografies. El dia 25 vam culminar aquest projecte musical fent un concert a l&#8217;auditori de Cornell\u00e0. Ens van [&hellip;]<\/p>\n","protected":false},"author":6,"featured_media":1916,"comment_status":"open","ping_status":"closed","sticky":false,"template":"","format":"standard","meta":{"_bbp_topic_count":0,"_bbp_reply_count":0,"_bbp_total_topic_count":0,"_bbp_total_reply_count":0,"_bbp_voice_count":0,"_bbp_anonymous_reply_count":0,"_bbp_topic_count_hidden":0,"_bbp_reply_count_hidden":0,"_bbp_forum_subforum_count":0,"site-sidebar-layout":"default","site-content-layout":"","ast-site-content-layout":"","site-content-style":"default","site-sidebar-style":"default","ast-global-header-display":"","ast-banner-title-visibility":"","ast-main-header-display":"","ast-hfb-above-header-display":"","ast-hfb-below-header-display":"","ast-hfb-mobile-header-display":"","site-post-title":"","ast-breadcrumbs-content":"","ast-featured-img":"","footer-sml-layout":"","theme-transparent-header-meta":"","adv-header-id-meta":"","stick-header-meta":"","header-above-stick-meta":"","header-main-stick-meta":"","header-below-stick-meta":"","astra-migrate-meta-layouts":"default","ast-page-background-enabled":"default","ast-page-background-meta":{"desktop":{"background-color":"var(--ast-global-color-4)","background-image":"","background-repeat":"repeat","background-position":"center center","background-size":"auto","background-attachment":"scroll","background-type":"","background-media":"","overlay-type":"","overlay-color":"","overlay-opacity":"","overlay-gradient":""},"tablet":{"background-color":"","background-image":"","background-repeat":"repeat","background-position":"center center","background-size":"auto","background-attachment":"scroll","background-type":"","background-media":"","overlay-type":"","overlay-color":"","overlay-opacity":"","overlay-gradient":""},"mobile":{"background-color":"","background-image":"","background-repeat":"repeat","background-position":"center center","background-size":"auto","background-attachment":"scroll","background-type":"","background-media":"","overlay-type":"","overlay-color":"","overlay-opacity":"","overlay-gradient":""}},"ast-content-background-meta":{"desktop":{"background-color":"var(--ast-global-color-5)","background-image":"","background-repeat":"repeat","background-position":"center center","background-size":"auto","background-attachment":"scroll","background-type":"","background-media":"","overlay-type":"","overlay-color":"","overlay-opacity":"","overlay-gradient":""},"tablet":{"background-color":"var(--ast-global-color-5)","background-image":"","background-repeat":"repeat","background-position":"center center","background-size":"auto","background-attachment":"scroll","background-type":"","background-media":"","overlay-type":"","overlay-color":"","overlay-opacity":"","overlay-gradient":""},"mobile":{"background-color":"var(--ast-global-color-5)","background-image":"","background-repeat":"repeat","background-position":"center center","background-size":"auto","background-attachment":"scroll","background-type":"","background-media":"","overlay-type":"","overlay-color":"","overlay-opacity":"","overlay-gradient":""}},"footnotes":""},"categories":[75,1,98],"tags":[86],"class_list":["post-1912","post","type-post","status-publish","format-standard","has-post-thumbnail","hentry","category-2n","category-general","category-musica","tag-mitjans"],"post_mailing_queue_ids":[],"_links":{"self":[{"href":"https:\/\/agora.xtec.cat\/ceip-abatoliba-cornella\/wp-json\/wp\/v2\/posts\/1912","targetHints":{"allow":["GET"]}}],"collection":[{"href":"https:\/\/agora.xtec.cat\/ceip-abatoliba-cornella\/wp-json\/wp\/v2\/posts"}],"about":[{"href":"https:\/\/agora.xtec.cat\/ceip-abatoliba-cornella\/wp-json\/wp\/v2\/types\/post"}],"author":[{"embeddable":true,"href":"https:\/\/agora.xtec.cat\/ceip-abatoliba-cornella\/wp-json\/wp\/v2\/users\/6"}],"replies":[{"embeddable":true,"href":"https:\/\/agora.xtec.cat\/ceip-abatoliba-cornella\/wp-json\/wp\/v2\/comments?post=1912"}],"version-history":[{"count":3,"href":"https:\/\/agora.xtec.cat\/ceip-abatoliba-cornella\/wp-json\/wp\/v2\/posts\/1912\/revisions"}],"predecessor-version":[{"id":1933,"href":"https:\/\/agora.xtec.cat\/ceip-abatoliba-cornella\/wp-json\/wp\/v2\/posts\/1912\/revisions\/1933"}],"wp:featuredmedia":[{"embeddable":true,"href":"https:\/\/agora.xtec.cat\/ceip-abatoliba-cornella\/wp-json\/wp\/v2\/media\/1916"}],"wp:attachment":[{"href":"https:\/\/agora.xtec.cat\/ceip-abatoliba-cornella\/wp-json\/wp\/v2\/media?parent=1912"}],"wp:term":[{"taxonomy":"category","embeddable":true,"href":"https:\/\/agora.xtec.cat\/ceip-abatoliba-cornella\/wp-json\/wp\/v2\/categories?post=1912"},{"taxonomy":"post_tag","embeddable":true,"href":"https:\/\/agora.xtec.cat\/ceip-abatoliba-cornella\/wp-json\/wp\/v2\/tags?post=1912"}],"curies":[{"name":"wp","href":"https:\/\/api.w.org\/{rel}","templated":true}]}}