{"id":1250,"date":"2023-03-09T13:05:51","date_gmt":"2023-03-09T12:05:51","guid":{"rendered":"https:\/\/agora.xtec.cat\/ceip-abatoliba-cornella\/?p=1250"},"modified":"2023-03-28T14:36:28","modified_gmt":"2023-03-28T12:36:28","slug":"taller-harmonica-5e","status":"publish","type":"post","link":"https:\/\/agora.xtec.cat\/ceip-abatoliba-cornella\/general\/taller-harmonica-5e\/","title":{"rendered":"Taller harm\u00f2nica 5\u00e8"},"content":{"rendered":"<p style=\"font-weight: 400;\"><span style=\"font-weight: 400;\">El 23 de febrer, a la classe de 5\u00e8, ens ha vingut a visitar en Joan Pau Cumellas harmonicista professional, que ens ha porta m\u00fasica d\u2019arreu del m\u00f3n acompanyat de la seva harm\u00f2nica. Hem pogut con\u00e8ixer els diferents tipus d\u2019harm\u00f2niques que existeixen i hem compartit una bona estona de m\u00fasica tots i totes plegats!!!\u00a0<\/span><\/p>\n<table style=\"border-collapse: collapse; width: 100%;\">\n<tbody>\n<tr>\n<td style=\"width: 50%;\"><a href=\"https:\/\/agora.xtec.cat\/ceip-abatoliba-cornella\/wp-content\/uploads\/usu2331\/2023\/03\/IMG_3825-rotated.jpeg\"><img loading=\"lazy\" decoding=\"async\" class=\"aligncenter size-full wp-image-1251\" src=\"https:\/\/agora.xtec.cat\/ceip-abatoliba-cornella\/wp-content\/uploads\/usu2331\/2023\/03\/IMG_3825-rotated.jpeg\" alt=\"\" width=\"480\" height=\"640\" srcset=\"https:\/\/agora.xtec.cat\/ceip-abatoliba-cornella\/wp-content\/uploads\/usu2331\/2023\/03\/IMG_3825-rotated.jpeg 480w, https:\/\/agora.xtec.cat\/ceip-abatoliba-cornella\/wp-content\/uploads\/usu2331\/2023\/03\/IMG_3825-225x300.jpeg 225w\" sizes=\"auto, (max-width: 480px) 100vw, 480px\" \/><\/a><\/td>\n<td style=\"width: 50%;\"><a href=\"https:\/\/agora.xtec.cat\/ceip-abatoliba-cornella\/wp-content\/uploads\/usu2331\/2023\/03\/IMG_3838-rotated.jpeg\"><img loading=\"lazy\" decoding=\"async\" class=\"aligncenter size-full wp-image-1253\" src=\"https:\/\/agora.xtec.cat\/ceip-abatoliba-cornella\/wp-content\/uploads\/usu2331\/2023\/03\/IMG_3838-rotated.jpeg\" alt=\"\" width=\"480\" height=\"640\" srcset=\"https:\/\/agora.xtec.cat\/ceip-abatoliba-cornella\/wp-content\/uploads\/usu2331\/2023\/03\/IMG_3838-rotated.jpeg 480w, https:\/\/agora.xtec.cat\/ceip-abatoliba-cornella\/wp-content\/uploads\/usu2331\/2023\/03\/IMG_3838-225x300.jpeg 225w\" sizes=\"auto, (max-width: 480px) 100vw, 480px\" \/><\/a><\/td>\n<\/tr>\n<tr>\n<td style=\"width: 50%;\"><a href=\"https:\/\/agora.xtec.cat\/ceip-abatoliba-cornella\/wp-content\/uploads\/usu2331\/2023\/03\/IMG_3831.jpeg\"><img loading=\"lazy\" decoding=\"async\" class=\"aligncenter size-full wp-image-1252\" src=\"https:\/\/agora.xtec.cat\/ceip-abatoliba-cornella\/wp-content\/uploads\/usu2331\/2023\/03\/IMG_3831.jpeg\" alt=\"\" width=\"608\" height=\"480\" srcset=\"https:\/\/agora.xtec.cat\/ceip-abatoliba-cornella\/wp-content\/uploads\/usu2331\/2023\/03\/IMG_3831.jpeg 608w, https:\/\/agora.xtec.cat\/ceip-abatoliba-cornella\/wp-content\/uploads\/usu2331\/2023\/03\/IMG_3831-300x237.jpeg 300w\" sizes=\"auto, (max-width: 608px) 100vw, 608px\" \/><\/a><\/td>\n<td style=\"width: 50%;\"><a href=\"https:\/\/agora.xtec.cat\/ceip-abatoliba-cornella\/wp-content\/uploads\/usu2331\/2023\/03\/IMG_3840.jpeg\"><img loading=\"lazy\" decoding=\"async\" class=\"aligncenter size-full wp-image-1254\" src=\"https:\/\/agora.xtec.cat\/ceip-abatoliba-cornella\/wp-content\/uploads\/usu2331\/2023\/03\/IMG_3840.jpeg\" alt=\"\" width=\"640\" height=\"480\" srcset=\"https:\/\/agora.xtec.cat\/ceip-abatoliba-cornella\/wp-content\/uploads\/usu2331\/2023\/03\/IMG_3840.jpeg 640w, https:\/\/agora.xtec.cat\/ceip-abatoliba-cornella\/wp-content\/uploads\/usu2331\/2023\/03\/IMG_3840-300x225.jpeg 300w, https:\/\/agora.xtec.cat\/ceip-abatoliba-cornella\/wp-content\/uploads\/usu2331\/2023\/03\/IMG_3840-200x150.jpeg 200w\" sizes=\"auto, (max-width: 640px) 100vw, 640px\" \/><\/a><\/td>\n<\/tr>\n<\/tbody>\n<\/table>\n<p>Per veure m\u00e9s fotos fes clic <a href=\"https:\/\/drive.google.com\/drive\/folders\/1cK_DDn5a57Kg-DhAoDYo5fW_WbxudDqM?usp=share_link\" target=\"_blank\" rel=\"noopener\">AQU\u00cd<\/a><\/p>\n<p>&nbsp;<\/p>\n<p>&nbsp;<\/p>\n","protected":false},"excerpt":{"rendered":"<p>El 23 de febrer, a la classe de 5\u00e8, ens ha vingut a visitar en Joan Pau Cumellas harmonicista professional, que ens ha porta m\u00fasica d\u2019arreu del m\u00f3n acompanyat de la seva harm\u00f2nica. Hem pogut con\u00e8ixer els diferents tipus d\u2019harm\u00f2niques que existeixen i hem compartit una bona estona de m\u00fasica tots i totes plegats!!!\u00a0 Per [&hellip;]<\/p>\n","protected":false},"author":1,"featured_media":1251,"comment_status":"open","ping_status":"closed","sticky":false,"template":"","format":"standard","meta":{"_bbp_topic_count":0,"_bbp_reply_count":0,"_bbp_total_topic_count":0,"_bbp_total_reply_count":0,"_bbp_voice_count":0,"_bbp_anonymous_reply_count":0,"_bbp_topic_count_hidden":0,"_bbp_reply_count_hidden":0,"_bbp_forum_subforum_count":0,"site-sidebar-layout":"default","site-content-layout":"","ast-site-content-layout":"","site-content-style":"default","site-sidebar-style":"default","ast-global-header-display":"","ast-banner-title-visibility":"","ast-main-header-display":"","ast-hfb-above-header-display":"","ast-hfb-below-header-display":"","ast-hfb-mobile-header-display":"","site-post-title":"","ast-breadcrumbs-content":"","ast-featured-img":"","footer-sml-layout":"","theme-transparent-header-meta":"","adv-header-id-meta":"","stick-header-meta":"","header-above-stick-meta":"","header-main-stick-meta":"","header-below-stick-meta":"","astra-migrate-meta-layouts":"default","ast-page-background-enabled":"default","ast-page-background-meta":{"desktop":{"background-color":"var(--ast-global-color-4)","background-image":"","background-repeat":"repeat","background-position":"center center","background-size":"auto","background-attachment":"scroll","background-type":"","background-media":"","overlay-type":"","overlay-color":"","overlay-opacity":"","overlay-gradient":""},"tablet":{"background-color":"","background-image":"","background-repeat":"repeat","background-position":"center center","background-size":"auto","background-attachment":"scroll","background-type":"","background-media":"","overlay-type":"","overlay-color":"","overlay-opacity":"","overlay-gradient":""},"mobile":{"background-color":"","background-image":"","background-repeat":"repeat","background-position":"center center","background-size":"auto","background-attachment":"scroll","background-type":"","background-media":"","overlay-type":"","overlay-color":"","overlay-opacity":"","overlay-gradient":""}},"ast-content-background-meta":{"desktop":{"background-color":"var(--ast-global-color-5)","background-image":"","background-repeat":"repeat","background-position":"center center","background-size":"auto","background-attachment":"scroll","background-type":"","background-media":"","overlay-type":"","overlay-color":"","overlay-opacity":"","overlay-gradient":""},"tablet":{"background-color":"var(--ast-global-color-5)","background-image":"","background-repeat":"repeat","background-position":"center center","background-size":"auto","background-attachment":"scroll","background-type":"","background-media":"","overlay-type":"","overlay-color":"","overlay-opacity":"","overlay-gradient":""},"mobile":{"background-color":"var(--ast-global-color-5)","background-image":"","background-repeat":"repeat","background-position":"center center","background-size":"auto","background-attachment":"scroll","background-type":"","background-media":"","overlay-type":"","overlay-color":"","overlay-opacity":"","overlay-gradient":""}},"footnotes":""},"categories":[78,1,98],"tags":[90],"class_list":["post-1250","post","type-post","status-publish","format-standard","has-post-thumbnail","hentry","category-5e","category-general","category-musica","tag-grans"],"post_mailing_queue_ids":[],"_links":{"self":[{"href":"https:\/\/agora.xtec.cat\/ceip-abatoliba-cornella\/wp-json\/wp\/v2\/posts\/1250","targetHints":{"allow":["GET"]}}],"collection":[{"href":"https:\/\/agora.xtec.cat\/ceip-abatoliba-cornella\/wp-json\/wp\/v2\/posts"}],"about":[{"href":"https:\/\/agora.xtec.cat\/ceip-abatoliba-cornella\/wp-json\/wp\/v2\/types\/post"}],"author":[{"embeddable":true,"href":"https:\/\/agora.xtec.cat\/ceip-abatoliba-cornella\/wp-json\/wp\/v2\/users\/1"}],"replies":[{"embeddable":true,"href":"https:\/\/agora.xtec.cat\/ceip-abatoliba-cornella\/wp-json\/wp\/v2\/comments?post=1250"}],"version-history":[{"count":2,"href":"https:\/\/agora.xtec.cat\/ceip-abatoliba-cornella\/wp-json\/wp\/v2\/posts\/1250\/revisions"}],"predecessor-version":[{"id":1455,"href":"https:\/\/agora.xtec.cat\/ceip-abatoliba-cornella\/wp-json\/wp\/v2\/posts\/1250\/revisions\/1455"}],"wp:featuredmedia":[{"embeddable":true,"href":"https:\/\/agora.xtec.cat\/ceip-abatoliba-cornella\/wp-json\/wp\/v2\/media\/1251"}],"wp:attachment":[{"href":"https:\/\/agora.xtec.cat\/ceip-abatoliba-cornella\/wp-json\/wp\/v2\/media?parent=1250"}],"wp:term":[{"taxonomy":"category","embeddable":true,"href":"https:\/\/agora.xtec.cat\/ceip-abatoliba-cornella\/wp-json\/wp\/v2\/categories?post=1250"},{"taxonomy":"post_tag","embeddable":true,"href":"https:\/\/agora.xtec.cat\/ceip-abatoliba-cornella\/wp-json\/wp\/v2\/tags?post=1250"}],"curies":[{"name":"wp","href":"https:\/\/api.w.org\/{rel}","templated":true}]}}