{"id":7320,"date":"2026-04-23T15:27:35","date_gmt":"2026-04-23T13:27:35","guid":{"rendered":"https:\/\/agora.xtec.cat\/ceip-25desetembre-rubi\/?p=7320"},"modified":"2026-04-23T15:28:44","modified_gmt":"2026-04-23T13:28:44","slug":"ajuts-de-menjador-escolar-pel-curs-26-27","status":"publish","type":"post","link":"https:\/\/agora.xtec.cat\/ceip-25desetembre-rubi\/general\/ajuts-de-menjador-escolar-pel-curs-26-27\/","title":{"rendered":"AJUTS DE MENJADOR ESCOLAR PEL CURS 26-27"},"content":{"rendered":"\n<p>&nbsp;La convocat\u00f2ria d\u2019ajuts de menjador escolar pel curs 2026-2027 ser\u00e0 des del dia <strong>29 d\u2019abril fins el 22 de maig.<\/strong><\/p>\n\n\n\n<ul class=\"wp-block-list\">\n<li>Totes aquelles persones que van tramitar la beca el curs anterior (25-26) i no hagin rebut l\u2019esborrany, han de posar-se en contacte a&nbsp;<a href=\"mailto:bequesmenjador@ajrubi.cat\" target=\"_blank\" rel=\"noreferrer noopener\">bequesmenjador@ajrubi.cat<\/a>&nbsp;per demanar-lo.<\/li>\n\n\n\n<li>Els que ja van rebre l\u2019esborrany i tot est\u00e0 correcte, podran fer la confirmaci\u00f3 des del mateix enlla\u00e7.<\/li>\n\n\n\n<li>El tr\u00e0mit \u00e9s telem\u00e0tic i per fer-ho, que qui presenta l&#8217;ajut disposo de certificat digital.\u00a0 (<a href=\"https:\/\/agora.xtec.cat\/ceip-25desetembre-rubi\/wp-content\/uploads\/usu639\/2026\/04\/IDCAT.pdf\">enlla\u00e7<\/a> a com obtenir l&#8217;IDCAT m\u00f2bil)<\/li>\n\n\n\n<li>Aquelles persones que nom\u00e9s tinguin passaport, hauran d\u2019adre\u00e7ar-se al C\/Prim 33 2a planta.<\/li>\n<\/ul>\n\n\n\n<p>Per a qualsevol dubte o aclariment, poden posar-se en contacte al correu del servei&nbsp;<a href=\"mailto:bequesmenjador@ajrubi.cat\" target=\"_blank\" rel=\"noreferrer noopener\">bequesmenjador@ajrubi.cat<\/a>.<\/p>\n\n\n\n<figure class=\"wp-block-image size-full\"><a href=\"https:\/\/agora.xtec.cat\/ceip-25desetembre-rubi\/wp-content\/uploads\/usu639\/2026\/04\/ajuts-menjador-26-27.jpg\"><img loading=\"lazy\" decoding=\"async\" width=\"729\" height=\"502\" src=\"https:\/\/agora.xtec.cat\/ceip-25desetembre-rubi\/wp-content\/uploads\/usu639\/2026\/04\/ajuts-menjador-26-27.jpg\" alt=\"\" class=\"wp-image-7319\" srcset=\"https:\/\/agora.xtec.cat\/ceip-25desetembre-rubi\/wp-content\/uploads\/usu639\/2026\/04\/ajuts-menjador-26-27.jpg 729w, https:\/\/agora.xtec.cat\/ceip-25desetembre-rubi\/wp-content\/uploads\/usu639\/2026\/04\/ajuts-menjador-26-27-300x207.jpg 300w\" sizes=\"auto, (max-width: 729px) 100vw, 729px\" \/><\/a><\/figure>\n","protected":false},"excerpt":{"rendered":"<p>&nbsp;La convocat\u00f2ria d\u2019ajuts de menjador escolar pel curs 2026-2027 ser\u00e0 des del dia 29 d\u2019abril fins el 22 de maig. Per a qualsevol dubte o aclariment, poden posar-se en contacte al correu del servei&nbsp;bequesmenjador@ajrubi.cat.<\/p>\n","protected":false},"author":1,"featured_media":7319,"comment_status":"open","ping_status":"open","sticky":false,"template":"","format":"standard","meta":{"_bbp_topic_count":0,"_bbp_reply_count":0,"_bbp_total_topic_count":0,"_bbp_total_reply_count":0,"_bbp_voice_count":0,"_bbp_anonymous_reply_count":0,"_bbp_topic_count_hidden":0,"_bbp_reply_count_hidden":0,"_bbp_forum_subforum_count":0,"site-sidebar-layout":"default","site-content-layout":"","ast-site-content-layout":"default","site-content-style":"default","site-sidebar-style":"default","ast-global-header-display":"","ast-banner-title-visibility":"","ast-main-header-display":"","ast-hfb-above-header-display":"","ast-hfb-below-header-display":"","ast-hfb-mobile-header-display":"","site-post-title":"","ast-breadcrumbs-content":"","ast-featured-img":"","footer-sml-layout":"","theme-transparent-header-meta":"","adv-header-id-meta":"","stick-header-meta":"","header-above-stick-meta":"","header-main-stick-meta":"","header-below-stick-meta":"","astra-migrate-meta-layouts":"set","ast-page-background-enabled":"default","ast-page-background-meta":{"desktop":{"background-color":"var(--ast-global-color-4)","background-image":"","background-repeat":"repeat","background-position":"center center","background-size":"auto","background-attachment":"scroll","background-type":"","background-media":"","overlay-type":"","overlay-color":"","overlay-opacity":"","overlay-gradient":""},"tablet":{"background-color":"","background-image":"","background-repeat":"repeat","background-position":"center center","background-size":"auto","background-attachment":"scroll","background-type":"","background-media":"","overlay-type":"","overlay-color":"","overlay-opacity":"","overlay-gradient":""},"mobile":{"background-color":"","background-image":"","background-repeat":"repeat","background-position":"center center","background-size":"auto","background-attachment":"scroll","background-type":"","background-media":"","overlay-type":"","overlay-color":"","overlay-opacity":"","overlay-gradient":""}},"ast-content-background-meta":{"desktop":{"background-color":"var(--ast-global-color-5)","background-image":"","background-repeat":"repeat","background-position":"center center","background-size":"auto","background-attachment":"scroll","background-type":"","background-media":"","overlay-type":"","overlay-color":"","overlay-opacity":"","overlay-gradient":""},"tablet":{"background-color":"var(--ast-global-color-5)","background-image":"","background-repeat":"repeat","background-position":"center center","background-size":"auto","background-attachment":"scroll","background-type":"","background-media":"","overlay-type":"","overlay-color":"","overlay-opacity":"","overlay-gradient":""},"mobile":{"background-color":"var(--ast-global-color-5)","background-image":"","background-repeat":"repeat","background-position":"center center","background-size":"auto","background-attachment":"scroll","background-type":"","background-media":"","overlay-type":"","overlay-color":"","overlay-opacity":"","overlay-gradient":""}},"footnotes":""},"categories":[1,66,4],"tags":[],"class_list":["post-7320","post","type-post","status-publish","format-standard","has-post-thumbnail","hentry","category-general","category-menjador","category-portada"],"post_mailing_queue_ids":[],"_links":{"self":[{"href":"https:\/\/agora.xtec.cat\/ceip-25desetembre-rubi\/wp-json\/wp\/v2\/posts\/7320","targetHints":{"allow":["GET"]}}],"collection":[{"href":"https:\/\/agora.xtec.cat\/ceip-25desetembre-rubi\/wp-json\/wp\/v2\/posts"}],"about":[{"href":"https:\/\/agora.xtec.cat\/ceip-25desetembre-rubi\/wp-json\/wp\/v2\/types\/post"}],"author":[{"embeddable":true,"href":"https:\/\/agora.xtec.cat\/ceip-25desetembre-rubi\/wp-json\/wp\/v2\/users\/1"}],"replies":[{"embeddable":true,"href":"https:\/\/agora.xtec.cat\/ceip-25desetembre-rubi\/wp-json\/wp\/v2\/comments?post=7320"}],"version-history":[{"count":2,"href":"https:\/\/agora.xtec.cat\/ceip-25desetembre-rubi\/wp-json\/wp\/v2\/posts\/7320\/revisions"}],"predecessor-version":[{"id":7323,"href":"https:\/\/agora.xtec.cat\/ceip-25desetembre-rubi\/wp-json\/wp\/v2\/posts\/7320\/revisions\/7323"}],"wp:featuredmedia":[{"embeddable":true,"href":"https:\/\/agora.xtec.cat\/ceip-25desetembre-rubi\/wp-json\/wp\/v2\/media\/7319"}],"wp:attachment":[{"href":"https:\/\/agora.xtec.cat\/ceip-25desetembre-rubi\/wp-json\/wp\/v2\/media?parent=7320"}],"wp:term":[{"taxonomy":"category","embeddable":true,"href":"https:\/\/agora.xtec.cat\/ceip-25desetembre-rubi\/wp-json\/wp\/v2\/categories?post=7320"},{"taxonomy":"post_tag","embeddable":true,"href":"https:\/\/agora.xtec.cat\/ceip-25desetembre-rubi\/wp-json\/wp\/v2\/tags?post=7320"}],"curies":[{"name":"wp","href":"https:\/\/api.w.org\/{rel}","templated":true}]}}