{"id":7243,"date":"2026-04-29T09:08:05","date_gmt":"2026-04-29T07:08:05","guid":{"rendered":"https:\/\/agora.xtec.cat\/ceip-25desetembre-rubi\/?p=7243"},"modified":"2026-04-29T09:06:41","modified_gmt":"2026-04-29T07:06:41","slug":"preinscripcio-26-27","status":"publish","type":"post","link":"https:\/\/agora.xtec.cat\/ceip-25desetembre-rubi\/general\/preinscripcio-26-27\/","title":{"rendered":"PREINSCRIPCI\u00d3 26-27"},"content":{"rendered":"\n<p>\u00a0<\/p>\n<table style=\"border-collapse: collapse; width: 100%; height: 417px;\">\n<tbody>\n<tr style=\"border-style: inset; border-color: #120202;\">\n<td class=\"has-text-align-left\" style=\"width: 75.4435%; height: 32px; border-style: solid; border-color: #0a0101;\" data-align=\"left\"><strong>FASES DE LA PREINSCRIPCI\u00d3<\/strong><\/td>\n<td class=\"has-text-align-center\" style=\"width: 24.4631%; height: 32px; border-style: solid; border-color: #0a0101;\" data-align=\"center\"><strong>DATES<\/strong><\/td>\n<\/tr>\n<tr style=\"border-style: inset; border-color: #120202;\">\n<td class=\"has-text-align-left\" style=\"width: 75.4435%; height: 32px; border-style: solid; border-color: #0a0101;\" data-align=\"left\"><a href=\"https:\/\/agora.xtec.cat\/ceip-25desetembre-rubi\/wp-content\/uploads\/usu639\/2026\/03\/INFORME_OFERTA_OME_INFORME_OFERTA.pdf\">Publicaci\u00f3 de l\u2019oferta inicial<\/a><\/td>\n<td class=\"has-text-align-center\" style=\"width: 24.4631%; height: 32px; border-style: solid; border-color: #0a0101;\" data-align=\"center\">3 de mar\u00e7<\/td>\n<\/tr>\n<tr style=\"border-style: inset; border-color: #120202;\">\n<td class=\"has-text-align-left\" style=\"width: 75.4435%; height: 32px; border-style: solid; border-color: #0a0101;\" data-align=\"left\">Presentaci\u00f3 i\/o modificaci\u00f3 de sol\u00b7licituds<\/td>\n<td class=\"has-text-align-center\" style=\"width: 24.4631%; height: 32px; border-style: solid; border-color: #0a0101;\" data-align=\"center\">Del 4 al 18 de mar\u00e7<\/td>\n<\/tr>\n<tr style=\"border-style: inset; border-color: #120202;\">\n<td class=\"has-text-align-left\" style=\"width: 75.4435%; height: 32px; border-style: solid; border-color: #0a0101;\" data-align=\"left\">Presentaci\u00f3 de documentaci\u00f3<\/td>\n<td class=\"has-text-align-center\" style=\"width: 24.4631%; height: 32px; border-style: solid; border-color: #0a0101;\" data-align=\"center\">Fins el 19 de mar\u00e7<\/td>\n<\/tr>\n<tr style=\"border-style: inset; border-color: #120202;\">\n<td class=\"has-text-align-left\" style=\"width: 75.4435%; height: 32px; border-style: solid; border-color: #0a0101;\" data-align=\"left\"><a href=\"https:\/\/agora.xtec.cat\/ceip-25desetembre-rubi\/wp-content\/uploads\/usu639\/2026\/04\/INFORME_BAREM_PROVISIONAL_BAREM.pdf\" target=\"_blank\" rel=\"noopener\">Publicaci\u00f3 de la llista de sol\u00b7licituds amb la puntuaci\u00f3 provisional<\/a><\/td>\n<td class=\"has-text-align-center\" style=\"width: 24.4631%; height: 32px; border-style: solid; border-color: #0a0101;\" data-align=\"center\">15 d\u2019abril<\/td>\n<\/tr>\n<tr style=\"border-style: inset; border-color: #120202;\">\n<td class=\"has-text-align-left\" style=\"width: 75.4435%; height: 32px; border-style: solid; border-color: #0a0101;\" data-align=\"left\">Presentaci\u00f3 de reclamacions a la llista amb la puntuaci\u00f3 provisional<\/td>\n<td class=\"has-text-align-center\" style=\"width: 24.4631%; height: 32px; border-style: solid; border-color: #0a0101;\" data-align=\"center\">15 d\u2019abril al 20 d\u2019abril<\/td>\n<\/tr>\n<tr style=\"border-style: inset; border-color: #120202;\">\n<td class=\"has-text-align-left\" style=\"width: 75.4435%; height: 32px; border-style: solid; border-color: #0a0101;\" data-align=\"left\"><a href=\"https:\/\/agora.xtec.cat\/ceip-25desetembre-rubi\/wp-content\/uploads\/usu639\/2026\/04\/INFORME_BAREM_RESOLTES_BAREM.pdf\" target=\"_blank\" rel=\"noopener\">Publicaci\u00f3 de la llista amb la puntuaci\u00f3, resoltes les reclamacions<\/a><\/td>\n<td class=\"has-text-align-center\" style=\"width: 24.4631%; height: 32px; border-style: solid; border-color: #0a0101;\" data-align=\"center\">23 d\u2019abril<\/td>\n<\/tr>\n<tr style=\"border-style: inset; border-color: #120202;\">\n<td class=\"has-text-align-left\" style=\"width: 75.4435%; height: 32px; border-style: solid; border-color: #0a0101;\" data-align=\"left\">Sorteig. N\u00famero de desempat: 42129<\/td>\n<td class=\"has-text-align-center\" style=\"width: 24.4631%; height: 32px; border-style: solid; border-color: #0a0101;\" data-align=\"center\">28 d\u2019abril<\/td>\n<\/tr>\n<tr style=\"border-style: inset; border-color: #120202;\">\n<td class=\"has-text-align-left\" style=\"width: 75.4435%; height: 32px; border-style: solid; border-color: #0a0101;\" data-align=\"left\"><a href=\"https:\/\/agora.xtec.cat\/ceip-25desetembre-rubi\/wp-content\/uploads\/usu639\/2026\/04\/INFORME_BAREM_DEFINITIU_BAREM.pdf\" target=\"_blank\" rel=\"noopener\">Publicaci\u00f3 de la llista ordenada<\/a><\/td>\n<td class=\"has-text-align-center\" style=\"width: 24.4631%; height: 32px; border-style: solid; border-color: #0a0101;\" data-align=\"center\">29 d\u2019abril<\/td>\n<\/tr>\n<tr style=\"border-style: inset; border-color: #120202;\">\n<td class=\"has-text-align-left\" style=\"width: 75.4435%; height: 97px; border-style: solid; border-color: #0a0101;\" data-align=\"left\">Publicaci\u00f3 de l\u2019oferta final<br \/>Publicaci\u00f3 de la llista d\u2019admesos<br \/>Publicaci\u00f3 llista d\u2019espera<\/td>\n<td class=\"has-text-align-center\" style=\"width: 24.4631%; height: 97px; border-style: solid; border-color: #0a0101;\" data-align=\"center\">10 de juny<\/td>\n<\/tr>\n<tr style=\"border-style: inset; border-color: #120202;\">\n<td class=\"has-text-align-left\" style=\"width: 75.4435%; height: 32px; border-style: solid; border-color: #0a0101;\" data-align=\"left\">Per\u00edode de matriculaci\u00f3<\/td>\n<td class=\"has-text-align-center\" style=\"width: 24.4631%; height: 32px; border-style: solid; border-color: #0a0101;\" data-align=\"center\">Del 22 al 30 de juny<\/td>\n<\/tr>\n<\/tbody>\n<\/table>\n<h5>\u00a0<\/h5>\n\n\n\n<p><\/p>\n","protected":false},"excerpt":{"rendered":"<p>\u00a0 FASES DE LA PREINSCRIPCI\u00d3 DATES Publicaci\u00f3 de l\u2019oferta inicial 3 de mar\u00e7 Presentaci\u00f3 i\/o modificaci\u00f3 de sol\u00b7licituds Del 4 al 18 de mar\u00e7 Presentaci\u00f3 de documentaci\u00f3 Fins el 19 de mar\u00e7 Publicaci\u00f3 de la llista de sol\u00b7licituds amb la puntuaci\u00f3 provisional 15 d\u2019abril Presentaci\u00f3 de reclamacions a la llista amb la puntuaci\u00f3 provisional 15 [&hellip;]<\/p>\n","protected":false},"author":1,"featured_media":7245,"comment_status":"open","ping_status":"open","sticky":false,"template":"","format":"standard","meta":{"_bbp_topic_count":0,"_bbp_reply_count":0,"_bbp_total_topic_count":0,"_bbp_total_reply_count":0,"_bbp_voice_count":0,"_bbp_anonymous_reply_count":0,"_bbp_topic_count_hidden":0,"_bbp_reply_count_hidden":0,"_bbp_forum_subforum_count":0,"site-sidebar-layout":"default","site-content-layout":"","ast-site-content-layout":"default","site-content-style":"default","site-sidebar-style":"default","ast-global-header-display":"","ast-banner-title-visibility":"","ast-main-header-display":"","ast-hfb-above-header-display":"","ast-hfb-below-header-display":"","ast-hfb-mobile-header-display":"","site-post-title":"","ast-breadcrumbs-content":"","ast-featured-img":"disabled","footer-sml-layout":"","theme-transparent-header-meta":"","adv-header-id-meta":"","stick-header-meta":"","header-above-stick-meta":"","header-main-stick-meta":"","header-below-stick-meta":"","astra-migrate-meta-layouts":"set","ast-page-background-enabled":"default","ast-page-background-meta":{"desktop":{"background-color":"var(--ast-global-color-4)","background-image":"","background-repeat":"repeat","background-position":"center center","background-size":"auto","background-attachment":"scroll","background-type":"","background-media":"","overlay-type":"","overlay-color":"","overlay-opacity":"","overlay-gradient":""},"tablet":{"background-color":"","background-image":"","background-repeat":"repeat","background-position":"center center","background-size":"auto","background-attachment":"scroll","background-type":"","background-media":"","overlay-type":"","overlay-color":"","overlay-opacity":"","overlay-gradient":""},"mobile":{"background-color":"","background-image":"","background-repeat":"repeat","background-position":"center center","background-size":"auto","background-attachment":"scroll","background-type":"","background-media":"","overlay-type":"","overlay-color":"","overlay-opacity":"","overlay-gradient":""}},"ast-content-background-meta":{"desktop":{"background-color":"var(--ast-global-color-5)","background-image":"","background-repeat":"repeat","background-position":"center center","background-size":"auto","background-attachment":"scroll","background-type":"","background-media":"","overlay-type":"","overlay-color":"","overlay-opacity":"","overlay-gradient":""},"tablet":{"background-color":"var(--ast-global-color-5)","background-image":"","background-repeat":"repeat","background-position":"center center","background-size":"auto","background-attachment":"scroll","background-type":"","background-media":"","overlay-type":"","overlay-color":"","overlay-opacity":"","overlay-gradient":""},"mobile":{"background-color":"var(--ast-global-color-5)","background-image":"","background-repeat":"repeat","background-position":"center center","background-size":"auto","background-attachment":"scroll","background-type":"","background-media":"","overlay-type":"","overlay-color":"","overlay-opacity":"","overlay-gradient":""}},"footnotes":""},"categories":[1,4],"tags":[],"class_list":["post-7243","post","type-post","status-publish","format-standard","has-post-thumbnail","hentry","category-general","category-portada"],"post_mailing_queue_ids":[],"_links":{"self":[{"href":"https:\/\/agora.xtec.cat\/ceip-25desetembre-rubi\/wp-json\/wp\/v2\/posts\/7243","targetHints":{"allow":["GET"]}}],"collection":[{"href":"https:\/\/agora.xtec.cat\/ceip-25desetembre-rubi\/wp-json\/wp\/v2\/posts"}],"about":[{"href":"https:\/\/agora.xtec.cat\/ceip-25desetembre-rubi\/wp-json\/wp\/v2\/types\/post"}],"author":[{"embeddable":true,"href":"https:\/\/agora.xtec.cat\/ceip-25desetembre-rubi\/wp-json\/wp\/v2\/users\/1"}],"replies":[{"embeddable":true,"href":"https:\/\/agora.xtec.cat\/ceip-25desetembre-rubi\/wp-json\/wp\/v2\/comments?post=7243"}],"version-history":[{"count":6,"href":"https:\/\/agora.xtec.cat\/ceip-25desetembre-rubi\/wp-json\/wp\/v2\/posts\/7243\/revisions"}],"predecessor-version":[{"id":7333,"href":"https:\/\/agora.xtec.cat\/ceip-25desetembre-rubi\/wp-json\/wp\/v2\/posts\/7243\/revisions\/7333"}],"wp:featuredmedia":[{"embeddable":true,"href":"https:\/\/agora.xtec.cat\/ceip-25desetembre-rubi\/wp-json\/wp\/v2\/media\/7245"}],"wp:attachment":[{"href":"https:\/\/agora.xtec.cat\/ceip-25desetembre-rubi\/wp-json\/wp\/v2\/media?parent=7243"}],"wp:term":[{"taxonomy":"category","embeddable":true,"href":"https:\/\/agora.xtec.cat\/ceip-25desetembre-rubi\/wp-json\/wp\/v2\/categories?post=7243"},{"taxonomy":"post_tag","embeddable":true,"href":"https:\/\/agora.xtec.cat\/ceip-25desetembre-rubi\/wp-json\/wp\/v2\/tags?post=7243"}],"curies":[{"name":"wp","href":"https:\/\/api.w.org\/{rel}","templated":true}]}}