{"id":723,"date":"2013-10-12T10:28:32","date_gmt":"2013-10-12T08:28:32","guid":{"rendered":"http:\/\/escola25setembre.wordpress.com\/?p=89"},"modified":"2013-10-12T10:28:32","modified_gmt":"2013-10-12T08:28:32","slug":"castanyada-2013","status":"publish","type":"post","link":"https:\/\/agora.xtec.cat\/ceip-25desetembre-rubi\/comissio-de-festes\/castanyada-2013\/","title":{"rendered":"Castanyada 2013"},"content":{"rendered":"<p dir=\"ltr\" style=\"text-align:justify;\"><span style=\"color:#000000;\">Estimades\u00a0fam\u00edlies,<\/span><\/p>\n<p dir=\"ltr\" style=\"text-align:justify;\"><span style=\"color:#000000;\">Ja\u00a0s\u2019acosta\u00a0la\u00a0castanyada\u00a0i com cada any us demanem\u00a0la\u00a0vostra col\u00b7laboraci\u00f3 en la\u00a0festa. Aix\u00ed doncs,\u00a0totes aquelles fam\u00edlies que us\u00a0vau apuntar a la comissi\u00f3 de\u00a0festes\u00a0i vulgueu participar ho podeu fer torrant castanyes o fent de castanyera o boletaire ( ben disfressats!!).<\/span><\/p>\n<p dir=\"ltr\" style=\"text-align:justify;\"><span style=\"color:#000000;\">Els que vulgueu torrar castanyes, us convoquem\u00a0el dijous 31 d&#8217;octubre,\u00a0a partir de les 10:00h a\u00a0la\u00a0sala\u00a0de mestres.<\/span><\/p>\n<p dir=\"ltr\" style=\"text-align:justify;\"><span style=\"color:#000000;\">Els que us disfresseu de castanyera o boletaire us convoquem\u00a0el mateix\u00a0dijous 31 d&#8217;octubre,\u00a0a les 14:55h a\u00a0la\u00a0biblioteca.<\/span><\/p>\n<p dir=\"ltr\" style=\"text-align:justify;\"><span style=\"color:#000000;\">Us agrair\u00edem que ens ho comuniqu\u00e9ssiu mitjan\u00e7ant l\u2019agenda i en el cas d\u2019educaci\u00f3 infantil apuntant-vos a\u00a0la\u00a0llista de\u00a0la\u00a0porta de\u00a0la\u00a0classe del vostre fill\/a.<\/span><\/p>\n<p dir=\"ltr\" style=\"text-align:justify;\"><span style=\"color:#000000;\">Moltes gr\u00e0cies!<\/span><\/p>\n<p dir=\"ltr\" style=\"text-align:justify;\"><span style=\"color:#000000;\">La\u00a0comissi\u00f3 de festes<\/span><\/p>\n","protected":false},"excerpt":{"rendered":"<p>Estimades\u00a0fam\u00edlies, Ja\u00a0s\u2019acosta\u00a0la\u00a0castanyada\u00a0i com cada any us demanem\u00a0la\u00a0vostra col\u00b7laboraci\u00f3 en la\u00a0festa. Aix\u00ed doncs,\u00a0totes aquelles fam\u00edlies que us\u00a0vau apuntar a la comissi\u00f3 de\u00a0festes\u00a0i vulgueu participar ho podeu fer torrant castanyes o fent de castanyera o boletaire ( ben disfressats!!). Els que vulgueu torrar castanyes, us convoquem\u00a0el dijous 31 d&#8217;octubre,\u00a0a partir de les 10:00h a\u00a0la\u00a0sala\u00a0de mestres. Els que [&hellip;]<\/p>\n","protected":false},"author":1,"featured_media":92,"comment_status":"closed","ping_status":"open","sticky":false,"template":"","format":"standard","meta":{"_bbp_topic_count":0,"_bbp_reply_count":0,"_bbp_total_topic_count":0,"_bbp_total_reply_count":0,"_bbp_voice_count":0,"_bbp_anonymous_reply_count":0,"_bbp_topic_count_hidden":0,"_bbp_reply_count_hidden":0,"_bbp_forum_subforum_count":0,"site-sidebar-layout":"default","site-content-layout":"","ast-site-content-layout":"","site-content-style":"default","site-sidebar-style":"default","ast-global-header-display":"","ast-banner-title-visibility":"","ast-main-header-display":"","ast-hfb-above-header-display":"","ast-hfb-below-header-display":"","ast-hfb-mobile-header-display":"","site-post-title":"","ast-breadcrumbs-content":"","ast-featured-img":"","footer-sml-layout":"","theme-transparent-header-meta":"","adv-header-id-meta":"","stick-header-meta":"","header-above-stick-meta":"","header-main-stick-meta":"","header-below-stick-meta":"","astra-migrate-meta-layouts":"default","ast-page-background-enabled":"default","ast-page-background-meta":{"desktop":{"background-color":"var(--ast-global-color-4)","background-image":"","background-repeat":"repeat","background-position":"center center","background-size":"auto","background-attachment":"scroll","background-type":"","background-media":"","overlay-type":"","overlay-color":"","overlay-opacity":"","overlay-gradient":""},"tablet":{"background-color":"","background-image":"","background-repeat":"repeat","background-position":"center center","background-size":"auto","background-attachment":"scroll","background-type":"","background-media":"","overlay-type":"","overlay-color":"","overlay-opacity":"","overlay-gradient":""},"mobile":{"background-color":"","background-image":"","background-repeat":"repeat","background-position":"center center","background-size":"auto","background-attachment":"scroll","background-type":"","background-media":"","overlay-type":"","overlay-color":"","overlay-opacity":"","overlay-gradient":""}},"ast-content-background-meta":{"desktop":{"background-color":"var(--ast-global-color-5)","background-image":"","background-repeat":"repeat","background-position":"center center","background-size":"auto","background-attachment":"scroll","background-type":"","background-media":"","overlay-type":"","overlay-color":"","overlay-opacity":"","overlay-gradient":""},"tablet":{"background-color":"var(--ast-global-color-5)","background-image":"","background-repeat":"repeat","background-position":"center center","background-size":"auto","background-attachment":"scroll","background-type":"","background-media":"","overlay-type":"","overlay-color":"","overlay-opacity":"","overlay-gradient":""},"mobile":{"background-color":"var(--ast-global-color-5)","background-image":"","background-repeat":"repeat","background-position":"center center","background-size":"auto","background-attachment":"scroll","background-type":"","background-media":"","overlay-type":"","overlay-color":"","overlay-opacity":"","overlay-gradient":""}},"footnotes":""},"categories":[22],"tags":[],"class_list":["post-723","post","type-post","status-publish","format-standard","has-post-thumbnail","hentry","category-comissio-de-festes"],"post_mailing_queue_ids":[],"_links":{"self":[{"href":"https:\/\/agora.xtec.cat\/ceip-25desetembre-rubi\/wp-json\/wp\/v2\/posts\/723","targetHints":{"allow":["GET"]}}],"collection":[{"href":"https:\/\/agora.xtec.cat\/ceip-25desetembre-rubi\/wp-json\/wp\/v2\/posts"}],"about":[{"href":"https:\/\/agora.xtec.cat\/ceip-25desetembre-rubi\/wp-json\/wp\/v2\/types\/post"}],"author":[{"embeddable":true,"href":"https:\/\/agora.xtec.cat\/ceip-25desetembre-rubi\/wp-json\/wp\/v2\/users\/1"}],"replies":[{"embeddable":true,"href":"https:\/\/agora.xtec.cat\/ceip-25desetembre-rubi\/wp-json\/wp\/v2\/comments?post=723"}],"version-history":[{"count":0,"href":"https:\/\/agora.xtec.cat\/ceip-25desetembre-rubi\/wp-json\/wp\/v2\/posts\/723\/revisions"}],"wp:featuredmedia":[{"embeddable":true,"href":"https:\/\/agora.xtec.cat\/ceip-25desetembre-rubi\/wp-json\/"}],"wp:attachment":[{"href":"https:\/\/agora.xtec.cat\/ceip-25desetembre-rubi\/wp-json\/wp\/v2\/media?parent=723"}],"wp:term":[{"taxonomy":"category","embeddable":true,"href":"https:\/\/agora.xtec.cat\/ceip-25desetembre-rubi\/wp-json\/wp\/v2\/categories?post=723"},{"taxonomy":"post_tag","embeddable":true,"href":"https:\/\/agora.xtec.cat\/ceip-25desetembre-rubi\/wp-json\/wp\/v2\/tags?post=723"}],"curies":[{"name":"wp","href":"https:\/\/api.w.org\/{rel}","templated":true}]}}