{"id":721,"date":"2013-10-09T18:33:53","date_gmt":"2013-10-09T16:33:53","guid":{"rendered":"http:\/\/escola25setembre.wordpress.com\/?p=8"},"modified":"2022-09-09T19:55:03","modified_gmt":"2022-09-09T17:55:03","slug":"prova","status":"publish","type":"post","link":"https:\/\/agora.xtec.cat\/ceip-25desetembre-rubi\/general\/prova\/","title":{"rendered":"Fira del trasto"},"content":{"rendered":"<p dir=\"ltr\"><span style=\"color: #990000; font-family: verdana, sans-serif; font-size: small;\">Benvolgudes fam\u00edlies<\/span><\/p>\n<p dir=\"ltr\"><span style=\"color: #990000; font-family: verdana, sans-serif; font-size: small;\">Com ja sabeu cada cop ten<\/span>im m\u00e9s retallades en les aportacions econ\u00f2miques destinades a l\u2019educaci\u00f3.<\/p>\n<p dir=\"ltr\"><span style=\"color: #990000; font-family: verdana, sans-serif; font-size: small;\">Des de l\u2019Escola i la Junta directiva de l\u2019AMPA, hem valorat que seria \u00a0molt positiu pels nostres fills\/es fer una brigada de pares i mares per poder fer petites reparacions o adequacions a la nostra escola.<\/span><\/p>\n<p><span style=\"color: #990000; font-family: verdana, sans-serif; font-size: small;\">Com ens falten medis econ\u00f2mics, hem proposat retornar a fer la Fira del Trasto i aprofitar els diners recaptats per fer les brigades d\u2019obres. \u00c9s per aix\u00f2 que, tothom que tingui joguines, roba, llibres, CD, etc&#8230;. en bon estat i vulgui donar-los de forma volunt\u00e0ria, ho pot portar a l\u2019escola i donar-li als conserges o a l\u2019oficina de l\u2019AMPA fins el dia 28 d\u2019octubre de 2013.<\/span><\/p>\n<p><span style=\"color: #990000; font-family: verdana, sans-serif; font-size: small;\">\u00a0<\/span><\/p>\n<p dir=\"ltr\"><span style=\"color: #990000; font-family: verdana, sans-serif; font-size: small;\">Fins aviat.<\/span><\/p>\n<p dir=\"ltr\"><span style=\"color: #990000; font-family: verdana, sans-serif; font-size: small;\">\u00a0<\/span><\/p>\n<p dir=\"ltr\"><span style=\"color: #990000; font-family: verdana, sans-serif; font-size: small;\">Escola i AMPA<b> <\/b><\/span><\/p>\n","protected":false},"excerpt":{"rendered":"<p>Benvolgudes fam\u00edlies Com ja sabeu cada cop tenim m\u00e9s retallades en les aportacions econ\u00f2miques destinades a l\u2019educaci\u00f3. Des de l\u2019Escola i la Junta directiva de l\u2019AMPA, hem valorat que seria \u00a0molt positiu pels nostres fills\/es fer una brigada de pares i mares per poder fer petites reparacions o adequacions a la nostra escola. Com ens [&hellip;]<\/p>\n","protected":false},"author":1,"featured_media":29,"comment_status":"closed","ping_status":"closed","sticky":false,"template":"","format":"standard","meta":{"_bbp_topic_count":0,"_bbp_reply_count":0,"_bbp_total_topic_count":0,"_bbp_total_reply_count":0,"_bbp_voice_count":0,"_bbp_anonymous_reply_count":0,"_bbp_topic_count_hidden":0,"_bbp_reply_count_hidden":0,"_bbp_forum_subforum_count":0,"site-sidebar-layout":"default","site-content-layout":"","ast-site-content-layout":"","site-content-style":"default","site-sidebar-style":"default","ast-global-header-display":"","ast-banner-title-visibility":"","ast-main-header-display":"","ast-hfb-above-header-display":"","ast-hfb-below-header-display":"","ast-hfb-mobile-header-display":"","site-post-title":"","ast-breadcrumbs-content":"","ast-featured-img":"","footer-sml-layout":"","theme-transparent-header-meta":"","adv-header-id-meta":"","stick-header-meta":"","header-above-stick-meta":"","header-main-stick-meta":"","header-below-stick-meta":"","astra-migrate-meta-layouts":"default","ast-page-background-enabled":"default","ast-page-background-meta":{"desktop":{"background-color":"var(--ast-global-color-4)","background-image":"","background-repeat":"repeat","background-position":"center center","background-size":"auto","background-attachment":"scroll","background-type":"","background-media":"","overlay-type":"","overlay-color":"","overlay-opacity":"","overlay-gradient":""},"tablet":{"background-color":"","background-image":"","background-repeat":"repeat","background-position":"center center","background-size":"auto","background-attachment":"scroll","background-type":"","background-media":"","overlay-type":"","overlay-color":"","overlay-opacity":"","overlay-gradient":""},"mobile":{"background-color":"","background-image":"","background-repeat":"repeat","background-position":"center center","background-size":"auto","background-attachment":"scroll","background-type":"","background-media":"","overlay-type":"","overlay-color":"","overlay-opacity":"","overlay-gradient":""}},"ast-content-background-meta":{"desktop":{"background-color":"var(--ast-global-color-5)","background-image":"","background-repeat":"repeat","background-position":"center center","background-size":"auto","background-attachment":"scroll","background-type":"","background-media":"","overlay-type":"","overlay-color":"","overlay-opacity":"","overlay-gradient":""},"tablet":{"background-color":"var(--ast-global-color-5)","background-image":"","background-repeat":"repeat","background-position":"center center","background-size":"auto","background-attachment":"scroll","background-type":"","background-media":"","overlay-type":"","overlay-color":"","overlay-opacity":"","overlay-gradient":""},"mobile":{"background-color":"var(--ast-global-color-5)","background-image":"","background-repeat":"repeat","background-position":"center center","background-size":"auto","background-attachment":"scroll","background-type":"","background-media":"","overlay-type":"","overlay-color":"","overlay-opacity":"","overlay-gradient":""}},"footnotes":""},"categories":[1],"tags":[],"class_list":["post-721","post","type-post","status-publish","format-standard","has-post-thumbnail","hentry","category-general"],"post_mailing_queue_ids":[],"_links":{"self":[{"href":"https:\/\/agora.xtec.cat\/ceip-25desetembre-rubi\/wp-json\/wp\/v2\/posts\/721","targetHints":{"allow":["GET"]}}],"collection":[{"href":"https:\/\/agora.xtec.cat\/ceip-25desetembre-rubi\/wp-json\/wp\/v2\/posts"}],"about":[{"href":"https:\/\/agora.xtec.cat\/ceip-25desetembre-rubi\/wp-json\/wp\/v2\/types\/post"}],"author":[{"embeddable":true,"href":"https:\/\/agora.xtec.cat\/ceip-25desetembre-rubi\/wp-json\/wp\/v2\/users\/1"}],"replies":[{"embeddable":true,"href":"https:\/\/agora.xtec.cat\/ceip-25desetembre-rubi\/wp-json\/wp\/v2\/comments?post=721"}],"version-history":[{"count":1,"href":"https:\/\/agora.xtec.cat\/ceip-25desetembre-rubi\/wp-json\/wp\/v2\/posts\/721\/revisions"}],"predecessor-version":[{"id":5301,"href":"https:\/\/agora.xtec.cat\/ceip-25desetembre-rubi\/wp-json\/wp\/v2\/posts\/721\/revisions\/5301"}],"wp:featuredmedia":[{"embeddable":true,"href":"https:\/\/agora.xtec.cat\/ceip-25desetembre-rubi\/wp-json\/"}],"wp:attachment":[{"href":"https:\/\/agora.xtec.cat\/ceip-25desetembre-rubi\/wp-json\/wp\/v2\/media?parent=721"}],"wp:term":[{"taxonomy":"category","embeddable":true,"href":"https:\/\/agora.xtec.cat\/ceip-25desetembre-rubi\/wp-json\/wp\/v2\/categories?post=721"},{"taxonomy":"post_tag","embeddable":true,"href":"https:\/\/agora.xtec.cat\/ceip-25desetembre-rubi\/wp-json\/wp\/v2\/tags?post=721"}],"curies":[{"name":"wp","href":"https:\/\/api.w.org\/{rel}","templated":true}]}}