{"id":6926,"date":"2025-06-20T08:56:29","date_gmt":"2025-06-20T06:56:29","guid":{"rendered":"https:\/\/agora.xtec.cat\/ceip-25desetembre-rubi\/?p=6926"},"modified":"2025-06-20T08:56:29","modified_gmt":"2025-06-20T06:56:29","slug":"programa-dia-internacional-de-la-radio","status":"publish","type":"post","link":"https:\/\/agora.xtec.cat\/ceip-25desetembre-rubi\/portada\/programa-dia-internacional-de-la-radio\/","title":{"rendered":"Programa Dia internacional de la R\u00e0dio"},"content":{"rendered":"<p>Benvolgudes fam\u00edlies,<\/p>\n<p>Avui tenim el plaer de compartir amb vosaltres el programa que vam gravar pel Dia Internacional de la R\u00e0dio. Us deixem l&#8217;ordre del programa a continuaci\u00f3 per tal que el tingueu.<\/p>\n<p>Desitgem que us agradi molt!<\/p>\n<p><a href=\"https:\/\/drive.google.com\/file\/d\/1EIcb3qduKK2O2gSkid9KuDYIcsF4Dgzv\/view?usp=drive_link\"><img loading=\"lazy\" decoding=\"async\" class=\"alignnone  wp-image-6927\" src=\"https:\/\/agora.xtec.cat\/ceip-25desetembre-rubi\/wp-content\/uploads\/usu639\/2025\/06\/radio-8820671_1280-1001x1024.png\" alt=\"\" width=\"208\" height=\"213\" srcset=\"https:\/\/agora.xtec.cat\/ceip-25desetembre-rubi\/wp-content\/uploads\/usu639\/2025\/06\/radio-8820671_1280-1001x1024.png 1001w, https:\/\/agora.xtec.cat\/ceip-25desetembre-rubi\/wp-content\/uploads\/usu639\/2025\/06\/radio-8820671_1280-293x300.png 293w, https:\/\/agora.xtec.cat\/ceip-25desetembre-rubi\/wp-content\/uploads\/usu639\/2025\/06\/radio-8820671_1280-768x786.png 768w, https:\/\/agora.xtec.cat\/ceip-25desetembre-rubi\/wp-content\/uploads\/usu639\/2025\/06\/radio-8820671_1280.png 1251w\" sizes=\"auto, (max-width: 208px) 100vw, 208px\" \/><\/a><\/p>\n<p><b>INFANTIL\u00a0<\/b><\/p>\n<p><span style=\"font-weight: 400;\">I-3: Can\u00e7\u00f3 del Bon dia\u00a0<\/span><\/p>\n<p><span style=\"font-weight: 400;\">I-4 A: Quin temps fa?\u00a0<\/span><\/p>\n<p><span style=\"font-weight: 400;\">I-4 B: Quin dia de la setmana \u00e9s?\u00a0<\/span><\/p>\n<p><span style=\"font-weight: 400;\">I-5: Qu\u00e8 \u00e9s una r\u00e0dio?\u00a0<\/span><\/p>\n<p><b>CICLE INICIAL <\/b><\/p>\n<p>Entrevista al Siscu de R\u00e0dio Rub\u00ed<\/p>\n<p><b>CICLE MITJ\u00c0\u00a0<\/b><\/p>\n<p><span style=\"font-weight: 500;\">Entrevista de 3r al Pep Borr\u00e0s\u00a0 <\/span><\/p>\n<p><span style=\"font-weight: 500;\">3rB fan de corresponsals a Hort del Puig.<\/span><\/p>\n<p><span style=\"font-weight: 400;\">3r Entrevista al Glenin (Viceprecident de l&#8217;AFA).<\/span><\/p>\n<p><span style=\"font-weight: 400;\">4t Ens explica els planetes del Sistema Solar<\/span><\/p>\n<p><b>CICLE SUPERIOR\u00a0<\/b><\/p>\n<p>5\u00e8 Carnavals del m\u00f3n<span style=\"font-family: inherit; font-size: 1em;\">.<\/span><\/p>\n<p>&nbsp;<\/p>\n<p>(6\u00e8 va fer entrevistes als i les mestres de l&#8217;escola en format v\u00eddeo, podeu trobar-lo al blog).<\/p>\n","protected":false},"excerpt":{"rendered":"<p>Benvolgudes fam\u00edlies, Avui tenim el plaer de compartir amb vosaltres el programa que vam gravar pel Dia Internacional de la R\u00e0dio. Us deixem l&#8217;ordre del programa a continuaci\u00f3 per tal que el tingueu. Desitgem que us agradi molt! INFANTIL\u00a0 I-3: Can\u00e7\u00f3 del Bon dia\u00a0 I-4 A: Quin temps fa?\u00a0 I-4 B: Quin dia de la [&hellip;]<\/p>\n","protected":false},"author":12,"featured_media":0,"comment_status":"open","ping_status":"open","sticky":false,"template":"","format":"standard","meta":{"_bbp_topic_count":0,"_bbp_reply_count":0,"_bbp_total_topic_count":0,"_bbp_total_reply_count":0,"_bbp_voice_count":0,"_bbp_anonymous_reply_count":0,"_bbp_topic_count_hidden":0,"_bbp_reply_count_hidden":0,"_bbp_forum_subforum_count":0,"site-sidebar-layout":"default","site-content-layout":"","ast-site-content-layout":"","site-content-style":"default","site-sidebar-style":"default","ast-global-header-display":"","ast-banner-title-visibility":"","ast-main-header-display":"","ast-hfb-above-header-display":"","ast-hfb-below-header-display":"","ast-hfb-mobile-header-display":"","site-post-title":"","ast-breadcrumbs-content":"","ast-featured-img":"","footer-sml-layout":"","theme-transparent-header-meta":"","adv-header-id-meta":"","stick-header-meta":"","header-above-stick-meta":"","header-main-stick-meta":"","header-below-stick-meta":"","astra-migrate-meta-layouts":"default","ast-page-background-enabled":"default","ast-page-background-meta":{"desktop":{"background-color":"var(--ast-global-color-4)","background-image":"","background-repeat":"repeat","background-position":"center center","background-size":"auto","background-attachment":"scroll","background-type":"","background-media":"","overlay-type":"","overlay-color":"","overlay-opacity":"","overlay-gradient":""},"tablet":{"background-color":"","background-image":"","background-repeat":"repeat","background-position":"center center","background-size":"auto","background-attachment":"scroll","background-type":"","background-media":"","overlay-type":"","overlay-color":"","overlay-opacity":"","overlay-gradient":""},"mobile":{"background-color":"","background-image":"","background-repeat":"repeat","background-position":"center center","background-size":"auto","background-attachment":"scroll","background-type":"","background-media":"","overlay-type":"","overlay-color":"","overlay-opacity":"","overlay-gradient":""}},"ast-content-background-meta":{"desktop":{"background-color":"var(--ast-global-color-5)","background-image":"","background-repeat":"repeat","background-position":"center center","background-size":"auto","background-attachment":"scroll","background-type":"","background-media":"","overlay-type":"","overlay-color":"","overlay-opacity":"","overlay-gradient":""},"tablet":{"background-color":"var(--ast-global-color-5)","background-image":"","background-repeat":"repeat","background-position":"center center","background-size":"auto","background-attachment":"scroll","background-type":"","background-media":"","overlay-type":"","overlay-color":"","overlay-opacity":"","overlay-gradient":""},"mobile":{"background-color":"var(--ast-global-color-5)","background-image":"","background-repeat":"repeat","background-position":"center center","background-size":"auto","background-attachment":"scroll","background-type":"","background-media":"","overlay-type":"","overlay-color":"","overlay-opacity":"","overlay-gradient":""}},"footnotes":""},"categories":[161,4],"tags":[77],"class_list":["post-6926","post","type-post","status-publish","format-standard","hentry","category-25fm","category-portada","tag-radio"],"post_mailing_queue_ids":[],"_links":{"self":[{"href":"https:\/\/agora.xtec.cat\/ceip-25desetembre-rubi\/wp-json\/wp\/v2\/posts\/6926","targetHints":{"allow":["GET"]}}],"collection":[{"href":"https:\/\/agora.xtec.cat\/ceip-25desetembre-rubi\/wp-json\/wp\/v2\/posts"}],"about":[{"href":"https:\/\/agora.xtec.cat\/ceip-25desetembre-rubi\/wp-json\/wp\/v2\/types\/post"}],"author":[{"embeddable":true,"href":"https:\/\/agora.xtec.cat\/ceip-25desetembre-rubi\/wp-json\/wp\/v2\/users\/12"}],"replies":[{"embeddable":true,"href":"https:\/\/agora.xtec.cat\/ceip-25desetembre-rubi\/wp-json\/wp\/v2\/comments?post=6926"}],"version-history":[{"count":1,"href":"https:\/\/agora.xtec.cat\/ceip-25desetembre-rubi\/wp-json\/wp\/v2\/posts\/6926\/revisions"}],"predecessor-version":[{"id":6928,"href":"https:\/\/agora.xtec.cat\/ceip-25desetembre-rubi\/wp-json\/wp\/v2\/posts\/6926\/revisions\/6928"}],"wp:attachment":[{"href":"https:\/\/agora.xtec.cat\/ceip-25desetembre-rubi\/wp-json\/wp\/v2\/media?parent=6926"}],"wp:term":[{"taxonomy":"category","embeddable":true,"href":"https:\/\/agora.xtec.cat\/ceip-25desetembre-rubi\/wp-json\/wp\/v2\/categories?post=6926"},{"taxonomy":"post_tag","embeddable":true,"href":"https:\/\/agora.xtec.cat\/ceip-25desetembre-rubi\/wp-json\/wp\/v2\/tags?post=6926"}],"curies":[{"name":"wp","href":"https:\/\/api.w.org\/{rel}","templated":true}]}}