{"id":6922,"date":"2025-06-16T11:40:25","date_gmt":"2025-06-16T09:40:25","guid":{"rendered":"https:\/\/agora.xtec.cat\/ceip-25desetembre-rubi\/?p=6922"},"modified":"2025-06-20T09:22:41","modified_gmt":"2025-06-20T07:22:41","slug":"informacions-preinscripcio-25-26","status":"publish","type":"post","link":"https:\/\/agora.xtec.cat\/ceip-25desetembre-rubi\/general\/informacions-preinscripcio-25-26\/","title":{"rendered":"<center>INFORMACIONS PREINSCRIPCI\u00d3 25-26<\/center>"},"content":{"rendered":"<p><img loading=\"lazy\" decoding=\"async\" class=\" wp-image-6741 aligncenter\" src=\"https:\/\/agora.xtec.cat\/ceip-25desetembre-rubi\/wp-content\/uploads\/usu639\/2025\/03\/GENE_CONSTRUIM_FUTURS_BANNER_745x250_Preinscripcio_-300x101.jpg\" alt=\"\" width=\"463\" height=\"156\" srcset=\"https:\/\/agora.xtec.cat\/ceip-25desetembre-rubi\/wp-content\/uploads\/usu639\/2025\/03\/GENE_CONSTRUIM_FUTURS_BANNER_745x250_Preinscripcio_-300x101.jpg 300w, https:\/\/agora.xtec.cat\/ceip-25desetembre-rubi\/wp-content\/uploads\/usu639\/2025\/03\/GENE_CONSTRUIM_FUTURS_BANNER_745x250_Preinscripcio_.jpg 744w\" sizes=\"auto, (max-width: 463px) 100vw, 463px\" \/><\/p>\n<ul>\n<li>\n<h5><span style=\"color: #000000;\">Publicaci\u00f3 de l&#8217;oferta final: cliqueu <a href=\"https:\/\/agora.xtec.cat\/ceip-25desetembre-rubi\/wp-content\/uploads\/usu639\/2025\/03\/INFORME_OFERTA_OME_INFORME_OFERTA-3.pdf\" target=\"_blank\" rel=\"noopener\">aqu\u00ed<\/a>.<\/span><\/h5>\n<\/li>\n<li>\n<h5><span style=\"color: #000000;\">Llistat d&#8217;alumnes assignats al centre amb indicaci\u00f3 de la primera petici\u00f3 a 16\/06\/2025: cliqueu<\/span> <a href=\"https:\/\/agora.xtec.cat\/ceip-25desetembre-rubi\/wp-content\/uploads\/usu639\/2025\/03\/INFORME_ASSIGNADES_INFORME_ASSIGNADES.pdf\" target=\"_blank\" rel=\"noopener\">aqu\u00ed<\/a>.<\/h5>\n<\/li>\n<li>\n<h5>Llistat d&#8217;alumnes preinscrits al centre 16\/06\/2025: cliqueu <a href=\"https:\/\/agora.xtec.cat\/ceip-25desetembre-rubi\/wp-content\/uploads\/usu639\/2025\/03\/INFORME_PREINSCRITES_OME_INFORME_PREINSCRITES_OME-1.pdf\" target=\"_blank\" rel=\"noopener\">aqu\u00ed<\/a>.<\/h5>\n<\/li>\n<li>\n<h5><span style=\"color: #000000;\">Publicaci\u00f3 de la llista d&#8217;espera del centre a 16\/06\/2025: cliqueu<\/span> <a href=\"https:\/\/agora.xtec.cat\/ceip-25desetembre-rubi\/wp-content\/uploads\/usu639\/2025\/03\/INFORME_LLISTA_ESPERA_OME_LLISTA_ESPERA.pdf\" target=\"_blank\" rel=\"noopener\">aqu\u00ed<\/a>.<\/h5>\n<\/li>\n<li>\n<h5>Els dies 17, 18 i 19 de juny es poden fer reclamacions a les assignacions a trav\u00e9s del seg\u00fcent <a href=\"https:\/\/educacio.gencat.cat\/ca\/tramits\/tramits-temes\/reclamacions-assignacions-preinscripcio-obligatoris\" target=\"_blank\" rel=\"noopener\">enlla\u00e7<\/a><\/h5>\n<p style=\"font-weight: 400;\">Per presentar una reclamaci\u00f3 caldr\u00e0 identificar-se digitalment.<br \/>\n<em>Pots identificar-te amb l&#8217;idCAT M\u00f2bil, Cl@ve, DNI electr\u00f2nic, idCAT Certificat, FNMT, T-CAT, etc. Pots donar-te d&#8217;alta, si vols utilitzar\u00a0<\/em><em><a href=\"https:\/\/idcatmobil.cat\/\" data-saferedirecturl=\"https:\/\/www.google.com\/url?q=https:\/\/idcatmobil.cat\/&amp;source=gmail&amp;ust=1749883516283000&amp;usg=AOvVaw3CjrJ0MNbvCPE3nGbIdPFA\">idCAT M\u00f2bil<\/a><\/em><\/p>\n<p style=\"font-weight: 400;\">Si no podeu\u00a0 identificar-vos digitalment podeu\u00a0 adre\u00e7ar-vos a l\u2019OME\u00a0 (horari de 9 a 14h) o trucar per demanar\u00a0cita : 935887000 EXT. 6369<\/p>\n<p style=\"font-weight: 400;\">Totes les reclamacions presentades es tracten per igual, tant si es presenten el primer dia com si es presenten el darrer.<\/p>\n<p style=\"font-weight: 400;\">La Comissi\u00f3 de Garanties d\u2019Admissi\u00f3 (CGA) es reunir\u00e0 per resoldre les reclamacions i les respondr\u00e0 \u00a0mitjan\u00e7ant una\u00a0<strong>notificaci\u00f3 electr\u00f2nica<\/strong>\u00a0<strong>en el mateix suport electr\u00f2nic en qu\u00e8 s\u2019hagin presentat.<\/strong><\/p>\n<hr \/>\n<\/li>\n<li>\n<h5><span style=\"color: #000000;\"><strong>Publicaci\u00f3 de la llista de sol\u00b7licituds que han demanat el centre i l&#8217;ensenyament en primera<\/strong> <strong>petici\u00f3 ordenada: cliqueu<\/strong><\/span> <a href=\"https:\/\/agora.xtec.cat\/ceip-25desetembre-rubi\/wp-content\/uploads\/usu639\/2025\/03\/INFORME_BAREM_DEFINITIU_BAREM-1.pdf\" target=\"_blank\" rel=\"noopener\">aqu\u00ed<\/a><span style=\"font-size: 1.125em;\">.<\/span><\/h5>\n<\/li>\n<li>\n<h5><span style=\"color: #000000;\"><strong>N\u00famero de desempat: 76.261<\/strong><\/span><\/h5>\n<\/li>\n<li>\n<h5><span style=\"color: #000000;\"><strong>Publicaci\u00f3 de la llista de sol\u00b7licituds que han demanat el centre i l&#8217;ensenyament en primera<br \/>\npetici\u00f3 amb la puntuaci\u00f3 resoltes les reclamacions: cliqueu<\/strong><\/span> <a href=\"https:\/\/agora.xtec.cat\/ceip-25desetembre-rubi\/wp-content\/uploads\/usu639\/2025\/03\/INFORME_BAREM_RESOLTES_RECLAMACIONS.pdf\" target=\"_blank\" rel=\"noopener\">aqu\u00ed<\/a>.<\/h5>\n<\/li>\n<li>\n<h5><span style=\"color: #000000;\"><strong>Publicaci\u00f3 de la llista de sol\u00b7licituds que han demanat el centre i l&#8217;ensenyament en primera petici\u00f3 amb la puntuaci\u00f3 provisional: cliqueu <a href=\"https:\/\/agora.xtec.cat\/ceip-25desetembre-rubi\/wp-content\/uploads\/usu639\/2025\/03\/INFORME_BAREM_PROVISIONAL_BAREM.pdf\" target=\"_blank\" rel=\"noopener\">aqu\u00ed<\/a>.<\/strong><\/span><\/h5>\n<\/li>\n<li>\n<h5><strong><span style=\"color: #000000;\">Publicaci\u00f3 de l&#8217;oferta inicial: cliqueu<\/span><\/strong> <a href=\"https:\/\/agora.xtec.cat\/ceip-25desetembre-rubi\/wp-content\/uploads\/usu639\/2025\/03\/INFORME_OFERTA_OME_INFORME_OFERTA_1.pdf\" target=\"_blank\" rel=\"noopener\">aqu\u00ed<\/a>.<\/h5>\n<\/li>\n<\/ul>\n","protected":false},"excerpt":{"rendered":"<p>Publicaci\u00f3 de l&#8217;oferta final: cliqueu aqu\u00ed. Llistat d&#8217;alumnes assignats al centre amb indicaci\u00f3 de la primera petici\u00f3 a 16\/06\/2025: cliqueu aqu\u00ed. Llistat d&#8217;alumnes preinscrits al centre 16\/06\/2025: cliqueu aqu\u00ed. Publicaci\u00f3 de la llista d&#8217;espera del centre a 16\/06\/2025: cliqueu aqu\u00ed. Els dies 17, 18 i 19 de juny es poden fer reclamacions a les assignacions [&hellip;]<\/p>\n","protected":false},"author":1,"featured_media":0,"comment_status":"open","ping_status":"open","sticky":false,"template":"","format":"standard","meta":{"_bbp_topic_count":0,"_bbp_reply_count":0,"_bbp_total_topic_count":0,"_bbp_total_reply_count":0,"_bbp_voice_count":0,"_bbp_anonymous_reply_count":0,"_bbp_topic_count_hidden":0,"_bbp_reply_count_hidden":0,"_bbp_forum_subforum_count":0,"site-sidebar-layout":"default","site-content-layout":"","ast-site-content-layout":"","site-content-style":"default","site-sidebar-style":"default","ast-global-header-display":"","ast-banner-title-visibility":"","ast-main-header-display":"","ast-hfb-above-header-display":"","ast-hfb-below-header-display":"","ast-hfb-mobile-header-display":"","site-post-title":"","ast-breadcrumbs-content":"","ast-featured-img":"","footer-sml-layout":"","theme-transparent-header-meta":"","adv-header-id-meta":"","stick-header-meta":"","header-above-stick-meta":"","header-main-stick-meta":"","header-below-stick-meta":"","astra-migrate-meta-layouts":"default","ast-page-background-enabled":"default","ast-page-background-meta":{"desktop":{"background-color":"var(--ast-global-color-4)","background-image":"","background-repeat":"repeat","background-position":"center center","background-size":"auto","background-attachment":"scroll","background-type":"","background-media":"","overlay-type":"","overlay-color":"","overlay-opacity":"","overlay-gradient":""},"tablet":{"background-color":"","background-image":"","background-repeat":"repeat","background-position":"center center","background-size":"auto","background-attachment":"scroll","background-type":"","background-media":"","overlay-type":"","overlay-color":"","overlay-opacity":"","overlay-gradient":""},"mobile":{"background-color":"","background-image":"","background-repeat":"repeat","background-position":"center center","background-size":"auto","background-attachment":"scroll","background-type":"","background-media":"","overlay-type":"","overlay-color":"","overlay-opacity":"","overlay-gradient":""}},"ast-content-background-meta":{"desktop":{"background-color":"var(--ast-global-color-5)","background-image":"","background-repeat":"repeat","background-position":"center center","background-size":"auto","background-attachment":"scroll","background-type":"","background-media":"","overlay-type":"","overlay-color":"","overlay-opacity":"","overlay-gradient":""},"tablet":{"background-color":"var(--ast-global-color-5)","background-image":"","background-repeat":"repeat","background-position":"center center","background-size":"auto","background-attachment":"scroll","background-type":"","background-media":"","overlay-type":"","overlay-color":"","overlay-opacity":"","overlay-gradient":""},"mobile":{"background-color":"var(--ast-global-color-5)","background-image":"","background-repeat":"repeat","background-position":"center center","background-size":"auto","background-attachment":"scroll","background-type":"","background-media":"","overlay-type":"","overlay-color":"","overlay-opacity":"","overlay-gradient":""}},"footnotes":""},"categories":[1,4],"tags":[],"class_list":["post-6922","post","type-post","status-publish","format-standard","hentry","category-general","category-portada"],"post_mailing_queue_ids":[],"_links":{"self":[{"href":"https:\/\/agora.xtec.cat\/ceip-25desetembre-rubi\/wp-json\/wp\/v2\/posts\/6922","targetHints":{"allow":["GET"]}}],"collection":[{"href":"https:\/\/agora.xtec.cat\/ceip-25desetembre-rubi\/wp-json\/wp\/v2\/posts"}],"about":[{"href":"https:\/\/agora.xtec.cat\/ceip-25desetembre-rubi\/wp-json\/wp\/v2\/types\/post"}],"author":[{"embeddable":true,"href":"https:\/\/agora.xtec.cat\/ceip-25desetembre-rubi\/wp-json\/wp\/v2\/users\/1"}],"replies":[{"embeddable":true,"href":"https:\/\/agora.xtec.cat\/ceip-25desetembre-rubi\/wp-json\/wp\/v2\/comments?post=6922"}],"version-history":[{"count":1,"href":"https:\/\/agora.xtec.cat\/ceip-25desetembre-rubi\/wp-json\/wp\/v2\/posts\/6922\/revisions"}],"predecessor-version":[{"id":6923,"href":"https:\/\/agora.xtec.cat\/ceip-25desetembre-rubi\/wp-json\/wp\/v2\/posts\/6922\/revisions\/6923"}],"wp:attachment":[{"href":"https:\/\/agora.xtec.cat\/ceip-25desetembre-rubi\/wp-json\/wp\/v2\/media?parent=6922"}],"wp:term":[{"taxonomy":"category","embeddable":true,"href":"https:\/\/agora.xtec.cat\/ceip-25desetembre-rubi\/wp-json\/wp\/v2\/categories?post=6922"},{"taxonomy":"post_tag","embeddable":true,"href":"https:\/\/agora.xtec.cat\/ceip-25desetembre-rubi\/wp-json\/wp\/v2\/tags?post=6922"}],"curies":[{"name":"wp","href":"https:\/\/api.w.org\/{rel}","templated":true}]}}