{"id":6880,"date":"2025-06-16T12:11:04","date_gmt":"2025-06-16T10:11:04","guid":{"rendered":"https:\/\/agora.xtec.cat\/ceip-25desetembre-rubi\/?p=6880"},"modified":"2025-09-09T11:53:38","modified_gmt":"2025-09-09T09:53:38","slug":"informacions-inici-de-curs-25-26","status":"publish","type":"post","link":"https:\/\/agora.xtec.cat\/ceip-25desetembre-rubi\/general\/informacions-inici-de-curs-25-26\/","title":{"rendered":"<center>INFORMACIONS INICI DE CURS 25-26<\/center>"},"content":{"rendered":"<h4><span style=\"color: #000000;\">Recomanacions per a l&#8217;estiu:<\/span><\/h4>\n<ul>\n<li style=\"list-style-type: none;\">\n<ul>\n<li style=\"list-style-type: none;\">\n<ul>\n<li>\n<h4><span style=\"color: #000000;\"><a href=\"https:\/\/agora.xtec.cat\/ceip-25desetembre-rubi\/wp-content\/uploads\/usu639\/2025\/06\/RECOMANACIONS-estiu-25_compressed.pdf\" target=\"_blank\" rel=\"noopener\">liter\u00e0ries<\/a>\u00a0<\/span><\/h4>\n<\/li>\n<li>\n<h4><a href=\"https:\/\/agora.xtec.cat\/ceip-25desetembre-rubi\/wp-content\/uploads\/usu639\/2025\/06\/Recomanacions-destiu-Primaria_2025.pdf\" target=\"_blank\" rel=\"noopener\">matem\u00e0tiques<\/a><\/h4>\n<\/li>\n<\/ul>\n<\/li>\n<\/ul>\n<\/li>\n<\/ul>\n<h4><span style=\"color: #000000;\">Recomanacions matem\u00e0tiques per Infantil 5 i Prim\u00e0ria.<\/span><\/h4>\n<table style=\"border-collapse: collapse; width: 100%; height: 208px;\">\n<tbody>\n<tr style=\"height: 59px;\">\n<td style=\"width: 50%; height: 59px;\">\n<h4 style=\"text-align: center;\"><strong><span style=\"color: #000000;\">Calendari del curs\u00a0<\/span><\/strong><\/h4>\n<\/td>\n<td style=\"width: 50%; height: 59px;\">\n<h4 style=\"text-align: center;\"><span style=\"color: #000000;\"><strong>Quota escolar<\/strong><\/span><\/h4>\n<\/td>\n<\/tr>\n<tr style=\"height: 149px;\">\n<td style=\"width: 50%; height: 149px;\">\n<h4><a href=\"https:\/\/agora.xtec.cat\/ceip-25desetembre-rubi\/wp-content\/uploads\/usu639\/2025\/06\/Calendari-curs-2025-26-1-1.pdf\" target=\"_blank\" rel=\"noopener\"><img loading=\"lazy\" decoding=\"async\" class=\" wp-image-5820 aligncenter\" src=\"https:\/\/agora.xtec.cat\/ceip-25desetembre-rubi\/wp-content\/uploads\/usu639\/2023\/06\/calendari.png\" alt=\"\" width=\"194\" height=\"194\" srcset=\"https:\/\/agora.xtec.cat\/ceip-25desetembre-rubi\/wp-content\/uploads\/usu639\/2023\/06\/calendari.png 225w, https:\/\/agora.xtec.cat\/ceip-25desetembre-rubi\/wp-content\/uploads\/usu639\/2023\/06\/calendari-150x150.png 150w\" sizes=\"auto, (max-width: 194px) 100vw, 194px\" \/><\/a><\/h4>\n<\/td>\n<td style=\"width: 50%; height: 149px;\">\n<ul>\n<li>\n<h4><span style=\"color: #008000;\"><a style=\"color: #008000;\" href=\"https:\/\/agora.xtec.cat\/ceip-25desetembre-rubi\/wp-content\/uploads\/usu639\/2025\/06\/FULL-QUOTA-UNICA-25-26.pdf\" target=\"_blank\" rel=\"noopener\"><span style=\"color: #000000;\">Informaci\u00f3 i formes de pagament<\/span><\/a><\/span><\/h4>\n<\/li>\n<\/ul>\n<p><a href=\"https:\/\/agora.xtec.cat\/ceip-25desetembre-rubi\/wp-content\/uploads\/usu639\/2025\/06\/FULL-QUOTA-UNICA.pdf\" target=\"_blank\" rel=\"noopener\"><img loading=\"lazy\" decoding=\"async\" class=\"aligncenter wp-image-5656\" src=\"https:\/\/agora.xtec.cat\/ceip-25desetembre-rubi\/wp-content\/uploads\/usu639\/2023\/03\/pngtree-vector-information-icon-png-image_924440.jpg\" alt=\"\" width=\"106\" height=\"106\" srcset=\"https:\/\/agora.xtec.cat\/ceip-25desetembre-rubi\/wp-content\/uploads\/usu639\/2023\/03\/pngtree-vector-information-icon-png-image_924440.jpg 640w, https:\/\/agora.xtec.cat\/ceip-25desetembre-rubi\/wp-content\/uploads\/usu639\/2023\/03\/pngtree-vector-information-icon-png-image_924440-300x300.jpg 300w, https:\/\/agora.xtec.cat\/ceip-25desetembre-rubi\/wp-content\/uploads\/usu639\/2023\/03\/pngtree-vector-information-icon-png-image_924440-150x150.jpg 150w\" sizes=\"auto, (max-width: 106px) 100vw, 106px\" \/><\/a><\/p>\n<p>Recordeu que podeu cedir a l&#8217;escola els vals escolars (30\u20ac+30\u20ac), aquest import cal restar-lo de la quota a pagar.<\/p>\n<ul>\n<li>\n<h4><a href=\"https:\/\/agora.xtec.cat\/ceip-25desetembre-rubi\/wp-content\/uploads\/usu639\/2023\/06\/NORMATIVA-QUOTA-UNICA.pdf\" target=\"_blank\" rel=\"noopener\"><span style=\"color: #000000;\">Normativa<\/span><\/a><a href=\"https:\/\/agora.xtec.cat\/ceip-25desetembre-rubi\/wp-content\/uploads\/usu639\/2023\/06\/NORMATIVA-QUOTA-UNICA.pdf\" target=\"_blank\" rel=\"noopener\"><img loading=\"lazy\" decoding=\"async\" class=\"aligncenter wp-image-6666\" src=\"https:\/\/agora.xtec.cat\/ceip-25desetembre-rubi\/wp-content\/uploads\/usu639\/2024\/12\/escritura.png\" alt=\"\" width=\"97\" height=\"97\" srcset=\"https:\/\/agora.xtec.cat\/ceip-25desetembre-rubi\/wp-content\/uploads\/usu639\/2024\/12\/escritura.png 512w, https:\/\/agora.xtec.cat\/ceip-25desetembre-rubi\/wp-content\/uploads\/usu639\/2024\/12\/escritura-300x300.png 300w, https:\/\/agora.xtec.cat\/ceip-25desetembre-rubi\/wp-content\/uploads\/usu639\/2024\/12\/escritura-150x150.png 150w\" sizes=\"auto, (max-width: 97px) 100vw, 97px\" \/><\/a><\/h4>\n<\/li>\n<\/ul>\n<h6><\/h6>\n<\/td>\n<\/tr>\n<\/tbody>\n<\/table>\n<ul>\n<li><span style=\"color: #000000;\"><strong>Materials que cal portar el 8 de setembre:<\/strong><\/span><\/li>\n<\/ul>\n<table style=\"border-collapse: collapse; width: 84.0574%; height: 168px;\">\n<tbody>\n<tr>\n<td style=\"width: 33.2911%; text-align: center;\">\n<h4><span style=\"color: #000000;\"><a style=\"color: #000000;\" href=\"https:\/\/agora.xtec.cat\/ceip-25desetembre-rubi\/wp-content\/uploads\/usu639\/2025\/06\/1.-I3-Material-inici-de-curs.pdf\" target=\"_blank\" rel=\"noopener\">I3<\/a>\u00a0 \u00a0 \u00a0 \u00a0 \u00a0<a style=\"color: #000000;\" href=\"https:\/\/agora.xtec.cat\/ceip-25desetembre-rubi\/wp-content\/uploads\/usu639\/2023\/06\/Bosseta-dI3.pdf\" target=\"_blank\" rel=\"noopener\">Bosseta<\/a><\/span><\/h4>\n<\/td>\n<td style=\"width: 30.5635%; text-align: center;\">\n<h4><span style=\"color: #000000;\"><a style=\"color: #000000;\" href=\"https:\/\/agora.xtec.cat\/ceip-25desetembre-rubi\/wp-content\/uploads\/usu639\/2025\/06\/2.-1r-material-inici-de-curs-.pdf\" target=\"_blank\" rel=\"noopener\">1r<\/a><\/span><\/h4>\n<\/td>\n<td style=\"width: 118.016%; text-align: center;\">\n<h4 style=\"text-align: center;\"><span style=\"color: #000000;\"><a style=\"color: #000000;\" href=\"https:\/\/agora.xtec.cat\/ceip-25desetembre-rubi\/wp-content\/uploads\/usu639\/2025\/06\/4.CM-Materials-inici-de-curs.pdf\" target=\"_blank\" rel=\"noopener\">3r i 4t<\/a><\/span><\/h4>\n<\/td>\n<\/tr>\n<tr>\n<td style=\"width: 33.2911%; text-align: center;\">\n<h4><span style=\"color: #000000;\"><a style=\"color: #000000;\" href=\"https:\/\/agora.xtec.cat\/ceip-25desetembre-rubi\/wp-content\/uploads\/usu639\/2025\/06\/1.-I4-MATERIAL-INICI-DE-CURS.pdf\" target=\"_blank\" rel=\"noopener\">I4<\/a><\/span><\/h4>\n<\/td>\n<td style=\"width: 30.5635%; text-align: center;\">\n<h4><span style=\"color: #000000;\"><a style=\"color: #000000;\" href=\"https:\/\/agora.xtec.cat\/ceip-25desetembre-rubi\/wp-content\/uploads\/usu639\/2025\/06\/3.-2n-Material-inici-de-curs.pdf\" target=\"_blank\" rel=\"noopener\">2n<\/a><\/span><\/h4>\n<\/td>\n<td style=\"width: 118.016%;\">\n<h4 style=\"text-align: center;\"><span style=\"color: #000000;\"><a style=\"color: #000000;\" href=\"https:\/\/agora.xtec.cat\/ceip-25desetembre-rubi\/wp-content\/uploads\/usu639\/2025\/06\/5.CS-Materials-inici-de-curs-1-1.pdf\" target=\"_blank\" rel=\"noopener\">5\u00e8 i 6\u00e8<\/a><\/span><\/h4>\n<\/td>\n<\/tr>\n<tr>\n<td style=\"width: 33.2911%;\">\n<h4 style=\"text-align: center;\"><span style=\"color: #000000;\"><a style=\"color: #000000;\" href=\"https:\/\/agora.xtec.cat\/ceip-25desetembre-rubi\/wp-content\/uploads\/usu639\/2025\/06\/1.-I5-MATERIAL-INICI-DE-CURS.pdf\" target=\"_blank\" rel=\"noopener\">I5<\/a><\/span><\/h4>\n<\/td>\n<td style=\"width: 30.5635%;\">\n<h4><\/h4>\n<\/td>\n<td style=\"width: 118.016%;\">\n<h4 style=\"text-align: center;\"><\/h4>\n<\/td>\n<\/tr>\n<\/tbody>\n<\/table>\n<ul>\n<li><span style=\"color: #000000;\"><strong>Roba escolar: <\/strong><\/span><\/li>\n<\/ul>\n<h5><span style=\"color: #000000;\">Dessuadora i samarreta (cal portar-la a les sortides i per fer educaci\u00f3 f\u00edsica)<\/span><\/h5>\n<h5><span style=\"color: #000000;\">Es compren directament a la botiga<\/span> <span style=\"color: #000000;\"><strong>La Fabrika Creativa<\/strong> (C\/ Mag\u00ed Ramentol n\u00ba21, Local 3) en horari de 9h a 16h o b\u00e9 a la botiga One&amp;plus (C\/ Jose Torrijos, 10) en horari de 17h a 20h.<\/span><\/h5>\n<h5><span style=\"color: #000000;\">Per a l&#8217;alumnat d&#8217;Infantil 3 anys est\u00e0<\/span> <span style=\"color: #000000;\">inclosa amb el pagament de la quota escolar (us avisarem per passar a recollir-les).<\/span><\/h5>\n<p>&nbsp;<\/p>\n<table style=\"border-collapse: collapse; width: 100%;\">\n<tbody>\n<tr>\n<td style=\"width: 50%; text-align: center;\" colspan=\"2\">\n<h4><strong><span style=\"color: #000000;\">AFA<\/span><\/strong><\/h4>\n<\/td>\n<\/tr>\n<tr>\n<td style=\"width: 50%;\">\n<h5 style=\"text-align: center;\"><span style=\"color: #000000;\">Enlla\u00e7 al formulari per inscriure&#8217;s com a soci (nom\u00e9s cal que l&#8217;omplin les fam\u00edlies d&#8217;Infantil 3 anys)<\/span><\/h5>\n<p><a href=\"https:\/\/docs.google.com\/forms\/d\/1qkENGOTHb93l0ORFHDQdELCeohvOPE_YIK7qAruX5rg\/viewform?edit_requested=true\" target=\"_blank\" rel=\"noopener\"><img loading=\"lazy\" decoding=\"async\" class=\"aligncenter\" src=\"https:\/\/cdn-icons-png.flaticon.com\/128\/1017\/1017466.png\" alt=\"enlace \" width=\"83\" height=\"83\" \/><\/a><\/p>\n<h5 style=\"text-align: center;\"><span style=\"color: #000000;\">Per qu\u00e8 ser<\/span> <a href=\"https:\/\/agora.xtec.cat\/ceip-25desetembre-rubi\/wp-content\/uploads\/usu639\/2025\/06\/Per-que-pagar-la-quota-de-lAFA.pdf\" target=\"_blank\" rel=\"noopener\">soci<\/a> <span style=\"color: #000000;\">de l&#8217;AFA?<\/span><\/h5>\n<h5><\/h5>\n<h5 style=\"text-align: center;\"><span style=\"color: #000000;\">Descarregueu-vos l&#8217;aplicaci\u00f3 per rebre les comunicacions<\/span><a href=\"https:\/\/abacoapp.es\/apps\" target=\"_blank\" rel=\"noopener\"><img loading=\"lazy\" decoding=\"async\" class=\"aligncenter wp-image-6891\" src=\"https:\/\/agora.xtec.cat\/ceip-25desetembre-rubi\/wp-content\/uploads\/usu639\/2025\/06\/abaco.png\" alt=\"\" width=\"156\" height=\"134\" \/><\/a><\/h5>\n<\/td>\n<td style=\"width: 50%;\">\n<h5><span style=\"color: #000000;\">Informaci\u00f3 dels serveis de Bon dia i Bona tarda <\/span><span style=\"color: #000000;\">i les extraescolars, a les que ja us podeu inscriure. JA US PODEU INSCRIURE!<\/span><\/h5>\n<p>&nbsp;<\/p>\n<p>&nbsp;<\/p>\n<p><a href=\"https:\/\/agora.xtec.cat\/ceip-25desetembre-rubi\/general\/extraescolars-2025-2026\/\"><img loading=\"lazy\" decoding=\"async\" class=\"aligncenter wp-image-6169\" src=\"https:\/\/agora.xtec.cat\/ceip-25desetembre-rubi\/wp-content\/uploads\/usu639\/2024\/03\/contrato-300x300.png\" alt=\"\" width=\"119\" height=\"119\" srcset=\"https:\/\/agora.xtec.cat\/ceip-25desetembre-rubi\/wp-content\/uploads\/usu639\/2024\/03\/contrato-300x300.png 300w, https:\/\/agora.xtec.cat\/ceip-25desetembre-rubi\/wp-content\/uploads\/usu639\/2024\/03\/contrato-150x150.png 150w, https:\/\/agora.xtec.cat\/ceip-25desetembre-rubi\/wp-content\/uploads\/usu639\/2024\/03\/contrato.png 512w\" sizes=\"auto, (max-width: 119px) 100vw, 119px\" \/><\/a><\/td>\n<\/tr>\n<\/tbody>\n<\/table>\n<p style=\"text-align: center;\">\u00a1\u00a1A TOTES LES<strong> INSCRIPCIONS NOVES D&#8217;I3<\/strong> PODEU POSAR <strong>QUALSEVOL CLASSE<\/strong>, JA QUE ENCARA NO LA TENIU ADJUDICADA!!<\/p>\n<table style=\"border-collapse: collapse; width: 100%;\">\n<tbody>\n<tr>\n<td style=\"width: 50%;\" colspan=\"2\">\n<h4 style=\"text-align: center;\"><strong><span style=\"color: #000000;\">Servei de menjador<\/span><\/strong><\/h4>\n<\/td>\n<\/tr>\n<tr>\n<td style=\"width: 50%;\">\n<h5><span style=\"color: #000000;\">Informaci\u00f3: preus, activitats, dades de contacte, \u00fas de l&#8217;aplicaci\u00f3&#8230;<\/span><\/h5>\n<p><a href=\"https:\/\/agora.xtec.cat\/ceip-25desetembre-rubi\/wp-content\/uploads\/usu639\/2025\/06\/Servei-de-menjador.pdf\" target=\"_blank\" rel=\"noopener\"><img loading=\"lazy\" decoding=\"async\" class=\"aligncenter\" src=\"https:\/\/cdn-icons-png.flaticon.com\/128\/1017\/1017466.png\" alt=\"enlace \" width=\"83\" height=\"83\" \/><\/a><\/td>\n<td style=\"width: 50%;\"><img loading=\"lazy\" decoding=\"async\" class=\"size-medium wp-image-5822 alignnone aligncenter\" src=\"https:\/\/agora.xtec.cat\/ceip-25desetembre-rubi\/wp-content\/uploads\/usu639\/2023\/06\/campos-estela-sabequealimenta-300x102.png\" alt=\"\" width=\"300\" height=\"102\" srcset=\"https:\/\/agora.xtec.cat\/ceip-25desetembre-rubi\/wp-content\/uploads\/usu639\/2023\/06\/campos-estela-sabequealimenta-300x102.png 300w, https:\/\/agora.xtec.cat\/ceip-25desetembre-rubi\/wp-content\/uploads\/usu639\/2023\/06\/campos-estela-sabequealimenta.png 514w\" sizes=\"auto, (max-width: 300px) 100vw, 300px\" \/><\/td>\n<\/tr>\n<\/tbody>\n<\/table>\n<ul>\n<li>\n<h5><span style=\"color: #000000;\"><strong>Quaderns, llibres i plataformes digitals (us els proporcionem a l&#8217;escola, NO heu de comprar res del que trobareu a sota)<\/strong><\/span><\/h5>\n<\/li>\n<\/ul>\n<table style=\"border-collapse: collapse; width: 71.6438%; height: 212px;\">\n<tbody>\n<tr style=\"height: 72px;\">\n<td style=\"width: 40.1031%; text-align: center; height: 72px;\">\n<h5><a href=\"https:\/\/agora.xtec.cat\/ceip-25desetembre-rubi\/wp-content\/uploads\/usu639\/2025\/06\/Infantil.pdf\" target=\"_blank\" rel=\"noopener\"><span style=\"color: #000000;\">Quadernets d&#8217;Infantil<\/span><\/a><\/h5>\n<\/td>\n<td style=\"width: 55.6744%; height: 72px;\">\n<h5 style=\"text-align: center;\"><a href=\"https:\/\/agora.xtec.cat\/ceip-25desetembre-rubi\/wp-content\/uploads\/usu639\/2025\/06\/Inicial.pdf\" target=\"_blank\" rel=\"noopener\"><span style=\"color: #000000;\">Quaderns, llibres i plataformes de 1r i 2n<\/span><\/a><\/h5>\n<\/td>\n<\/tr>\n<tr style=\"height: 72px;\">\n<td style=\"width: 40.1031%; height: 72px;\"><\/td>\n<td style=\"width: 55.6744%; height: 72px;\">\n<h5 style=\"text-align: center;\"><a href=\"https:\/\/agora.xtec.cat\/ceip-25desetembre-rubi\/wp-content\/uploads\/usu639\/2025\/06\/Mitja.pdf\" target=\"_blank\" rel=\"noopener\"><span style=\"color: #000000;\">Quaderns, llibres i plataformes de 3r i 4t<\/span><\/a><\/h5>\n<\/td>\n<\/tr>\n<tr style=\"height: 72px;\">\n<td style=\"width: 40.1031%; height: 72px;\"><\/td>\n<td style=\"width: 55.6744%; height: 72px;\">\n<h5 style=\"text-align: center;\"><a href=\"https:\/\/agora.xtec.cat\/ceip-25desetembre-rubi\/wp-content\/uploads\/usu639\/2025\/06\/Superior.pdf\" target=\"_blank\" rel=\"noopener\"><span style=\"color: #000000;\">Quaderns, llibres i plataformes de 5\u00e8 i 6\u00e8<\/span><\/a><\/h5>\n<\/td>\n<\/tr>\n<\/tbody>\n<\/table>\n<p><span style=\"color: #000000;\"><strong>El llistat de llibres i quadernets el compartim aqu\u00ed perqu\u00e8 les fam\u00edlies estigueu assabentades, NO heu de comprar-los vosaltres.<\/strong><\/span><\/p>\n","protected":false},"excerpt":{"rendered":"<p>Recomanacions per a l&#8217;estiu: liter\u00e0ries\u00a0 matem\u00e0tiques Recomanacions matem\u00e0tiques per Infantil 5 i Prim\u00e0ria. Calendari del curs\u00a0 Quota escolar Informaci\u00f3 i formes de pagament Recordeu que podeu cedir a l&#8217;escola els vals escolars (30\u20ac+30\u20ac), aquest import cal restar-lo de la quota a pagar. Normativa Materials que cal portar el 8 de setembre: I3\u00a0 \u00a0 \u00a0 \u00a0 [&hellip;]<\/p>\n","protected":false},"author":1,"featured_media":0,"comment_status":"open","ping_status":"closed","sticky":false,"template":"","format":"standard","meta":{"_bbp_topic_count":0,"_bbp_reply_count":0,"_bbp_total_topic_count":0,"_bbp_total_reply_count":0,"_bbp_voice_count":0,"_bbp_anonymous_reply_count":0,"_bbp_topic_count_hidden":0,"_bbp_reply_count_hidden":0,"_bbp_forum_subforum_count":0,"site-sidebar-layout":"default","site-content-layout":"","ast-site-content-layout":"","site-content-style":"default","site-sidebar-style":"default","ast-global-header-display":"","ast-banner-title-visibility":"","ast-main-header-display":"","ast-hfb-above-header-display":"","ast-hfb-below-header-display":"","ast-hfb-mobile-header-display":"","site-post-title":"","ast-breadcrumbs-content":"","ast-featured-img":"","footer-sml-layout":"","theme-transparent-header-meta":"","adv-header-id-meta":"","stick-header-meta":"","header-above-stick-meta":"","header-main-stick-meta":"","header-below-stick-meta":"","astra-migrate-meta-layouts":"default","ast-page-background-enabled":"default","ast-page-background-meta":{"desktop":{"background-color":"var(--ast-global-color-4)","background-image":"","background-repeat":"repeat","background-position":"center center","background-size":"auto","background-attachment":"scroll","background-type":"","background-media":"","overlay-type":"","overlay-color":"","overlay-opacity":"","overlay-gradient":""},"tablet":{"background-color":"","background-image":"","background-repeat":"repeat","background-position":"center center","background-size":"auto","background-attachment":"scroll","background-type":"","background-media":"","overlay-type":"","overlay-color":"","overlay-opacity":"","overlay-gradient":""},"mobile":{"background-color":"","background-image":"","background-repeat":"repeat","background-position":"center center","background-size":"auto","background-attachment":"scroll","background-type":"","background-media":"","overlay-type":"","overlay-color":"","overlay-opacity":"","overlay-gradient":""}},"ast-content-background-meta":{"desktop":{"background-color":"var(--ast-global-color-5)","background-image":"","background-repeat":"repeat","background-position":"center center","background-size":"auto","background-attachment":"scroll","background-type":"","background-media":"","overlay-type":"","overlay-color":"","overlay-opacity":"","overlay-gradient":""},"tablet":{"background-color":"var(--ast-global-color-5)","background-image":"","background-repeat":"repeat","background-position":"center center","background-size":"auto","background-attachment":"scroll","background-type":"","background-media":"","overlay-type":"","overlay-color":"","overlay-opacity":"","overlay-gradient":""},"mobile":{"background-color":"var(--ast-global-color-5)","background-image":"","background-repeat":"repeat","background-position":"center center","background-size":"auto","background-attachment":"scroll","background-type":"","background-media":"","overlay-type":"","overlay-color":"","overlay-opacity":"","overlay-gradient":""}},"footnotes":""},"categories":[1,152,4],"tags":[],"class_list":["post-6880","post","type-post","status-publish","format-standard","hentry","category-general","category-informacions-dinici-de-curs","category-portada"],"post_mailing_queue_ids":[],"_links":{"self":[{"href":"https:\/\/agora.xtec.cat\/ceip-25desetembre-rubi\/wp-json\/wp\/v2\/posts\/6880","targetHints":{"allow":["GET"]}}],"collection":[{"href":"https:\/\/agora.xtec.cat\/ceip-25desetembre-rubi\/wp-json\/wp\/v2\/posts"}],"about":[{"href":"https:\/\/agora.xtec.cat\/ceip-25desetembre-rubi\/wp-json\/wp\/v2\/types\/post"}],"author":[{"embeddable":true,"href":"https:\/\/agora.xtec.cat\/ceip-25desetembre-rubi\/wp-json\/wp\/v2\/users\/1"}],"replies":[{"embeddable":true,"href":"https:\/\/agora.xtec.cat\/ceip-25desetembre-rubi\/wp-json\/wp\/v2\/comments?post=6880"}],"version-history":[{"count":7,"href":"https:\/\/agora.xtec.cat\/ceip-25desetembre-rubi\/wp-json\/wp\/v2\/posts\/6880\/revisions"}],"predecessor-version":[{"id":6995,"href":"https:\/\/agora.xtec.cat\/ceip-25desetembre-rubi\/wp-json\/wp\/v2\/posts\/6880\/revisions\/6995"}],"wp:attachment":[{"href":"https:\/\/agora.xtec.cat\/ceip-25desetembre-rubi\/wp-json\/wp\/v2\/media?parent=6880"}],"wp:term":[{"taxonomy":"category","embeddable":true,"href":"https:\/\/agora.xtec.cat\/ceip-25desetembre-rubi\/wp-json\/wp\/v2\/categories?post=6880"},{"taxonomy":"post_tag","embeddable":true,"href":"https:\/\/agora.xtec.cat\/ceip-25desetembre-rubi\/wp-json\/wp\/v2\/tags?post=6880"}],"curies":[{"name":"wp","href":"https:\/\/api.w.org\/{rel}","templated":true}]}}