{"id":6534,"date":"2024-10-02T08:54:26","date_gmt":"2024-10-02T06:54:26","guid":{"rendered":"https:\/\/agora.xtec.cat\/ceip-25desetembre-rubi\/?p=6534"},"modified":"2024-10-02T09:01:08","modified_gmt":"2024-10-02T07:01:08","slug":"apunteu-vos-al-carnaval-2024-2025","status":"publish","type":"post","link":"https:\/\/agora.xtec.cat\/ceip-25desetembre-rubi\/afa\/apunteu-vos-al-carnaval-2024-2025\/","title":{"rendered":"APUNTEU-VOS al CARNAVAL 2024-2025!!"},"content":{"rendered":"<p><a href=\"https:\/\/forms.gle\/xFdSvrKncLT8UPQ67\"><img loading=\"lazy\" decoding=\"async\" class=\"alignnone wp-image-6535\" src=\"https:\/\/agora.xtec.cat\/ceip-25desetembre-rubi\/wp-content\/uploads\/usu639\/2024\/10\/web-e1727852362168.jpg\" alt=\"Carnarval 2024-2025\" width=\"400\" height=\"567\" srcset=\"https:\/\/agora.xtec.cat\/ceip-25desetembre-rubi\/wp-content\/uploads\/usu639\/2024\/10\/web-e1727852362168.jpg 1024w, https:\/\/agora.xtec.cat\/ceip-25desetembre-rubi\/wp-content\/uploads\/usu639\/2024\/10\/web-e1727852362168-212x300.jpg 212w, https:\/\/agora.xtec.cat\/ceip-25desetembre-rubi\/wp-content\/uploads\/usu639\/2024\/10\/web-e1727852362168-723x1024.jpg 723w, https:\/\/agora.xtec.cat\/ceip-25desetembre-rubi\/wp-content\/uploads\/usu639\/2024\/10\/web-e1727852362168-768x1088.jpg 768w\" sizes=\"auto, (max-width: 400px) 100vw, 400px\" \/><\/a><\/p>\n<p>Hola, fam\u00edlies!<br \/>\nDes de la <strong>Comissi\u00f3 de Festes<\/strong> estem escalfant motors pel <strong>Carnaval!<\/strong> Com cada any volem participar de la Rua de Rub\u00ed que tindr\u00e0 lloc el<strong> dissabte 1 de mar\u00e7<\/strong>. Per fer-ho possible <strong>necessitem l&#8217;ajuda<\/strong> de tots i totes. Si voleu gaudir d&#8217;una bona estona en fam\u00edlia i passar-ho b\u00e9, <strong>apunteu-vos!<\/strong> Us hi esperem!<\/p>\n<p>Ja us deveu imaginar la feinada que porta organitzar aquesta festa, aix\u00ed que per poder comen\u00e7ar, us demanem que ens contesteu aquest q\u00fcestionari <b>abans del 15 d&#8217;octubre.<\/b><\/p>\n<p><span style=\"font-family: inherit; font-size: 1em;\">&gt;&gt; Enlla\u00e7 <strong>formulari d&#8217;inscripci\u00f3:<\/strong> <a href=\"https:\/\/forms.gle\/xFdSvrKncLT8UPQ67\" target=\"_blank\" rel=\"noopener\">https:\/\/forms.gle\/xFdSvrKncLT8UPQ67<\/a><\/span><\/p>\n","protected":false},"excerpt":{"rendered":"<p>Hola, fam\u00edlies! Des de la Comissi\u00f3 de Festes estem escalfant motors pel Carnaval! Com cada any volem participar de la Rua de Rub\u00ed que tindr\u00e0 lloc el dissabte 1 de mar\u00e7. Per fer-ho possible necessitem l&#8217;ajuda de tots i totes. Si voleu gaudir d&#8217;una bona estona en fam\u00edlia i passar-ho b\u00e9, apunteu-vos! Us hi esperem! [&hellip;]<\/p>\n","protected":false},"author":11,"featured_media":0,"comment_status":"open","ping_status":"closed","sticky":false,"template":"","format":"standard","meta":{"_bbp_topic_count":0,"_bbp_reply_count":0,"_bbp_total_topic_count":0,"_bbp_total_reply_count":0,"_bbp_voice_count":0,"_bbp_anonymous_reply_count":0,"_bbp_topic_count_hidden":0,"_bbp_reply_count_hidden":0,"_bbp_forum_subforum_count":0,"site-sidebar-layout":"default","site-content-layout":"","ast-site-content-layout":"","site-content-style":"default","site-sidebar-style":"default","ast-global-header-display":"","ast-banner-title-visibility":"","ast-main-header-display":"","ast-hfb-above-header-display":"","ast-hfb-below-header-display":"","ast-hfb-mobile-header-display":"","site-post-title":"","ast-breadcrumbs-content":"","ast-featured-img":"","footer-sml-layout":"","theme-transparent-header-meta":"","adv-header-id-meta":"","stick-header-meta":"","header-above-stick-meta":"","header-main-stick-meta":"","header-below-stick-meta":"","astra-migrate-meta-layouts":"default","ast-page-background-enabled":"default","ast-page-background-meta":{"desktop":{"background-color":"var(--ast-global-color-4)","background-image":"","background-repeat":"repeat","background-position":"center center","background-size":"auto","background-attachment":"scroll","background-type":"","background-media":"","overlay-type":"","overlay-color":"","overlay-opacity":"","overlay-gradient":""},"tablet":{"background-color":"","background-image":"","background-repeat":"repeat","background-position":"center center","background-size":"auto","background-attachment":"scroll","background-type":"","background-media":"","overlay-type":"","overlay-color":"","overlay-opacity":"","overlay-gradient":""},"mobile":{"background-color":"","background-image":"","background-repeat":"repeat","background-position":"center center","background-size":"auto","background-attachment":"scroll","background-type":"","background-media":"","overlay-type":"","overlay-color":"","overlay-opacity":"","overlay-gradient":""}},"ast-content-background-meta":{"desktop":{"background-color":"var(--ast-global-color-5)","background-image":"","background-repeat":"repeat","background-position":"center center","background-size":"auto","background-attachment":"scroll","background-type":"","background-media":"","overlay-type":"","overlay-color":"","overlay-opacity":"","overlay-gradient":""},"tablet":{"background-color":"var(--ast-global-color-5)","background-image":"","background-repeat":"repeat","background-position":"center center","background-size":"auto","background-attachment":"scroll","background-type":"","background-media":"","overlay-type":"","overlay-color":"","overlay-opacity":"","overlay-gradient":""},"mobile":{"background-color":"var(--ast-global-color-5)","background-image":"","background-repeat":"repeat","background-position":"center center","background-size":"auto","background-attachment":"scroll","background-type":"","background-media":"","overlay-type":"","overlay-color":"","overlay-opacity":"","overlay-gradient":""}},"footnotes":""},"categories":[7,144],"tags":[],"class_list":["post-6534","post","type-post","status-publish","format-standard","hentry","category-afa","category-carnaval"],"post_mailing_queue_ids":[],"_links":{"self":[{"href":"https:\/\/agora.xtec.cat\/ceip-25desetembre-rubi\/wp-json\/wp\/v2\/posts\/6534","targetHints":{"allow":["GET"]}}],"collection":[{"href":"https:\/\/agora.xtec.cat\/ceip-25desetembre-rubi\/wp-json\/wp\/v2\/posts"}],"about":[{"href":"https:\/\/agora.xtec.cat\/ceip-25desetembre-rubi\/wp-json\/wp\/v2\/types\/post"}],"author":[{"embeddable":true,"href":"https:\/\/agora.xtec.cat\/ceip-25desetembre-rubi\/wp-json\/wp\/v2\/users\/11"}],"replies":[{"embeddable":true,"href":"https:\/\/agora.xtec.cat\/ceip-25desetembre-rubi\/wp-json\/wp\/v2\/comments?post=6534"}],"version-history":[{"count":6,"href":"https:\/\/agora.xtec.cat\/ceip-25desetembre-rubi\/wp-json\/wp\/v2\/posts\/6534\/revisions"}],"predecessor-version":[{"id":6543,"href":"https:\/\/agora.xtec.cat\/ceip-25desetembre-rubi\/wp-json\/wp\/v2\/posts\/6534\/revisions\/6543"}],"wp:attachment":[{"href":"https:\/\/agora.xtec.cat\/ceip-25desetembre-rubi\/wp-json\/wp\/v2\/media?parent=6534"}],"wp:term":[{"taxonomy":"category","embeddable":true,"href":"https:\/\/agora.xtec.cat\/ceip-25desetembre-rubi\/wp-json\/wp\/v2\/categories?post=6534"},{"taxonomy":"post_tag","embeddable":true,"href":"https:\/\/agora.xtec.cat\/ceip-25desetembre-rubi\/wp-json\/wp\/v2\/tags?post=6534"}],"curies":[{"name":"wp","href":"https:\/\/api.w.org\/{rel}","templated":true}]}}