{"id":6458,"date":"2024-09-02T09:00:35","date_gmt":"2024-09-02T07:00:35","guid":{"rendered":"https:\/\/agora.xtec.cat\/ceip-25desetembre-rubi\/?p=6458"},"modified":"2024-09-09T08:57:09","modified_gmt":"2024-09-09T06:57:09","slug":"resolucions-beques-de-menjador-curs-24-25","status":"publish","type":"post","link":"https:\/\/agora.xtec.cat\/ceip-25desetembre-rubi\/general\/resolucions-beques-de-menjador-curs-24-25\/","title":{"rendered":"<center>RESOLUCIONS BEQUES DE MENJADOR CURS 24-25 <\/center>"},"content":{"rendered":"<p><span style=\"color: #000000;\">Fam\u00edlies,<\/span><\/p>\n<p><span style=\"color: #000000;\">Cliqueu a la imatge i podreu veure el document amb les resolucions de les beques de menjador per al curs 2024-25.<\/span><\/p>\n<p>Tamb\u00e9 el trobareu penjat al taulell d&#8217;anuncis de l&#8217;escola, a la porta principal.<\/p>\n<p><span style=\"color: #000000;\">Les fam\u00edlies que no estigueu d&#8217;acord amb la resoluci\u00f3, podeu demanar una revisi\u00f3 mitjan\u00e7ant inst\u00e0ncia a la web de l&#8217;Ajuntament de Rub\u00ed.<\/span><\/p>\n<p>Per qualsevol dubte o consulta podeu consultar <a href=\"https:\/\/agora.xtec.cat\/ceip-25desetembre-rubi\/wp-content\/uploads\/usu639\/2024\/09\/Cartell-informacio.pdf\" target=\"_blank\" rel=\"noopener\">aquest document<\/a> de preguntes freq\u00fcents o tamb\u00e9 us podeu dirigir a:<\/p>\n<p>C\/ General Prim, 33-35 2n pis<br \/>\nTelf: 935887000 ext 3303\/3307<br \/>\nbequesmenjador@ajrubi.cat<\/p>\n<p><a href=\"https:\/\/agora.xtec.cat\/ceip-25desetembre-rubi\/wp-content\/uploads\/usu639\/2024\/08\/Resolucions-beques-menjador-24-25.pdf\" target=\"_blank\" rel=\"noopener\"><img loading=\"lazy\" decoding=\"async\" class=\" wp-image-6459 aligncenter\" src=\"https:\/\/agora.xtec.cat\/ceip-25desetembre-rubi\/wp-content\/uploads\/usu639\/2024\/08\/buscar-300x300.png\" alt=\"\" width=\"194\" height=\"194\" srcset=\"https:\/\/agora.xtec.cat\/ceip-25desetembre-rubi\/wp-content\/uploads\/usu639\/2024\/08\/buscar-300x300.png 300w, https:\/\/agora.xtec.cat\/ceip-25desetembre-rubi\/wp-content\/uploads\/usu639\/2024\/08\/buscar-150x150.png 150w, https:\/\/agora.xtec.cat\/ceip-25desetembre-rubi\/wp-content\/uploads\/usu639\/2024\/08\/buscar.png 512w\" sizes=\"auto, (max-width: 194px) 100vw, 194px\" \/><\/a><\/p>\n<h6>*icona de flaticon<\/h6>\n","protected":false},"excerpt":{"rendered":"<p>Fam\u00edlies, Cliqueu a la imatge i podreu veure el document amb les resolucions de les beques de menjador per al curs 2024-25. Tamb\u00e9 el trobareu penjat al taulell d&#8217;anuncis de l&#8217;escola, a la porta principal. Les fam\u00edlies que no estigueu d&#8217;acord amb la resoluci\u00f3, podeu demanar una revisi\u00f3 mitjan\u00e7ant inst\u00e0ncia a la web de l&#8217;Ajuntament [&hellip;]<\/p>\n","protected":false},"author":1,"featured_media":0,"comment_status":"open","ping_status":"closed","sticky":false,"template":"","format":"standard","meta":{"_bbp_topic_count":0,"_bbp_reply_count":0,"_bbp_total_topic_count":0,"_bbp_total_reply_count":0,"_bbp_voice_count":0,"_bbp_anonymous_reply_count":0,"_bbp_topic_count_hidden":0,"_bbp_reply_count_hidden":0,"_bbp_forum_subforum_count":0,"site-sidebar-layout":"default","site-content-layout":"","ast-site-content-layout":"","site-content-style":"default","site-sidebar-style":"default","ast-global-header-display":"","ast-banner-title-visibility":"","ast-main-header-display":"","ast-hfb-above-header-display":"","ast-hfb-below-header-display":"","ast-hfb-mobile-header-display":"","site-post-title":"","ast-breadcrumbs-content":"","ast-featured-img":"","footer-sml-layout":"","theme-transparent-header-meta":"","adv-header-id-meta":"","stick-header-meta":"","header-above-stick-meta":"","header-main-stick-meta":"","header-below-stick-meta":"","astra-migrate-meta-layouts":"default","ast-page-background-enabled":"default","ast-page-background-meta":{"desktop":{"background-color":"var(--ast-global-color-4)","background-image":"","background-repeat":"repeat","background-position":"center center","background-size":"auto","background-attachment":"scroll","background-type":"","background-media":"","overlay-type":"","overlay-color":"","overlay-opacity":"","overlay-gradient":""},"tablet":{"background-color":"","background-image":"","background-repeat":"repeat","background-position":"center center","background-size":"auto","background-attachment":"scroll","background-type":"","background-media":"","overlay-type":"","overlay-color":"","overlay-opacity":"","overlay-gradient":""},"mobile":{"background-color":"","background-image":"","background-repeat":"repeat","background-position":"center center","background-size":"auto","background-attachment":"scroll","background-type":"","background-media":"","overlay-type":"","overlay-color":"","overlay-opacity":"","overlay-gradient":""}},"ast-content-background-meta":{"desktop":{"background-color":"var(--ast-global-color-5)","background-image":"","background-repeat":"repeat","background-position":"center center","background-size":"auto","background-attachment":"scroll","background-type":"","background-media":"","overlay-type":"","overlay-color":"","overlay-opacity":"","overlay-gradient":""},"tablet":{"background-color":"var(--ast-global-color-5)","background-image":"","background-repeat":"repeat","background-position":"center center","background-size":"auto","background-attachment":"scroll","background-type":"","background-media":"","overlay-type":"","overlay-color":"","overlay-opacity":"","overlay-gradient":""},"mobile":{"background-color":"var(--ast-global-color-5)","background-image":"","background-repeat":"repeat","background-position":"center center","background-size":"auto","background-attachment":"scroll","background-type":"","background-media":"","overlay-type":"","overlay-color":"","overlay-opacity":"","overlay-gradient":""}},"footnotes":""},"categories":[1,4],"tags":[],"class_list":["post-6458","post","type-post","status-publish","format-standard","hentry","category-general","category-portada"],"post_mailing_queue_ids":[],"_links":{"self":[{"href":"https:\/\/agora.xtec.cat\/ceip-25desetembre-rubi\/wp-json\/wp\/v2\/posts\/6458","targetHints":{"allow":["GET"]}}],"collection":[{"href":"https:\/\/agora.xtec.cat\/ceip-25desetembre-rubi\/wp-json\/wp\/v2\/posts"}],"about":[{"href":"https:\/\/agora.xtec.cat\/ceip-25desetembre-rubi\/wp-json\/wp\/v2\/types\/post"}],"author":[{"embeddable":true,"href":"https:\/\/agora.xtec.cat\/ceip-25desetembre-rubi\/wp-json\/wp\/v2\/users\/1"}],"replies":[{"embeddable":true,"href":"https:\/\/agora.xtec.cat\/ceip-25desetembre-rubi\/wp-json\/wp\/v2\/comments?post=6458"}],"version-history":[{"count":5,"href":"https:\/\/agora.xtec.cat\/ceip-25desetembre-rubi\/wp-json\/wp\/v2\/posts\/6458\/revisions"}],"predecessor-version":[{"id":6486,"href":"https:\/\/agora.xtec.cat\/ceip-25desetembre-rubi\/wp-json\/wp\/v2\/posts\/6458\/revisions\/6486"}],"wp:attachment":[{"href":"https:\/\/agora.xtec.cat\/ceip-25desetembre-rubi\/wp-json\/wp\/v2\/media?parent=6458"}],"wp:term":[{"taxonomy":"category","embeddable":true,"href":"https:\/\/agora.xtec.cat\/ceip-25desetembre-rubi\/wp-json\/wp\/v2\/categories?post=6458"},{"taxonomy":"post_tag","embeddable":true,"href":"https:\/\/agora.xtec.cat\/ceip-25desetembre-rubi\/wp-json\/wp\/v2\/tags?post=6458"}],"curies":[{"name":"wp","href":"https:\/\/api.w.org\/{rel}","templated":true}]}}