{"id":6396,"date":"2024-06-11T09:31:04","date_gmt":"2024-06-11T07:31:04","guid":{"rendered":"https:\/\/agora.xtec.cat\/ceip-25desetembre-rubi\/?p=6396"},"modified":"2024-06-11T09:31:53","modified_gmt":"2024-06-11T07:31:53","slug":"erasmus-concurs-de-logos","status":"publish","type":"post","link":"https:\/\/agora.xtec.cat\/ceip-25desetembre-rubi\/portada\/erasmus-concurs-de-logos\/","title":{"rendered":"<center>ERASMUS+: CONCURS DE LOGOS<\/center>"},"content":{"rendered":"<p><span style=\"font-weight: 400;\">Amb motiu del projecte Erasmus+, la comissi\u00f3 encarregada d&#8217;aquest va proposar a l\u2019alumnat de Cicle Superior un concurs en el qual s\u2019havia de confeccionar un logo en el que es veiessin reflectits alguns dels elements i objectius principals del nostre projecte. Despr\u00e9s d\u2019un temps de treball i esfor\u00e7 per part de l\u2019alumnat, la comissi\u00f3 va decidir que el logo guanyador \u00e9s el que va confeccionar la Paula de 6\u00e8. Felicitats a la Paula i a tot l\u2019alumnat que ha participat en aquest concurs!<\/span><\/p>\n<p><span style=\"font-weight: 400;\"><img loading=\"lazy\" decoding=\"async\" class=\"size-medium wp-image-6397 aligncenter\" src=\"https:\/\/agora.xtec.cat\/ceip-25desetembre-rubi\/wp-content\/uploads\/usu639\/2024\/06\/logoalumnes-300x292.png\" alt=\"\" width=\"300\" height=\"292\" srcset=\"https:\/\/agora.xtec.cat\/ceip-25desetembre-rubi\/wp-content\/uploads\/usu639\/2024\/06\/logoalumnes-300x292.png 300w, https:\/\/agora.xtec.cat\/ceip-25desetembre-rubi\/wp-content\/uploads\/usu639\/2024\/06\/logoalumnes.png 566w\" sizes=\"auto, (max-width: 300px) 100vw, 300px\" \/><br \/>\n<\/span><\/p>\n","protected":false},"excerpt":{"rendered":"<p>Amb motiu del projecte Erasmus+, la comissi\u00f3 encarregada d&#8217;aquest va proposar a l\u2019alumnat de Cicle Superior un concurs en el qual s\u2019havia de confeccionar un logo en el que es veiessin reflectits alguns dels elements i objectius principals del nostre projecte. Despr\u00e9s d\u2019un temps de treball i esfor\u00e7 per part de l\u2019alumnat, la comissi\u00f3 va [&hellip;]<\/p>\n","protected":false},"author":1,"featured_media":0,"comment_status":"open","ping_status":"closed","sticky":false,"template":"","format":"standard","meta":{"_bbp_topic_count":0,"_bbp_reply_count":0,"_bbp_total_topic_count":0,"_bbp_total_reply_count":0,"_bbp_voice_count":0,"_bbp_anonymous_reply_count":0,"_bbp_topic_count_hidden":0,"_bbp_reply_count_hidden":0,"_bbp_forum_subforum_count":0,"site-sidebar-layout":"default","site-content-layout":"","ast-site-content-layout":"","site-content-style":"default","site-sidebar-style":"default","ast-global-header-display":"","ast-banner-title-visibility":"","ast-main-header-display":"","ast-hfb-above-header-display":"","ast-hfb-below-header-display":"","ast-hfb-mobile-header-display":"","site-post-title":"","ast-breadcrumbs-content":"","ast-featured-img":"","footer-sml-layout":"","theme-transparent-header-meta":"","adv-header-id-meta":"","stick-header-meta":"","header-above-stick-meta":"","header-main-stick-meta":"","header-below-stick-meta":"","astra-migrate-meta-layouts":"default","ast-page-background-enabled":"default","ast-page-background-meta":{"desktop":{"background-color":"var(--ast-global-color-4)","background-image":"","background-repeat":"repeat","background-position":"center center","background-size":"auto","background-attachment":"scroll","background-type":"","background-media":"","overlay-type":"","overlay-color":"","overlay-opacity":"","overlay-gradient":""},"tablet":{"background-color":"","background-image":"","background-repeat":"repeat","background-position":"center center","background-size":"auto","background-attachment":"scroll","background-type":"","background-media":"","overlay-type":"","overlay-color":"","overlay-opacity":"","overlay-gradient":""},"mobile":{"background-color":"","background-image":"","background-repeat":"repeat","background-position":"center center","background-size":"auto","background-attachment":"scroll","background-type":"","background-media":"","overlay-type":"","overlay-color":"","overlay-opacity":"","overlay-gradient":""}},"ast-content-background-meta":{"desktop":{"background-color":"var(--ast-global-color-5)","background-image":"","background-repeat":"repeat","background-position":"center center","background-size":"auto","background-attachment":"scroll","background-type":"","background-media":"","overlay-type":"","overlay-color":"","overlay-opacity":"","overlay-gradient":""},"tablet":{"background-color":"var(--ast-global-color-5)","background-image":"","background-repeat":"repeat","background-position":"center center","background-size":"auto","background-attachment":"scroll","background-type":"","background-media":"","overlay-type":"","overlay-color":"","overlay-opacity":"","overlay-gradient":""},"mobile":{"background-color":"var(--ast-global-color-5)","background-image":"","background-repeat":"repeat","background-position":"center center","background-size":"auto","background-attachment":"scroll","background-type":"","background-media":"","overlay-type":"","overlay-color":"","overlay-opacity":"","overlay-gradient":""}},"footnotes":""},"categories":[15,4,157],"tags":[],"class_list":["post-6396","post","type-post","status-publish","format-standard","hentry","category-6e","category-portada","category-erasmus"],"post_mailing_queue_ids":[],"_links":{"self":[{"href":"https:\/\/agora.xtec.cat\/ceip-25desetembre-rubi\/wp-json\/wp\/v2\/posts\/6396","targetHints":{"allow":["GET"]}}],"collection":[{"href":"https:\/\/agora.xtec.cat\/ceip-25desetembre-rubi\/wp-json\/wp\/v2\/posts"}],"about":[{"href":"https:\/\/agora.xtec.cat\/ceip-25desetembre-rubi\/wp-json\/wp\/v2\/types\/post"}],"author":[{"embeddable":true,"href":"https:\/\/agora.xtec.cat\/ceip-25desetembre-rubi\/wp-json\/wp\/v2\/users\/1"}],"replies":[{"embeddable":true,"href":"https:\/\/agora.xtec.cat\/ceip-25desetembre-rubi\/wp-json\/wp\/v2\/comments?post=6396"}],"version-history":[{"count":2,"href":"https:\/\/agora.xtec.cat\/ceip-25desetembre-rubi\/wp-json\/wp\/v2\/posts\/6396\/revisions"}],"predecessor-version":[{"id":6399,"href":"https:\/\/agora.xtec.cat\/ceip-25desetembre-rubi\/wp-json\/wp\/v2\/posts\/6396\/revisions\/6399"}],"wp:attachment":[{"href":"https:\/\/agora.xtec.cat\/ceip-25desetembre-rubi\/wp-json\/wp\/v2\/media?parent=6396"}],"wp:term":[{"taxonomy":"category","embeddable":true,"href":"https:\/\/agora.xtec.cat\/ceip-25desetembre-rubi\/wp-json\/wp\/v2\/categories?post=6396"},{"taxonomy":"post_tag","embeddable":true,"href":"https:\/\/agora.xtec.cat\/ceip-25desetembre-rubi\/wp-json\/wp\/v2\/tags?post=6396"}],"curies":[{"name":"wp","href":"https:\/\/api.w.org\/{rel}","templated":true}]}}