{"id":6385,"date":"2024-06-10T10:05:37","date_gmt":"2024-06-10T08:05:37","guid":{"rendered":"https:\/\/agora.xtec.cat\/ceip-25desetembre-rubi\/?p=6385"},"modified":"2024-06-17T12:53:24","modified_gmt":"2024-06-17T10:53:24","slug":"informacio-preinscripcio-i-matricula-24-25","status":"publish","type":"post","link":"https:\/\/agora.xtec.cat\/ceip-25desetembre-rubi\/portada\/informacio-preinscripcio-i-matricula-24-25\/","title":{"rendered":"<center>INFORMACI\u00d3 PREINSCRIPCI\u00d3 I MATR\u00cdCULA 24-25<\/center>"},"content":{"rendered":"<ul>\n<li><span style=\"color: #000000;\"><strong>Alumnes assignats al centre amb indicaci\u00f3 de la primera petici\u00f3: cliqueu <a href=\"https:\/\/agora.xtec.cat\/ceip-25desetembre-rubi\/wp-content\/uploads\/usu639\/2024\/06\/INFORME_ASSIGNADES_INFORME_ASSIGNADES.pdf\" target=\"_blank\" rel=\"noopener\">aqu\u00ed<\/a><\/strong><\/span><\/li>\n<li><span style=\"color: #000000;\"><strong>Alumnes preinscrits al centre: cliqueu <a href=\"https:\/\/agora.xtec.cat\/ceip-25desetembre-rubi\/wp-content\/uploads\/usu639\/2024\/06\/INFORME_PREINSCRITES_OME_INFORME_PREINSCRITES_OME.pdf\" target=\"_blank\" rel=\"noopener\">aqu\u00ed<\/a><\/strong><\/span><\/li>\n<li><span style=\"color: #000000;\"><strong>Llista d&#8217;espera: cliqueu <a href=\"https:\/\/agora.xtec.cat\/ceip-25desetembre-rubi\/wp-content\/uploads\/usu639\/2024\/06\/INFORME_LLISTA_ESPERA_OME_LLISTA_ESPERA.pdf\" target=\"_blank\" rel=\"noopener\">aqu\u00ed<\/a><\/strong><\/span><\/li>\n<li><a href=\"https:\/\/educacio.gencat.cat\/ca\/tramits\/tramits-temes\/reclamacions-assignacions-preinscripcio-obligatoris?moda=1\" target=\"_blank\" rel=\"noopener\">Enlla\u00e7<\/a> <span style=\"color: #000000;\"><strong>al formulari per fer una reclamaci\u00f3 contra les assignacions de preinscripci\u00f3 a educaci\u00f3 infantil (3-6 anys), prim\u00e0ria i secund\u00e0ria obligat\u00f2ria. Data l\u00edmit el 13 de juny.<\/strong><\/span><\/li>\n<\/ul>\n<h4>Les fam\u00edlies dels alumnes assignats al nostre centre, rebreu un correu electr\u00f2nic informant-vos dels passos a seguir per formalitzar la matr\u00edcula.<\/h4>\n<ul>\n<li><span style=\"color: #000000;\"><strong>Publicaci\u00f3 de l&#8217;oferta final de places:<\/strong> <\/span><strong><span style=\"color: #000000;\">cliqueu<\/span> <span style=\"color: #339966;\"><a style=\"color: #339966;\" href=\"https:\/\/agora.xtec.cat\/ceip-25desetembre-rubi\/wp-content\/uploads\/usu639\/2024\/05\/INFORME_OFERTA_OME_INFORME_OFERTA.pdf\" target=\"_blank\" rel=\"noopener\">aqu\u00ed<\/a><\/span>.<\/strong><\/li>\n<li><strong><span style=\"color: #000000;\">Publicaci\u00f3 de la llista ordenada: cliqueu <a href=\"https:\/\/agora.xtec.cat\/ceip-25desetembre-rubi\/wp-content\/uploads\/usu639\/2024\/04\/INFORME_BAREM_DEFINITIU_BAREM.pdf\" target=\"_blank\" rel=\"noopener\"><span style=\"color: #339966;\">aqu\u00ed<\/span><\/a>.<\/span><\/strong><\/li>\n<li>El n\u00famero de desempat que s&#8217;aplica en cas que hi hagi m\u00e9s demanda que oferta de places \u00e9s el 81801<\/li>\n<li><strong><span style=\"color: #000000;\">Publicaci\u00f3 de la llista de sol\u00b7licituds un cop resoltes les reclamacions: cliqueu<\/span> <span style=\"color: #339966;\"><a style=\"color: #339966;\" href=\"https:\/\/agora.xtec.cat\/ceip-25desetembre-rubi\/wp-content\/uploads\/usu639\/2024\/04\/INFORME_BAREM_RESOLTES_BAREM.pdf\" target=\"_blank\" rel=\"noopener\">aqu\u00ed<\/a><\/span>.<\/strong><\/li>\n<li><strong><span style=\"color: #000000;\">Publicaci\u00f3 de la llista de sol\u00b7licituds amb la puntuaci\u00f3 provisional: cliqueu<\/span> <span style=\"color: #339966;\"><a style=\"color: #339966;\" href=\"https:\/\/agora.xtec.cat\/ceip-25desetembre-rubi\/wp-content\/uploads\/usu639\/2024\/04\/INFORME_BAREM_PROVISIONAL_BAREM.pdf\" target=\"_blank\" rel=\"noopener\">aqu\u00ed<\/a><\/span><\/strong>.<\/li>\n<li><strong><span style=\"color: #000000;\">Publicaci\u00f3 de l&#8217;oferta inicial de places: cliqueu<\/span> <span style=\"color: #339966;\"><a style=\"color: #339966;\" href=\"https:\/\/agora.xtec.cat\/ceip-25desetembre-rubi\/wp-content\/uploads\/usu639\/2024\/03\/INFORME_OFERTA_OME_INFORME_OFERTA.pdf\" target=\"_blank\" rel=\"noopener\">aqu\u00ed<\/a><\/span>.<\/strong><\/li>\n<\/ul>\n<p><img loading=\"lazy\" decoding=\"async\" class=\" wp-image-6298 aligncenter\" src=\"https:\/\/agora.xtec.cat\/ceip-25desetembre-rubi\/wp-content\/uploads\/usu639\/2024\/05\/calendari-proces-300x126.jpg\" alt=\"\" width=\"564\" height=\"237\" srcset=\"https:\/\/agora.xtec.cat\/ceip-25desetembre-rubi\/wp-content\/uploads\/usu639\/2024\/05\/calendari-proces-300x126.jpg 300w, https:\/\/agora.xtec.cat\/ceip-25desetembre-rubi\/wp-content\/uploads\/usu639\/2024\/05\/calendari-proces.jpg 661w\" sizes=\"auto, (max-width: 564px) 100vw, 564px\" \/><\/p>\n<p>Com presentar una reclamaci\u00f3 si no esteu d&#8217;acord amb la puntuaci\u00f3: cliqueu <a href=\"https:\/\/youtu.be\/Y1HTJ25ueeY?si=v3oegtt0-NoszkvG\" target=\"_blank\" rel=\"noopener\">aqu\u00ed<\/a>.<\/p>\n<p>TAMB\u00c9 PODEU CONSULTAR TOTES LES PUBLICACIONS AL TAULELL D\u2019ANUNCIS SITUAT A LA PORTA PRINCIPAL DE L\u2019ESCOLA<\/p>\n<h4><img loading=\"lazy\" decoding=\"async\" class=\"aligncenter\" src=\"https:\/\/www.osservatorioantitrust.eu\/es\/wp-content\/uploads\/consulta-1.png\" alt=\"Consulta \u2013 Osservatorio Permanente Applicazione delle Regole di Concorrenza\" width=\"163\" height=\"163\" \/><\/h4>\n","protected":false},"excerpt":{"rendered":"<p>Alumnes assignats al centre amb indicaci\u00f3 de la primera petici\u00f3: cliqueu aqu\u00ed Alumnes preinscrits al centre: cliqueu aqu\u00ed Llista d&#8217;espera: cliqueu aqu\u00ed Enlla\u00e7 al formulari per fer una reclamaci\u00f3 contra les assignacions de preinscripci\u00f3 a educaci\u00f3 infantil (3-6 anys), prim\u00e0ria i secund\u00e0ria obligat\u00f2ria. Data l\u00edmit el 13 de juny. Les fam\u00edlies dels alumnes assignats al [&hellip;]<\/p>\n","protected":false},"author":1,"featured_media":6390,"comment_status":"open","ping_status":"closed","sticky":false,"template":"","format":"standard","meta":{"_bbp_topic_count":0,"_bbp_reply_count":0,"_bbp_total_topic_count":0,"_bbp_total_reply_count":0,"_bbp_voice_count":0,"_bbp_anonymous_reply_count":0,"_bbp_topic_count_hidden":0,"_bbp_reply_count_hidden":0,"_bbp_forum_subforum_count":0,"site-sidebar-layout":"default","site-content-layout":"","ast-site-content-layout":"","site-content-style":"default","site-sidebar-style":"default","ast-global-header-display":"","ast-banner-title-visibility":"","ast-main-header-display":"","ast-hfb-above-header-display":"","ast-hfb-below-header-display":"","ast-hfb-mobile-header-display":"","site-post-title":"","ast-breadcrumbs-content":"","ast-featured-img":"","footer-sml-layout":"","theme-transparent-header-meta":"","adv-header-id-meta":"","stick-header-meta":"","header-above-stick-meta":"","header-main-stick-meta":"","header-below-stick-meta":"","astra-migrate-meta-layouts":"default","ast-page-background-enabled":"default","ast-page-background-meta":{"desktop":{"background-color":"var(--ast-global-color-4)","background-image":"","background-repeat":"repeat","background-position":"center center","background-size":"auto","background-attachment":"scroll","background-type":"","background-media":"","overlay-type":"","overlay-color":"","overlay-opacity":"","overlay-gradient":""},"tablet":{"background-color":"","background-image":"","background-repeat":"repeat","background-position":"center center","background-size":"auto","background-attachment":"scroll","background-type":"","background-media":"","overlay-type":"","overlay-color":"","overlay-opacity":"","overlay-gradient":""},"mobile":{"background-color":"","background-image":"","background-repeat":"repeat","background-position":"center center","background-size":"auto","background-attachment":"scroll","background-type":"","background-media":"","overlay-type":"","overlay-color":"","overlay-opacity":"","overlay-gradient":""}},"ast-content-background-meta":{"desktop":{"background-color":"var(--ast-global-color-5)","background-image":"","background-repeat":"repeat","background-position":"center center","background-size":"auto","background-attachment":"scroll","background-type":"","background-media":"","overlay-type":"","overlay-color":"","overlay-opacity":"","overlay-gradient":""},"tablet":{"background-color":"var(--ast-global-color-5)","background-image":"","background-repeat":"repeat","background-position":"center center","background-size":"auto","background-attachment":"scroll","background-type":"","background-media":"","overlay-type":"","overlay-color":"","overlay-opacity":"","overlay-gradient":""},"mobile":{"background-color":"var(--ast-global-color-5)","background-image":"","background-repeat":"repeat","background-position":"center center","background-size":"auto","background-attachment":"scroll","background-type":"","background-media":"","overlay-type":"","overlay-color":"","overlay-opacity":"","overlay-gradient":""}},"footnotes":""},"categories":[4],"tags":[158],"class_list":["post-6385","post","type-post","status-publish","format-standard","has-post-thumbnail","hentry","category-portada","tag-preinscripcio-i-matricula-24-25"],"post_mailing_queue_ids":[],"_links":{"self":[{"href":"https:\/\/agora.xtec.cat\/ceip-25desetembre-rubi\/wp-json\/wp\/v2\/posts\/6385","targetHints":{"allow":["GET"]}}],"collection":[{"href":"https:\/\/agora.xtec.cat\/ceip-25desetembre-rubi\/wp-json\/wp\/v2\/posts"}],"about":[{"href":"https:\/\/agora.xtec.cat\/ceip-25desetembre-rubi\/wp-json\/wp\/v2\/types\/post"}],"author":[{"embeddable":true,"href":"https:\/\/agora.xtec.cat\/ceip-25desetembre-rubi\/wp-json\/wp\/v2\/users\/1"}],"replies":[{"embeddable":true,"href":"https:\/\/agora.xtec.cat\/ceip-25desetembre-rubi\/wp-json\/wp\/v2\/comments?post=6385"}],"version-history":[{"count":3,"href":"https:\/\/agora.xtec.cat\/ceip-25desetembre-rubi\/wp-json\/wp\/v2\/posts\/6385\/revisions"}],"predecessor-version":[{"id":6392,"href":"https:\/\/agora.xtec.cat\/ceip-25desetembre-rubi\/wp-json\/wp\/v2\/posts\/6385\/revisions\/6392"}],"wp:featuredmedia":[{"embeddable":true,"href":"https:\/\/agora.xtec.cat\/ceip-25desetembre-rubi\/wp-json\/wp\/v2\/media\/6390"}],"wp:attachment":[{"href":"https:\/\/agora.xtec.cat\/ceip-25desetembre-rubi\/wp-json\/wp\/v2\/media?parent=6385"}],"wp:term":[{"taxonomy":"category","embeddable":true,"href":"https:\/\/agora.xtec.cat\/ceip-25desetembre-rubi\/wp-json\/wp\/v2\/categories?post=6385"},{"taxonomy":"post_tag","embeddable":true,"href":"https:\/\/agora.xtec.cat\/ceip-25desetembre-rubi\/wp-json\/wp\/v2\/tags?post=6385"}],"curies":[{"name":"wp","href":"https:\/\/api.w.org\/{rel}","templated":true}]}}