{"id":6353,"date":"2024-09-01T09:00:10","date_gmt":"2024-09-01T07:00:10","guid":{"rendered":"https:\/\/agora.xtec.cat\/ceip-25desetembre-rubi\/?p=6353"},"modified":"2025-04-30T08:31:32","modified_gmt":"2025-04-30T06:31:32","slug":"informacions-inici-de-curs-2024-25","status":"publish","type":"post","link":"https:\/\/agora.xtec.cat\/ceip-25desetembre-rubi\/general\/informacions-inici-de-curs-2024-25\/","title":{"rendered":"<center>INFORMACIONS INICI DE CURS 2024-25<\/center>"},"content":{"rendered":"<h4><span style=\"color: #000000;\">Recomanacions de lectures per l&#8217;estiu: cliqueu<\/span> <a href=\"https:\/\/agora.xtec.cat\/ceip-25desetembre-rubi\/wp-content\/uploads\/usu639\/2024\/06\/Lectures-estiu-24.pdf\" target=\"_blank\" rel=\"noopener\">aqu\u00ed<\/a><\/h4>\n<h4><span style=\"color: #000000;\">Recomanacions d&#8217;estiu per a l&#8217;alumnat d&#8217;Infantil: cliqueu<\/span> <a href=\"https:\/\/agora.xtec.cat\/ceip-25desetembre-rubi\/wp-content\/uploads\/usu639\/2024\/06\/DEFINITIU-RECOMANACIONS-ESTIU-EI.pdf\" target=\"_blank\" rel=\"noopener\">aqu\u00ed<\/a><\/h4>\n<table style=\"border-collapse: collapse; width: 100%;\">\n<tbody>\n<tr>\n<td style=\"width: 50%;\">\n<h4 style=\"text-align: center;\"><strong><span style=\"color: #000000;\">Calendari del curs\u00a0<\/span><\/strong><\/h4>\n<\/td>\n<td style=\"width: 50%;\">\n<h4 style=\"text-align: center;\"><span style=\"color: #000000;\"><strong>Quota escolar<\/strong><\/span><\/h4>\n<\/td>\n<\/tr>\n<tr>\n<td style=\"width: 50%;\">\n<h4><a href=\"https:\/\/agora.xtec.cat\/ceip-25desetembre-rubi\/wp-content\/uploads\/usu639\/2024\/06\/Calendari-curs-2024-25-1.pdf\" target=\"_blank\" rel=\"noopener\"><img loading=\"lazy\" decoding=\"async\" class=\" wp-image-5820 aligncenter\" src=\"https:\/\/agora.xtec.cat\/ceip-25desetembre-rubi\/wp-content\/uploads\/usu639\/2023\/06\/calendari.png\" alt=\"\" width=\"125\" height=\"125\" srcset=\"https:\/\/agora.xtec.cat\/ceip-25desetembre-rubi\/wp-content\/uploads\/usu639\/2023\/06\/calendari.png 225w, https:\/\/agora.xtec.cat\/ceip-25desetembre-rubi\/wp-content\/uploads\/usu639\/2023\/06\/calendari-150x150.png 150w\" sizes=\"auto, (max-width: 125px) 100vw, 125px\" \/><\/a><\/h4>\n<\/td>\n<td style=\"width: 50%;\">\n<ul>\n<li>\n<h4><a href=\"https:\/\/agora.xtec.cat\/ceip-25desetembre-rubi\/wp-content\/uploads\/usu639\/2024\/06\/FULL-QUOTA-UNICA-24-25.pdf\" target=\"_blank\" rel=\"noopener\"><span style=\"color: #000000;\">Informaci\u00f3 <\/span><span style=\"color: #000000;\">i formes de pagament<\/span><\/a><\/h4>\n<\/li>\n<li>\n<h4><a href=\"https:\/\/agora.xtec.cat\/ceip-25desetembre-rubi\/wp-content\/uploads\/usu639\/2023\/06\/NORMATIVA-QUOTA-UNICA.pdf\" target=\"_blank\" rel=\"noopener\"><span style=\"color: #000000;\">Normativa<\/span><\/a><\/h4>\n<\/li>\n<\/ul>\n<h6><\/h6>\n<\/td>\n<\/tr>\n<\/tbody>\n<\/table>\n<ul>\n<li><span style=\"color: #000000;\"><strong>Materials que cal portar el 9 de setembre:<\/strong><\/span><\/li>\n<\/ul>\n<table style=\"border-collapse: collapse; width: 84.0574%; height: 168px;\">\n<tbody>\n<tr>\n<td style=\"width: 33.2911%; text-align: center;\">\n<h4><a href=\"https:\/\/agora.xtec.cat\/ceip-25desetembre-rubi\/wp-content\/uploads\/usu639\/2024\/06\/1.-I3-Material-inici-de-curs.pdf\" target=\"_blank\" rel=\"noopener\">I3<\/a>\u00a0 \u00a0 \u00a0 \u00a0 \u00a0<a href=\"https:\/\/agora.xtec.cat\/ceip-25desetembre-rubi\/wp-content\/uploads\/usu639\/2023\/06\/Bosseta-dI3.pdf\" target=\"_blank\" rel=\"noopener\">Bosseta<\/a><\/h4>\n<\/td>\n<td style=\"width: 30.5635%; text-align: center;\">\n<h4><a href=\"https:\/\/agora.xtec.cat\/ceip-25desetembre-rubi\/wp-content\/uploads\/usu639\/2024\/06\/2.-1r-material-inici-de-curs.pdf\">1r<\/a><\/h4>\n<\/td>\n<td style=\"width: 118.016%; text-align: center;\">\n<h4 style=\"text-align: center;\"><a href=\"https:\/\/agora.xtec.cat\/ceip-25desetembre-rubi\/wp-content\/uploads\/usu639\/2023\/06\/4.CM-Materials-inici-de-curs-1.pdf\" target=\"_blank\" rel=\"noopener\">3r i 4t<\/a><\/h4>\n<\/td>\n<\/tr>\n<tr>\n<td style=\"width: 33.2911%; text-align: center;\">\n<h4><a href=\"https:\/\/agora.xtec.cat\/ceip-25desetembre-rubi\/wp-content\/uploads\/usu639\/2023\/06\/1.-I4-MATERIAL-INICI-DE-CURS-1.pdf\" target=\"_blank\" rel=\"noopener\">I4<\/a><\/h4>\n<\/td>\n<td style=\"width: 30.5635%; text-align: center;\">\n<h4><a href=\"https:\/\/agora.xtec.cat\/ceip-25desetembre-rubi\/wp-content\/uploads\/usu639\/2024\/06\/3.-2n-Material-inici-de-curs.pdf\">2n<\/a><\/h4>\n<\/td>\n<td style=\"width: 118.016%;\">\n<h4 style=\"text-align: center;\"><a href=\"https:\/\/agora.xtec.cat\/ceip-25desetembre-rubi\/wp-content\/uploads\/usu639\/2023\/06\/5.CS-Materials-inici-de-curs.pdf\" target=\"_blank\" rel=\"noopener\">5\u00e8 i 6\u00e8<\/a><\/h4>\n<\/td>\n<\/tr>\n<tr>\n<td style=\"width: 33.2911%;\">\n<h4 style=\"text-align: center;\"><a href=\"https:\/\/agora.xtec.cat\/ceip-25desetembre-rubi\/wp-content\/uploads\/usu639\/2023\/06\/1.-I5-MATERIAL-INICI-DE-CURS-1.pdf\" target=\"_blank\" rel=\"noopener\">I5<\/a><\/h4>\n<\/td>\n<td style=\"width: 30.5635%;\">\n<h4><\/h4>\n<\/td>\n<td style=\"width: 118.016%;\">\n<h4 style=\"text-align: center;\"><\/h4>\n<\/td>\n<\/tr>\n<\/tbody>\n<\/table>\n<ul>\n<li><span style=\"color: #000000;\"><strong>Roba escolar: <\/strong><\/span><\/li>\n<\/ul>\n<h5><span style=\"color: #000000;\">Dessuadora i samarreta (cal portar-la a les sortides i per fer educaci\u00f3 f\u00edsica)<\/span><\/h5>\n<h5><span style=\"color: #000000;\">Es compren directament a la botiga<\/span> <a href=\"https:\/\/agora.xtec.cat\/ceip-25desetembre-rubi\/wp-content\/uploads\/usu639\/2023\/06\/ROBA-ESCOLAR.pdf\" target=\"_blank\" rel=\"noopener\">One&amp;Plus<\/a>.<\/h5>\n<h5><span style=\"color: #000000;\">Per l&#8217;alumnat d&#8217;Infantil 3 anys est\u00e0<\/span> <a href=\"https:\/\/agora.xtec.cat\/ceip-25desetembre-rubi\/wp-content\/uploads\/usu639\/2023\/06\/CARTA-BOTIGA-P3.pdf\" target=\"_blank\" rel=\"noopener\">inclosa<\/a> <span style=\"color: #000000;\">amb el pagament de la quota escolar.<\/span><\/h5>\n<p>&nbsp;<\/p>\n<table style=\"border-collapse: collapse; width: 100%;\">\n<tbody>\n<tr>\n<td style=\"width: 50%; text-align: center;\" colspan=\"2\">\n<h4><strong><span style=\"color: #000000;\">AFA<\/span><\/strong><\/h4>\n<\/td>\n<\/tr>\n<tr>\n<td style=\"width: 50%;\">\n<h5 style=\"text-align: center;\"><span style=\"color: #000000;\">Enlla\u00e7 al formulari per inscriure&#8217;s com a soci<\/span><\/h5>\n<p><a href=\"https:\/\/docs.google.com\/forms\/d\/1qkENGOTHb93l0ORFHDQdELCeohvOPE_YIK7qAruX5rg\/edit\" target=\"_blank\" rel=\"noopener\"><img loading=\"lazy\" decoding=\"async\" class=\"aligncenter\" src=\"https:\/\/cdn-icons-png.flaticon.com\/128\/1017\/1017466.png\" alt=\"enlace \" width=\"83\" height=\"83\" \/><\/a><\/p>\n<h5 style=\"text-align: center;\"><span style=\"color: #000000;\">Per qu\u00e8 ser<\/span> <a href=\"https:\/\/agora.xtec.cat\/ceip-25desetembre-rubi\/wp-content\/uploads\/usu639\/2023\/06\/Per-que-pagar-la-quota-de-lAFA.pdf\" target=\"_blank\" rel=\"noopener\">soci<\/a> <span style=\"color: #000000;\">de l&#8217;AFA?<\/span><\/h5>\n<\/td>\n<td style=\"width: 50%;\">\n<h5><span style=\"color: #000000;\">Informaci\u00f3 dels serveis de Bon dia i Bona tarda<\/span><\/h5>\n<h5><span style=\"color: #000000;\">i les extraescolars, a les que ja us <a href=\"https:\/\/www.uniolleure.cat\/escola-25-setembre\/\" target=\"_blank\" rel=\"noopener\">podeu inscriure<\/a>.<\/span><\/h5>\n<p><a href=\"https:\/\/agora.xtec.cat\/ceip-25desetembre-rubi\/wp-content\/uploads\/usu639\/2024\/06\/25Setembre_2024-25-Informacio-extraescolars-1.pdf\" target=\"_blank\" rel=\"noopener\"><img loading=\"lazy\" decoding=\"async\" class=\"wp-image-6169 aligncenter\" src=\"https:\/\/agora.xtec.cat\/ceip-25desetembre-rubi\/wp-content\/uploads\/usu639\/2024\/03\/contrato-300x300.png\" alt=\"\" width=\"119\" height=\"119\" srcset=\"https:\/\/agora.xtec.cat\/ceip-25desetembre-rubi\/wp-content\/uploads\/usu639\/2024\/03\/contrato-300x300.png 300w, https:\/\/agora.xtec.cat\/ceip-25desetembre-rubi\/wp-content\/uploads\/usu639\/2024\/03\/contrato-150x150.png 150w, https:\/\/agora.xtec.cat\/ceip-25desetembre-rubi\/wp-content\/uploads\/usu639\/2024\/03\/contrato.png 512w\" sizes=\"auto, (max-width: 119px) 100vw, 119px\" \/><\/a><\/td>\n<\/tr>\n<\/tbody>\n<\/table>\n<p style=\"text-align: center;\">\u00a1\u00a1TOTES LES<strong> INSCRIPCIONS NOVES DE I3<\/strong> PODEU POSAR <strong>QUALSEVOL CLASSE<\/strong>, ENCARA NO \u00c9S ADJUDICADA!!<\/p>\n<table style=\"border-collapse: collapse; width: 100%;\">\n<tbody>\n<tr>\n<td style=\"width: 50%;\" colspan=\"2\">\n<h4 style=\"text-align: center;\"><strong><span style=\"color: #000000;\">Servei de menjador<\/span><\/strong><\/h4>\n<\/td>\n<\/tr>\n<tr>\n<td style=\"width: 50%;\">\n<h5><span style=\"color: #000000;\">Informaci\u00f3: preus, activitats, dades de contacte, \u00fas de l&#8217;aplicaci\u00f3&#8230;<\/span><\/h5>\n<p><a href=\"https:\/\/agora.xtec.cat\/ceip-25desetembre-rubi\/wp-content\/uploads\/usu639\/2024\/06\/Menjador.pdf\" target=\"_blank\" rel=\"noopener\"><img loading=\"lazy\" decoding=\"async\" class=\"aligncenter\" src=\"https:\/\/cdn-icons-png.flaticon.com\/128\/1017\/1017466.png\" alt=\"enlace \" width=\"83\" height=\"83\" \/><\/a><\/td>\n<td style=\"width: 50%;\"><img loading=\"lazy\" decoding=\"async\" class=\"size-medium wp-image-5822 alignnone aligncenter\" src=\"https:\/\/agora.xtec.cat\/ceip-25desetembre-rubi\/wp-content\/uploads\/usu639\/2023\/06\/campos-estela-sabequealimenta-300x102.png\" alt=\"\" width=\"300\" height=\"102\" srcset=\"https:\/\/agora.xtec.cat\/ceip-25desetembre-rubi\/wp-content\/uploads\/usu639\/2023\/06\/campos-estela-sabequealimenta-300x102.png 300w, https:\/\/agora.xtec.cat\/ceip-25desetembre-rubi\/wp-content\/uploads\/usu639\/2023\/06\/campos-estela-sabequealimenta.png 514w\" sizes=\"auto, (max-width: 300px) 100vw, 300px\" \/><\/td>\n<\/tr>\n<\/tbody>\n<\/table>\n<ul>\n<li>\n<h5><span style=\"color: #000000;\"><strong>Quaderns, llibres i plataformes digitals (us els proporcionem a l&#8217;escola, NO heu de comprar res del que trobareu a sota)<\/strong><\/span><\/h5>\n<\/li>\n<\/ul>\n<table style=\"border-collapse: collapse; width: 71.6438%; height: 212px;\">\n<tbody>\n<tr style=\"height: 72px;\">\n<td style=\"width: 40.1031%; text-align: center; height: 72px;\">\n<h5><a href=\"https:\/\/agora.xtec.cat\/ceip-25desetembre-rubi\/wp-content\/uploads\/usu639\/2023\/06\/INFANTIL.pdf\" target=\"_blank\" rel=\"noopener\"><span style=\"color: #000000;\">Quadernets d&#8217;Infantil<\/span><\/a><\/h5>\n<\/td>\n<td style=\"width: 55.6744%; height: 72px;\">\n<h5 style=\"text-align: center;\"><a href=\"https:\/\/agora.xtec.cat\/ceip-25desetembre-rubi\/wp-content\/uploads\/usu639\/2024\/06\/WEB-LLIBRES-CURS-2023-24-Fulls-de-calcul-de-Google.pdf\" target=\"_blank\" rel=\"noopener\"><span style=\"color: #000000;\">Quaderns, llibres i plataformes de 1r i 2n<\/span><\/a><\/h5>\n<\/td>\n<\/tr>\n<tr style=\"height: 72px;\">\n<td style=\"width: 40.1031%; height: 72px;\"><\/td>\n<td style=\"width: 55.6744%; height: 72px;\">\n<h5 style=\"text-align: center;\"><a href=\"https:\/\/agora.xtec.cat\/ceip-25desetembre-rubi\/wp-content\/uploads\/usu639\/2023\/06\/MITJA.pdf\" target=\"_blank\" rel=\"noopener\"><span style=\"color: #000000;\">Quaderns, llibres i plataformes de 3r i 4t<\/span><\/a><\/h5>\n<\/td>\n<\/tr>\n<tr style=\"height: 72px;\">\n<td style=\"width: 40.1031%; height: 72px;\"><\/td>\n<td style=\"width: 55.6744%; height: 72px;\">\n<h5 style=\"text-align: center;\"><a href=\"https:\/\/agora.xtec.cat\/ceip-25desetembre-rubi\/wp-content\/uploads\/usu639\/2023\/06\/SUPERIOR.pdf\" target=\"_blank\" rel=\"noopener\"><span style=\"color: #000000;\">Quaderns, llibres i plataformes de 5\u00e8 i 6\u00e8<\/span><\/a><\/h5>\n<\/td>\n<\/tr>\n<\/tbody>\n<\/table>\n<p><span style=\"color: #000000;\"><strong>El llistat de llibres i quadernets el compartim aqu\u00ed perqu\u00e8 les fam\u00edlies estigueu assabentades, NO heu de comprar-los vosaltres.<\/strong><\/span><\/p>\n","protected":false},"excerpt":{"rendered":"<p>Recomanacions de lectures per l&#8217;estiu: cliqueu aqu\u00ed Recomanacions d&#8217;estiu per a l&#8217;alumnat d&#8217;Infantil: cliqueu aqu\u00ed Calendari del curs\u00a0 Quota escolar Informaci\u00f3 i formes de pagament Normativa Materials que cal portar el 9 de setembre: I3\u00a0 \u00a0 \u00a0 \u00a0 \u00a0Bosseta 1r 3r i 4t I4 2n 5\u00e8 i 6\u00e8 I5 Roba escolar: Dessuadora i samarreta (cal [&hellip;]<\/p>\n","protected":false},"author":1,"featured_media":0,"comment_status":"open","ping_status":"closed","sticky":false,"template":"","format":"standard","meta":{"_bbp_topic_count":0,"_bbp_reply_count":0,"_bbp_total_topic_count":0,"_bbp_total_reply_count":0,"_bbp_voice_count":0,"_bbp_anonymous_reply_count":0,"_bbp_topic_count_hidden":0,"_bbp_reply_count_hidden":0,"_bbp_forum_subforum_count":0,"site-sidebar-layout":"default","site-content-layout":"","ast-site-content-layout":"","site-content-style":"default","site-sidebar-style":"default","ast-global-header-display":"","ast-banner-title-visibility":"","ast-main-header-display":"","ast-hfb-above-header-display":"","ast-hfb-below-header-display":"","ast-hfb-mobile-header-display":"","site-post-title":"","ast-breadcrumbs-content":"","ast-featured-img":"","footer-sml-layout":"","theme-transparent-header-meta":"","adv-header-id-meta":"","stick-header-meta":"","header-above-stick-meta":"","header-main-stick-meta":"","header-below-stick-meta":"","astra-migrate-meta-layouts":"default","ast-page-background-enabled":"default","ast-page-background-meta":{"desktop":{"background-color":"var(--ast-global-color-4)","background-image":"","background-repeat":"repeat","background-position":"center center","background-size":"auto","background-attachment":"scroll","background-type":"","background-media":"","overlay-type":"","overlay-color":"","overlay-opacity":"","overlay-gradient":""},"tablet":{"background-color":"","background-image":"","background-repeat":"repeat","background-position":"center center","background-size":"auto","background-attachment":"scroll","background-type":"","background-media":"","overlay-type":"","overlay-color":"","overlay-opacity":"","overlay-gradient":""},"mobile":{"background-color":"","background-image":"","background-repeat":"repeat","background-position":"center center","background-size":"auto","background-attachment":"scroll","background-type":"","background-media":"","overlay-type":"","overlay-color":"","overlay-opacity":"","overlay-gradient":""}},"ast-content-background-meta":{"desktop":{"background-color":"var(--ast-global-color-5)","background-image":"","background-repeat":"repeat","background-position":"center center","background-size":"auto","background-attachment":"scroll","background-type":"","background-media":"","overlay-type":"","overlay-color":"","overlay-opacity":"","overlay-gradient":""},"tablet":{"background-color":"var(--ast-global-color-5)","background-image":"","background-repeat":"repeat","background-position":"center center","background-size":"auto","background-attachment":"scroll","background-type":"","background-media":"","overlay-type":"","overlay-color":"","overlay-opacity":"","overlay-gradient":""},"mobile":{"background-color":"var(--ast-global-color-5)","background-image":"","background-repeat":"repeat","background-position":"center center","background-size":"auto","background-attachment":"scroll","background-type":"","background-media":"","overlay-type":"","overlay-color":"","overlay-opacity":"","overlay-gradient":""}},"footnotes":""},"categories":[1,4],"tags":[],"class_list":["post-6353","post","type-post","status-publish","format-standard","hentry","category-general","category-portada"],"post_mailing_queue_ids":[],"_links":{"self":[{"href":"https:\/\/agora.xtec.cat\/ceip-25desetembre-rubi\/wp-json\/wp\/v2\/posts\/6353","targetHints":{"allow":["GET"]}}],"collection":[{"href":"https:\/\/agora.xtec.cat\/ceip-25desetembre-rubi\/wp-json\/wp\/v2\/posts"}],"about":[{"href":"https:\/\/agora.xtec.cat\/ceip-25desetembre-rubi\/wp-json\/wp\/v2\/types\/post"}],"author":[{"embeddable":true,"href":"https:\/\/agora.xtec.cat\/ceip-25desetembre-rubi\/wp-json\/wp\/v2\/users\/1"}],"replies":[{"embeddable":true,"href":"https:\/\/agora.xtec.cat\/ceip-25desetembre-rubi\/wp-json\/wp\/v2\/comments?post=6353"}],"version-history":[{"count":7,"href":"https:\/\/agora.xtec.cat\/ceip-25desetembre-rubi\/wp-json\/wp\/v2\/posts\/6353\/revisions"}],"predecessor-version":[{"id":6431,"href":"https:\/\/agora.xtec.cat\/ceip-25desetembre-rubi\/wp-json\/wp\/v2\/posts\/6353\/revisions\/6431"}],"wp:attachment":[{"href":"https:\/\/agora.xtec.cat\/ceip-25desetembre-rubi\/wp-json\/wp\/v2\/media?parent=6353"}],"wp:term":[{"taxonomy":"category","embeddable":true,"href":"https:\/\/agora.xtec.cat\/ceip-25desetembre-rubi\/wp-json\/wp\/v2\/categories?post=6353"},{"taxonomy":"post_tag","embeddable":true,"href":"https:\/\/agora.xtec.cat\/ceip-25desetembre-rubi\/wp-json\/wp\/v2\/tags?post=6353"}],"curies":[{"name":"wp","href":"https:\/\/api.w.org\/{rel}","templated":true}]}}