{"id":6332,"date":"2024-05-28T16:22:10","date_gmt":"2024-05-28T14:22:10","guid":{"rendered":"https:\/\/agora.xtec.cat\/ceip-25desetembre-rubi\/?p=6332"},"modified":"2024-06-02T19:09:03","modified_gmt":"2024-06-02T17:09:03","slug":"erasmus-learning-outside-the-classroom-in-finland","status":"publish","type":"post","link":"https:\/\/agora.xtec.cat\/ceip-25desetembre-rubi\/portada\/erasmus-learning-outside-the-classroom-in-finland\/","title":{"rendered":"<center>ERASMUS+: LEARNING OUTSIDE THE CLASSROOM IN FINLAND!<\/center>"},"content":{"rendered":"<p><span style=\"font-weight: 400;\">Com ja us hem anat explicant al llarg del curs, aquest any participem al programa Erasmus+ amb el projecte \u201cNew Spaces, new learnings\u201d amb l\u2019objectiu d\u2019adaptar i aprofitar al m\u00e0xim els diferents espais del centre per afavorir la inclusi\u00f3 i la coeducaci\u00f3 de l\u2019alumnat.\u00a0<\/span><\/p>\n<p><span style=\"font-weight: 400;\">Durant el passat mes de febrer, un grup de mestres de l\u2019escola va viatjar a It\u00e0lia per assistir al curs \u201cThe best for preschool teachers: Reggio Emilia Approach, Montessori method, Outdoor Education and much more\u201d i ara ha tocat viatjar a un altre pa\u00eds. Aquesta vegada la Paula, l\u2019Al\u00edcia i la Marta han anat a Finl\u00e0ndia, exactament a H\u00e8lsinki per assistir al curs \u201cLearning outside the classroom in Finland\u201d. A trav\u00e9s d\u2019aquest curs, les mestres van poder comprendre i con\u00e8ixer diferents m\u00e8todes d\u2019educaci\u00f3 a l\u2019aire lliure i els seus beneficis, al mateix temps que van aprendre a dissenyar, planificar i posar en pr\u00e0ctica diferents activitats a fora de les aules.<\/span><\/p>\n<p><span style=\"font-weight: 400;\">La propera mobilitat que tenim prevista ser\u00e0 a Dinamarca i es dur\u00e0 a terme als voltants del mes de setembre.\u00a0<\/span><\/p>\n<p><img loading=\"lazy\" decoding=\"async\" class=\"size-medium wp-image-6333 aligncenter\" src=\"https:\/\/agora.xtec.cat\/ceip-25desetembre-rubi\/wp-content\/uploads\/usu639\/2024\/05\/1715071173630-225x300.jpg\" alt=\"\" width=\"225\" height=\"300\" srcset=\"https:\/\/agora.xtec.cat\/ceip-25desetembre-rubi\/wp-content\/uploads\/usu639\/2024\/05\/1715071173630-225x300.jpg 225w, https:\/\/agora.xtec.cat\/ceip-25desetembre-rubi\/wp-content\/uploads\/usu639\/2024\/05\/1715071173630-768x1024.jpg 768w, https:\/\/agora.xtec.cat\/ceip-25desetembre-rubi\/wp-content\/uploads\/usu639\/2024\/05\/1715071173630-1152x1536.jpg 1152w, https:\/\/agora.xtec.cat\/ceip-25desetembre-rubi\/wp-content\/uploads\/usu639\/2024\/05\/1715071173630.jpg 1200w\" sizes=\"auto, (max-width: 225px) 100vw, 225px\" \/><\/p>\n<p>\u00abCofinanciado por la Uni\u00f3n Europea. Las opiniones y puntos de vista expresados solo comprometen a su(s) autor(es) y no reflejan necesariamente los de la Uni\u00f3n Europea ni los del Servicio Espa\u00f1ol para la Internacionalizaci\u00f3n de la Educaci\u00f3n (SEPIE). Ni la Uni\u00f3n Europea ni la autoridad otorgante pueden ser considerados responsables de ellos\u00bb.<\/p>\n","protected":false},"excerpt":{"rendered":"<p>Com ja us hem anat explicant al llarg del curs, aquest any participem al programa Erasmus+ amb el projecte \u201cNew Spaces, new learnings\u201d amb l\u2019objectiu d\u2019adaptar i aprofitar al m\u00e0xim els diferents espais del centre per afavorir la inclusi\u00f3 i la coeducaci\u00f3 de l\u2019alumnat.\u00a0 Durant el passat mes de febrer, un grup de mestres de [&hellip;]<\/p>\n","protected":false},"author":1,"featured_media":0,"comment_status":"open","ping_status":"closed","sticky":false,"template":"","format":"standard","meta":{"_bbp_topic_count":0,"_bbp_reply_count":0,"_bbp_total_topic_count":0,"_bbp_total_reply_count":0,"_bbp_voice_count":0,"_bbp_anonymous_reply_count":0,"_bbp_topic_count_hidden":0,"_bbp_reply_count_hidden":0,"_bbp_forum_subforum_count":0,"site-sidebar-layout":"default","site-content-layout":"","ast-site-content-layout":"","site-content-style":"default","site-sidebar-style":"default","ast-global-header-display":"","ast-banner-title-visibility":"","ast-main-header-display":"","ast-hfb-above-header-display":"","ast-hfb-below-header-display":"","ast-hfb-mobile-header-display":"","site-post-title":"","ast-breadcrumbs-content":"","ast-featured-img":"","footer-sml-layout":"","theme-transparent-header-meta":"","adv-header-id-meta":"","stick-header-meta":"","header-above-stick-meta":"","header-main-stick-meta":"","header-below-stick-meta":"","astra-migrate-meta-layouts":"default","ast-page-background-enabled":"default","ast-page-background-meta":{"desktop":{"background-color":"var(--ast-global-color-4)","background-image":"","background-repeat":"repeat","background-position":"center center","background-size":"auto","background-attachment":"scroll","background-type":"","background-media":"","overlay-type":"","overlay-color":"","overlay-opacity":"","overlay-gradient":""},"tablet":{"background-color":"","background-image":"","background-repeat":"repeat","background-position":"center center","background-size":"auto","background-attachment":"scroll","background-type":"","background-media":"","overlay-type":"","overlay-color":"","overlay-opacity":"","overlay-gradient":""},"mobile":{"background-color":"","background-image":"","background-repeat":"repeat","background-position":"center center","background-size":"auto","background-attachment":"scroll","background-type":"","background-media":"","overlay-type":"","overlay-color":"","overlay-opacity":"","overlay-gradient":""}},"ast-content-background-meta":{"desktop":{"background-color":"var(--ast-global-color-5)","background-image":"","background-repeat":"repeat","background-position":"center center","background-size":"auto","background-attachment":"scroll","background-type":"","background-media":"","overlay-type":"","overlay-color":"","overlay-opacity":"","overlay-gradient":""},"tablet":{"background-color":"var(--ast-global-color-5)","background-image":"","background-repeat":"repeat","background-position":"center center","background-size":"auto","background-attachment":"scroll","background-type":"","background-media":"","overlay-type":"","overlay-color":"","overlay-opacity":"","overlay-gradient":""},"mobile":{"background-color":"var(--ast-global-color-5)","background-image":"","background-repeat":"repeat","background-position":"center center","background-size":"auto","background-attachment":"scroll","background-type":"","background-media":"","overlay-type":"","overlay-color":"","overlay-opacity":"","overlay-gradient":""}},"footnotes":""},"categories":[4,157],"tags":[],"class_list":["post-6332","post","type-post","status-publish","format-standard","hentry","category-portada","category-erasmus"],"post_mailing_queue_ids":[],"_links":{"self":[{"href":"https:\/\/agora.xtec.cat\/ceip-25desetembre-rubi\/wp-json\/wp\/v2\/posts\/6332","targetHints":{"allow":["GET"]}}],"collection":[{"href":"https:\/\/agora.xtec.cat\/ceip-25desetembre-rubi\/wp-json\/wp\/v2\/posts"}],"about":[{"href":"https:\/\/agora.xtec.cat\/ceip-25desetembre-rubi\/wp-json\/wp\/v2\/types\/post"}],"author":[{"embeddable":true,"href":"https:\/\/agora.xtec.cat\/ceip-25desetembre-rubi\/wp-json\/wp\/v2\/users\/1"}],"replies":[{"embeddable":true,"href":"https:\/\/agora.xtec.cat\/ceip-25desetembre-rubi\/wp-json\/wp\/v2\/comments?post=6332"}],"version-history":[{"count":2,"href":"https:\/\/agora.xtec.cat\/ceip-25desetembre-rubi\/wp-json\/wp\/v2\/posts\/6332\/revisions"}],"predecessor-version":[{"id":6335,"href":"https:\/\/agora.xtec.cat\/ceip-25desetembre-rubi\/wp-json\/wp\/v2\/posts\/6332\/revisions\/6335"}],"wp:attachment":[{"href":"https:\/\/agora.xtec.cat\/ceip-25desetembre-rubi\/wp-json\/wp\/v2\/media?parent=6332"}],"wp:term":[{"taxonomy":"category","embeddable":true,"href":"https:\/\/agora.xtec.cat\/ceip-25desetembre-rubi\/wp-json\/wp\/v2\/categories?post=6332"},{"taxonomy":"post_tag","embeddable":true,"href":"https:\/\/agora.xtec.cat\/ceip-25desetembre-rubi\/wp-json\/wp\/v2\/tags?post=6332"}],"curies":[{"name":"wp","href":"https:\/\/api.w.org\/{rel}","templated":true}]}}