{"id":6306,"date":"2024-01-14T23:44:15","date_gmt":"2024-01-14T22:44:15","guid":{"rendered":"https:\/\/agora.xtec.cat\/ceip-25desetembre-rubi\/?p=6306"},"modified":"2024-06-02T19:09:47","modified_gmt":"2024-06-02T17:09:47","slug":"new-spaces-new-learnings","status":"publish","type":"post","link":"https:\/\/agora.xtec.cat\/ceip-25desetembre-rubi\/portada\/new-spaces-new-learnings\/","title":{"rendered":"<CENTER>NEW SPACES, NEW LEARNINGS!<\/center>"},"content":{"rendered":"<p>Com ja us vam informar fa un temps, la nostra escola ha estat seleccionada per participar al programa Erasmus+ de la Uni\u00f3 Europea amb el projecte &#8220;New spaces, new learnings&#8221;, que t\u00e9 com a objectiu afavorir la inclusi\u00f3 i la coeducaci\u00f3 al centre a trav\u00e9s de la incorporaci\u00f3 de noves metodologies a la seva pr\u00e0ctica educativa i l&#8217;adaptaci\u00f3 dels diferents espais del centre amb aquesta finalitat.<br \/>\nErasmus+ \u00e9s el programa de la Uni\u00f3 Europea que dona suport a l&#8217;educaci\u00f3, la formaci\u00f3, la joventut i l&#8217;esport a Europa. Durant el per\u00edode 2021-2027 el programa posa especial \u00e8mfasi a la inclusi\u00f3 social, la doble transici\u00f3 ecol\u00f2gica i digital, i al foment de la participaci\u00f3 dels joves en la vida democr\u00e0tica.<br \/>\nLa Uni\u00f3 Europea ha dotat el nostre centre d&#8217;uns recursos econ\u00f2mics que permeten viatjar a alguns membres del nostre claustre a Dinamarca, It\u00e0lia i Finl\u00e0ndia al llarg dels 18 mesos que dura el projecte. Aquestes mobilitats tenen com a prop\u00f2sit intercanviar experi\u00e8ncies, observar com treballen i s&#8217;organitzen en alguns centres escolars d&#8217;aquests pa\u00efsos de la Uni\u00f3 Europea i assistir a diversos cursos de formaci\u00f3 amb la finalitat d&#8217;assolir els objectius proposats.<\/p>\n<p><img loading=\"lazy\" decoding=\"async\" class=\"aligncenter\" src=\"https:\/\/www.totrubi.cat\/uploads\/s1\/26\/79\/33\/86\/captura-de-pantalla-2024-02-08-a-las-20-38-26.png\" alt=\"Erasmus+ \u00e9s el programa de la Uni\u00f3 Europea que dona suport a l'educaci\u00f3, la formaci\u00f3, la joventut i l'esport a Europa. Foto: Dani P\u00e9rez\" width=\"592\" height=\"337\" \/><\/p>\n<p>\u00abCofinanciado por la Uni\u00f3n Europea. Las opiniones y puntos de vista expresados solo comprometen a su(s) autor(es) y no reflejan necesariamente los de la Uni\u00f3n Europea ni los del Servicio Espa\u00f1ol para la Internacionalizaci\u00f3n de la Educaci\u00f3n (SEPIE). Ni la Uni\u00f3n Europea ni la autoridad otorgante pueden ser considerados responsables de ellos\u00bb.<\/p>\n","protected":false},"excerpt":{"rendered":"<p>Com ja us vam informar fa un temps, la nostra escola ha estat seleccionada per participar al programa Erasmus+ de la Uni\u00f3 Europea amb el projecte &#8220;New spaces, new learnings&#8221;, que t\u00e9 com a objectiu afavorir la inclusi\u00f3 i la coeducaci\u00f3 al centre a trav\u00e9s de la incorporaci\u00f3 de noves metodologies a la seva pr\u00e0ctica [&hellip;]<\/p>\n","protected":false},"author":1,"featured_media":0,"comment_status":"open","ping_status":"closed","sticky":false,"template":"","format":"standard","meta":{"_bbp_topic_count":0,"_bbp_reply_count":0,"_bbp_total_topic_count":0,"_bbp_total_reply_count":0,"_bbp_voice_count":0,"_bbp_anonymous_reply_count":0,"_bbp_topic_count_hidden":0,"_bbp_reply_count_hidden":0,"_bbp_forum_subforum_count":0,"site-sidebar-layout":"default","site-content-layout":"","ast-site-content-layout":"","site-content-style":"default","site-sidebar-style":"default","ast-global-header-display":"","ast-banner-title-visibility":"","ast-main-header-display":"","ast-hfb-above-header-display":"","ast-hfb-below-header-display":"","ast-hfb-mobile-header-display":"","site-post-title":"","ast-breadcrumbs-content":"","ast-featured-img":"","footer-sml-layout":"","theme-transparent-header-meta":"","adv-header-id-meta":"","stick-header-meta":"","header-above-stick-meta":"","header-main-stick-meta":"","header-below-stick-meta":"","astra-migrate-meta-layouts":"default","ast-page-background-enabled":"default","ast-page-background-meta":{"desktop":{"background-color":"var(--ast-global-color-4)","background-image":"","background-repeat":"repeat","background-position":"center center","background-size":"auto","background-attachment":"scroll","background-type":"","background-media":"","overlay-type":"","overlay-color":"","overlay-opacity":"","overlay-gradient":""},"tablet":{"background-color":"","background-image":"","background-repeat":"repeat","background-position":"center center","background-size":"auto","background-attachment":"scroll","background-type":"","background-media":"","overlay-type":"","overlay-color":"","overlay-opacity":"","overlay-gradient":""},"mobile":{"background-color":"","background-image":"","background-repeat":"repeat","background-position":"center center","background-size":"auto","background-attachment":"scroll","background-type":"","background-media":"","overlay-type":"","overlay-color":"","overlay-opacity":"","overlay-gradient":""}},"ast-content-background-meta":{"desktop":{"background-color":"var(--ast-global-color-5)","background-image":"","background-repeat":"repeat","background-position":"center center","background-size":"auto","background-attachment":"scroll","background-type":"","background-media":"","overlay-type":"","overlay-color":"","overlay-opacity":"","overlay-gradient":""},"tablet":{"background-color":"var(--ast-global-color-5)","background-image":"","background-repeat":"repeat","background-position":"center center","background-size":"auto","background-attachment":"scroll","background-type":"","background-media":"","overlay-type":"","overlay-color":"","overlay-opacity":"","overlay-gradient":""},"mobile":{"background-color":"var(--ast-global-color-5)","background-image":"","background-repeat":"repeat","background-position":"center center","background-size":"auto","background-attachment":"scroll","background-type":"","background-media":"","overlay-type":"","overlay-color":"","overlay-opacity":"","overlay-gradient":""}},"footnotes":""},"categories":[4,157],"tags":[],"class_list":["post-6306","post","type-post","status-publish","format-standard","hentry","category-portada","category-erasmus"],"post_mailing_queue_ids":[],"_links":{"self":[{"href":"https:\/\/agora.xtec.cat\/ceip-25desetembre-rubi\/wp-json\/wp\/v2\/posts\/6306","targetHints":{"allow":["GET"]}}],"collection":[{"href":"https:\/\/agora.xtec.cat\/ceip-25desetembre-rubi\/wp-json\/wp\/v2\/posts"}],"about":[{"href":"https:\/\/agora.xtec.cat\/ceip-25desetembre-rubi\/wp-json\/wp\/v2\/types\/post"}],"author":[{"embeddable":true,"href":"https:\/\/agora.xtec.cat\/ceip-25desetembre-rubi\/wp-json\/wp\/v2\/users\/1"}],"replies":[{"embeddable":true,"href":"https:\/\/agora.xtec.cat\/ceip-25desetembre-rubi\/wp-json\/wp\/v2\/comments?post=6306"}],"version-history":[{"count":5,"href":"https:\/\/agora.xtec.cat\/ceip-25desetembre-rubi\/wp-json\/wp\/v2\/posts\/6306\/revisions"}],"predecessor-version":[{"id":6312,"href":"https:\/\/agora.xtec.cat\/ceip-25desetembre-rubi\/wp-json\/wp\/v2\/posts\/6306\/revisions\/6312"}],"wp:attachment":[{"href":"https:\/\/agora.xtec.cat\/ceip-25desetembre-rubi\/wp-json\/wp\/v2\/media?parent=6306"}],"wp:term":[{"taxonomy":"category","embeddable":true,"href":"https:\/\/agora.xtec.cat\/ceip-25desetembre-rubi\/wp-json\/wp\/v2\/categories?post=6306"},{"taxonomy":"post_tag","embeddable":true,"href":"https:\/\/agora.xtec.cat\/ceip-25desetembre-rubi\/wp-json\/wp\/v2\/tags?post=6306"}],"curies":[{"name":"wp","href":"https:\/\/api.w.org\/{rel}","templated":true}]}}