{"id":6013,"date":"2023-09-15T10:02:17","date_gmt":"2023-09-15T08:02:17","guid":{"rendered":"https:\/\/agora.xtec.cat\/ceip-25desetembre-rubi\/?p=6013"},"modified":"2024-06-02T19:12:38","modified_gmt":"2024-06-02T17:12:38","slug":"erasmus","status":"publish","type":"post","link":"https:\/\/agora.xtec.cat\/ceip-25desetembre-rubi\/general\/erasmus\/","title":{"rendered":"<center>ERASMUS+ <\/center>"},"content":{"rendered":"<p><span style=\"color: #000000;\">Estem d\u2019enhorabona!<\/span><\/p>\n<p><span style=\"color: #000000;\">Despr\u00e9s d\u2019un temps de molt treball i esfor\u00e7 per part de l\u2019equip de mestres de l\u2019escola, hem estat seleccionats per participar al programa Erasmus+ de la Uni\u00f3 Europea per a l\u2019educaci\u00f3, la formaci\u00f3, la joventut i l\u2019esport a Europa.<\/span><\/p>\n<p><span style=\"color: #000000;\">Aquest programa permetr\u00e0 al nostre professorat intercanviar experi\u00e8ncies amb centres escolars d\u2019altres pa\u00efsos, veure en primera persona com treballen i com s\u2019organitzen i assistir a diversos cursos de formaci\u00f3 a l&#8217;estranger per poder millorar la nostra oferta educativa.<\/span><\/p>\n<p><span style=\"color: #000000;\">De mica en mica ja us anirem informant sobre les diferents accions que anem fent al llarg dels propers 18 mesos que dura aquest programa!<\/span><\/p>\n<h5><img loading=\"lazy\" decoding=\"async\" class=\"size-medium wp-image-6014 aligncenter\" src=\"https:\/\/agora.xtec.cat\/ceip-25desetembre-rubi\/wp-content\/uploads\/usu639\/2023\/10\/Untitled-296x300.png\" alt=\"\" width=\"296\" height=\"300\" srcset=\"https:\/\/agora.xtec.cat\/ceip-25desetembre-rubi\/wp-content\/uploads\/usu639\/2023\/10\/Untitled-296x300.png 296w, https:\/\/agora.xtec.cat\/ceip-25desetembre-rubi\/wp-content\/uploads\/usu639\/2023\/10\/Untitled-768x778.png 768w, https:\/\/agora.xtec.cat\/ceip-25desetembre-rubi\/wp-content\/uploads\/usu639\/2023\/10\/Untitled.png 910w\" sizes=\"auto, (max-width: 296px) 100vw, 296px\" \/><\/h5>\n<p><span style=\"color: #000000;\">\u00abCofinanciado por la Uni\u00f3n Europea. Las opiniones y puntos de vista expresados solo comprometen a su(s) autor(es) y no reflejan necesariamente los de la Uni\u00f3n Europea ni los del Servicio Espa\u00f1ol para la Internacionalizaci\u00f3n de la Educaci\u00f3n (SEPIE). Ni la Uni\u00f3n Europea ni la autoridad otorgante pueden ser considerados responsables de ellos\u00bb.<\/span><\/p>\n<p>&nbsp;<\/p>\n","protected":false},"excerpt":{"rendered":"<p>Estem d\u2019enhorabona! Despr\u00e9s d\u2019un temps de molt treball i esfor\u00e7 per part de l\u2019equip de mestres de l\u2019escola, hem estat seleccionats per participar al programa Erasmus+ de la Uni\u00f3 Europea per a l\u2019educaci\u00f3, la formaci\u00f3, la joventut i l\u2019esport a Europa. Aquest programa permetr\u00e0 al nostre professorat intercanviar experi\u00e8ncies amb centres escolars d\u2019altres pa\u00efsos, veure [&hellip;]<\/p>\n","protected":false},"author":1,"featured_media":0,"comment_status":"open","ping_status":"closed","sticky":false,"template":"","format":"standard","meta":{"_bbp_topic_count":0,"_bbp_reply_count":0,"_bbp_total_topic_count":0,"_bbp_total_reply_count":0,"_bbp_voice_count":0,"_bbp_anonymous_reply_count":0,"_bbp_topic_count_hidden":0,"_bbp_reply_count_hidden":0,"_bbp_forum_subforum_count":0,"site-sidebar-layout":"default","site-content-layout":"","ast-site-content-layout":"","site-content-style":"default","site-sidebar-style":"default","ast-global-header-display":"","ast-banner-title-visibility":"","ast-main-header-display":"","ast-hfb-above-header-display":"","ast-hfb-below-header-display":"","ast-hfb-mobile-header-display":"","site-post-title":"","ast-breadcrumbs-content":"","ast-featured-img":"","footer-sml-layout":"","theme-transparent-header-meta":"","adv-header-id-meta":"","stick-header-meta":"","header-above-stick-meta":"","header-main-stick-meta":"","header-below-stick-meta":"","astra-migrate-meta-layouts":"default","ast-page-background-enabled":"default","ast-page-background-meta":{"desktop":{"background-color":"var(--ast-global-color-4)","background-image":"","background-repeat":"repeat","background-position":"center center","background-size":"auto","background-attachment":"scroll","background-type":"","background-media":"","overlay-type":"","overlay-color":"","overlay-opacity":"","overlay-gradient":""},"tablet":{"background-color":"","background-image":"","background-repeat":"repeat","background-position":"center center","background-size":"auto","background-attachment":"scroll","background-type":"","background-media":"","overlay-type":"","overlay-color":"","overlay-opacity":"","overlay-gradient":""},"mobile":{"background-color":"","background-image":"","background-repeat":"repeat","background-position":"center center","background-size":"auto","background-attachment":"scroll","background-type":"","background-media":"","overlay-type":"","overlay-color":"","overlay-opacity":"","overlay-gradient":""}},"ast-content-background-meta":{"desktop":{"background-color":"var(--ast-global-color-5)","background-image":"","background-repeat":"repeat","background-position":"center center","background-size":"auto","background-attachment":"scroll","background-type":"","background-media":"","overlay-type":"","overlay-color":"","overlay-opacity":"","overlay-gradient":""},"tablet":{"background-color":"var(--ast-global-color-5)","background-image":"","background-repeat":"repeat","background-position":"center center","background-size":"auto","background-attachment":"scroll","background-type":"","background-media":"","overlay-type":"","overlay-color":"","overlay-opacity":"","overlay-gradient":""},"mobile":{"background-color":"var(--ast-global-color-5)","background-image":"","background-repeat":"repeat","background-position":"center center","background-size":"auto","background-attachment":"scroll","background-type":"","background-media":"","overlay-type":"","overlay-color":"","overlay-opacity":"","overlay-gradient":""}},"footnotes":""},"categories":[1,4,157],"tags":[],"class_list":["post-6013","post","type-post","status-publish","format-standard","hentry","category-general","category-portada","category-erasmus"],"post_mailing_queue_ids":[],"_links":{"self":[{"href":"https:\/\/agora.xtec.cat\/ceip-25desetembre-rubi\/wp-json\/wp\/v2\/posts\/6013","targetHints":{"allow":["GET"]}}],"collection":[{"href":"https:\/\/agora.xtec.cat\/ceip-25desetembre-rubi\/wp-json\/wp\/v2\/posts"}],"about":[{"href":"https:\/\/agora.xtec.cat\/ceip-25desetembre-rubi\/wp-json\/wp\/v2\/types\/post"}],"author":[{"embeddable":true,"href":"https:\/\/agora.xtec.cat\/ceip-25desetembre-rubi\/wp-json\/wp\/v2\/users\/1"}],"replies":[{"embeddable":true,"href":"https:\/\/agora.xtec.cat\/ceip-25desetembre-rubi\/wp-json\/wp\/v2\/comments?post=6013"}],"version-history":[{"count":6,"href":"https:\/\/agora.xtec.cat\/ceip-25desetembre-rubi\/wp-json\/wp\/v2\/posts\/6013\/revisions"}],"predecessor-version":[{"id":6348,"href":"https:\/\/agora.xtec.cat\/ceip-25desetembre-rubi\/wp-json\/wp\/v2\/posts\/6013\/revisions\/6348"}],"wp:attachment":[{"href":"https:\/\/agora.xtec.cat\/ceip-25desetembre-rubi\/wp-json\/wp\/v2\/media?parent=6013"}],"wp:term":[{"taxonomy":"category","embeddable":true,"href":"https:\/\/agora.xtec.cat\/ceip-25desetembre-rubi\/wp-json\/wp\/v2\/categories?post=6013"},{"taxonomy":"post_tag","embeddable":true,"href":"https:\/\/agora.xtec.cat\/ceip-25desetembre-rubi\/wp-json\/wp\/v2\/tags?post=6013"}],"curies":[{"name":"wp","href":"https:\/\/api.w.org\/{rel}","templated":true}]}}