{"id":5729,"date":"2023-05-08T11:49:23","date_gmt":"2023-05-08T09:49:23","guid":{"rendered":"https:\/\/agora.xtec.cat\/ceip-25desetembre-rubi\/?p=5729"},"modified":"2023-05-08T12:12:22","modified_gmt":"2023-05-08T10:12:22","slug":"casals-estiu","status":"publish","type":"post","link":"https:\/\/agora.xtec.cat\/ceip-25desetembre-rubi\/portada\/casals-estiu\/","title":{"rendered":"Casals Estiu"},"content":{"rendered":"<p>Ja s\u2019acosta l\u2019estiu i amb ell els casals perqu\u00e8 els infants gaudeixin d\u2019un moment de lleure divertit i educatiu. Aquest any tornem a organitzar el casal d\u2019estiu de la m\u00e0 de l\u2019entitat Uni\u00f3 Lleure. Les dates del casal d\u2019estiu d\u2019enguany son del 26 de juny fins al 28 de juliol. Per aquelles fam\u00edlies que demanen l\u2019ajuda a l\u2019Ajuntament de Rub\u00ed, cal explicar que l\u2019Administraci\u00f3 subvenciona els dies corresponents al mes de juliol, del 3 al 28 de juliol, ambd\u00f3s inclosos. <\/p>\n<p>Tota la informaci\u00f3 espec\u00edfica sobre el desenvolupament del casal d\u2019estiu d\u2019enguany la podeu consultar a la plana web de l\u2019entitat Uni\u00f3 Lleure: <a href=\"https:\/\/www.uniolleure.cat\">https:\/\/www.uniolleure.cat<\/a><\/p>\n<p>D\u2019altra banda, l\u2019Ajuntament de Rub\u00ed ja ha informat que el termini per la presentaci\u00f3 d\u2019aquesta sol\u00b7licitud va del 11 al 24 d\u2019abril. S\u2019han de presentar, preferentment de manera telem\u00e0tica a trav\u00e9s de la Seu electr\u00f2nica al tr\u00e0mit \u201cAjudes casals d\u2019estiu 2023\u201d <a href=\"https:\/\/seu.rubi.cat\/catalogoTramites\/show\/572\">https:\/\/seu.rubi.cat\/catalogoTramites\/show\/572<\/a><\/p>\n<p>Per \u00faltim, us informem que el dijous 11 de maig a les 17:00 hores farem la sessi\u00f3 informativa del casal d\u2019estiu per les fam\u00edlies, a c\u00e0rrec de la coordinadora de l\u2019entitat Uni\u00f3 Lleure <a href=\"https:\/\/www.uniolleure.cat\">https:\/\/www.uniolleure.cat<\/a> Les fam\u00edlies disposem aquest dia de servei de canguratge per atendre els nostres fills i filles.<\/p>\n<p><a href=\"https:\/\/agora.xtec.cat\/ceip-25desetembre-rubi\/wp-content\/uploads\/usu639\/2023\/05\/Informacio-general-Casal-Estiu-23.pdf\">Informacio-general-Casal-Estiu-23<\/a><\/p>\n","protected":false},"excerpt":{"rendered":"<p>Ja s\u2019acosta l\u2019estiu i amb ell els casals perqu\u00e8 els infants gaudeixin d\u2019un moment de lleure divertit i educatiu. Aquest any tornem a organitzar el casal d\u2019estiu de la m\u00e0 de l\u2019entitat Uni\u00f3 Lleure. Les dates del casal d\u2019estiu d\u2019enguany son del 26 de juny fins al 28 de juliol. Per aquelles fam\u00edlies que demanen [&hellip;]<\/p>\n","protected":false},"author":1,"featured_media":0,"comment_status":"open","ping_status":"closed","sticky":false,"template":"","format":"standard","meta":{"_bbp_topic_count":0,"_bbp_reply_count":0,"_bbp_total_topic_count":0,"_bbp_total_reply_count":0,"_bbp_voice_count":0,"_bbp_anonymous_reply_count":0,"_bbp_topic_count_hidden":0,"_bbp_reply_count_hidden":0,"_bbp_forum_subforum_count":0,"site-sidebar-layout":"default","site-content-layout":"","ast-site-content-layout":"","site-content-style":"default","site-sidebar-style":"default","ast-global-header-display":"","ast-banner-title-visibility":"","ast-main-header-display":"","ast-hfb-above-header-display":"","ast-hfb-below-header-display":"","ast-hfb-mobile-header-display":"","site-post-title":"","ast-breadcrumbs-content":"","ast-featured-img":"","footer-sml-layout":"","theme-transparent-header-meta":"","adv-header-id-meta":"","stick-header-meta":"","header-above-stick-meta":"","header-main-stick-meta":"","header-below-stick-meta":"","astra-migrate-meta-layouts":"default","ast-page-background-enabled":"default","ast-page-background-meta":{"desktop":{"background-color":"var(--ast-global-color-4)","background-image":"","background-repeat":"repeat","background-position":"center center","background-size":"auto","background-attachment":"scroll","background-type":"","background-media":"","overlay-type":"","overlay-color":"","overlay-opacity":"","overlay-gradient":""},"tablet":{"background-color":"","background-image":"","background-repeat":"repeat","background-position":"center center","background-size":"auto","background-attachment":"scroll","background-type":"","background-media":"","overlay-type":"","overlay-color":"","overlay-opacity":"","overlay-gradient":""},"mobile":{"background-color":"","background-image":"","background-repeat":"repeat","background-position":"center center","background-size":"auto","background-attachment":"scroll","background-type":"","background-media":"","overlay-type":"","overlay-color":"","overlay-opacity":"","overlay-gradient":""}},"ast-content-background-meta":{"desktop":{"background-color":"var(--ast-global-color-5)","background-image":"","background-repeat":"repeat","background-position":"center center","background-size":"auto","background-attachment":"scroll","background-type":"","background-media":"","overlay-type":"","overlay-color":"","overlay-opacity":"","overlay-gradient":""},"tablet":{"background-color":"var(--ast-global-color-5)","background-image":"","background-repeat":"repeat","background-position":"center center","background-size":"auto","background-attachment":"scroll","background-type":"","background-media":"","overlay-type":"","overlay-color":"","overlay-opacity":"","overlay-gradient":""},"mobile":{"background-color":"var(--ast-global-color-5)","background-image":"","background-repeat":"repeat","background-position":"center center","background-size":"auto","background-attachment":"scroll","background-type":"","background-media":"","overlay-type":"","overlay-color":"","overlay-opacity":"","overlay-gradient":""}},"footnotes":""},"categories":[148,4],"tags":[],"class_list":["post-5729","post","type-post","status-publish","format-standard","hentry","category-casals-destiu","category-portada"],"post_mailing_queue_ids":[],"_links":{"self":[{"href":"https:\/\/agora.xtec.cat\/ceip-25desetembre-rubi\/wp-json\/wp\/v2\/posts\/5729","targetHints":{"allow":["GET"]}}],"collection":[{"href":"https:\/\/agora.xtec.cat\/ceip-25desetembre-rubi\/wp-json\/wp\/v2\/posts"}],"about":[{"href":"https:\/\/agora.xtec.cat\/ceip-25desetembre-rubi\/wp-json\/wp\/v2\/types\/post"}],"author":[{"embeddable":true,"href":"https:\/\/agora.xtec.cat\/ceip-25desetembre-rubi\/wp-json\/wp\/v2\/users\/1"}],"replies":[{"embeddable":true,"href":"https:\/\/agora.xtec.cat\/ceip-25desetembre-rubi\/wp-json\/wp\/v2\/comments?post=5729"}],"version-history":[{"count":3,"href":"https:\/\/agora.xtec.cat\/ceip-25desetembre-rubi\/wp-json\/wp\/v2\/posts\/5729\/revisions"}],"predecessor-version":[{"id":5737,"href":"https:\/\/agora.xtec.cat\/ceip-25desetembre-rubi\/wp-json\/wp\/v2\/posts\/5729\/revisions\/5737"}],"wp:attachment":[{"href":"https:\/\/agora.xtec.cat\/ceip-25desetembre-rubi\/wp-json\/wp\/v2\/media?parent=5729"}],"wp:term":[{"taxonomy":"category","embeddable":true,"href":"https:\/\/agora.xtec.cat\/ceip-25desetembre-rubi\/wp-json\/wp\/v2\/categories?post=5729"},{"taxonomy":"post_tag","embeddable":true,"href":"https:\/\/agora.xtec.cat\/ceip-25desetembre-rubi\/wp-json\/wp\/v2\/tags?post=5729"}],"curies":[{"name":"wp","href":"https:\/\/api.w.org\/{rel}","templated":true}]}}