{"id":5544,"date":"2022-11-02T09:55:47","date_gmt":"2022-11-02T08:55:47","guid":{"rendered":"https:\/\/agora.xtec.cat\/ceip-25desetembre-rubi\/?p=5544"},"modified":"2022-11-02T20:13:15","modified_gmt":"2022-11-02T19:13:15","slug":"bibliopati","status":"publish","type":"post","link":"https:\/\/agora.xtec.cat\/ceip-25desetembre-rubi\/general\/bibliopati\/","title":{"rendered":"Bibliopati"},"content":{"rendered":"<p><a href=\"https:\/\/agora.xtec.cat\/ceip-25desetembre-rubi\/wp-content\/uploads\/usu639\/2022\/11\/Bibliopati_1.jpg\"><img loading=\"lazy\" decoding=\"async\" class=\"wp-image-5533 aligncenter\" src=\"https:\/\/agora.xtec.cat\/ceip-25desetembre-rubi\/wp-content\/uploads\/usu639\/2022\/11\/Bibliopati_1-1024x768.jpg\" alt=\"\" width=\"520\" height=\"390\" srcset=\"https:\/\/agora.xtec.cat\/ceip-25desetembre-rubi\/wp-content\/uploads\/usu639\/2022\/11\/Bibliopati_1-1024x768.jpg 1024w, https:\/\/agora.xtec.cat\/ceip-25desetembre-rubi\/wp-content\/uploads\/usu639\/2022\/11\/Bibliopati_1-300x225.jpg 300w, https:\/\/agora.xtec.cat\/ceip-25desetembre-rubi\/wp-content\/uploads\/usu639\/2022\/11\/Bibliopati_1-768x576.jpg 768w, https:\/\/agora.xtec.cat\/ceip-25desetembre-rubi\/wp-content\/uploads\/usu639\/2022\/11\/Bibliopati_1-1536x1152.jpg 1536w, https:\/\/agora.xtec.cat\/ceip-25desetembre-rubi\/wp-content\/uploads\/usu639\/2022\/11\/Bibliopati_1-200x150.jpg 200w, https:\/\/agora.xtec.cat\/ceip-25desetembre-rubi\/wp-content\/uploads\/usu639\/2022\/11\/Bibliopati_1.jpg 2048w\" sizes=\"auto, (max-width: 520px) 100vw, 520px\" \/><\/a><\/p>\n<p><strong>Ja podem entrar?<\/strong><\/p>\n<p>El Bibliopati ofereix a tots els nens i nenes de 1r fins a 6\u00e8 la possibilitat de passar l\u2019estona d\u2019esbarjo del mat\u00ed a la biblioteca, un cop per setmana i en petit grup. Hi troben revistes de qualitat per a cada cicle (El Tatano, Cucafera, Cavall Fort i Petit S\u00e0piens) i una selecci\u00f3 de llibres de coneixements, curiositats, de buscar i trobar, \u00e0lbums il\u00b7lustrats i llibres de gran format, amb desplegables o altres delicadeses que no troben a les seves<br \/>\naules.<br \/>\nTamb\u00e9 hi troben un espai acollidor i un ambient especialment tranquil, on poden compartir entre dos o tres companys la descoberta d\u2019algun llibre o els reptes de buscar i trobar. Els que ja estan enganxats al seu llibre de pr\u00e9stec setmanal, solen portar-lo per continuar llegint. D\u2019altres remenen i tasten d\u2019aqu\u00ed i d\u2019all\u00e0, inquiets, per\u00f2 fent-ho tamb\u00e9 obren la seva mirada curiosa a llenguatges i materials literaris diferents.<br \/>\nRecuperar aquesta proposta despr\u00e9s de 3 cursos \u00e9s emocionant i s\u2019encomana: hi ha llista d\u2019espera, es veuen grups als bancs del passad\u00eds engolint l\u2019esmorzar a tota velocitat i, sovint, cues a la porta amb trucs impacients dels que no poden esperar.<br \/>\nTot el que sembrem t\u00e9 resultats incerts, per\u00f2 est\u00e0 ple d\u2019alegria perqu\u00e8, qui sap qu\u00e8 creixer\u00e0 en cada una d\u2019aquestes llavors?!<\/p>\n<p>Anna de la Biblioteca<\/p>\n<p><a href=\"https:\/\/agora.xtec.cat\/ceip-25desetembre-rubi\/wp-content\/uploads\/usu639\/2022\/11\/Sessio_1-1.jpg\"><img loading=\"lazy\" decoding=\"async\" class=\"wp-image-5540 aligncenter\" src=\"https:\/\/agora.xtec.cat\/ceip-25desetembre-rubi\/wp-content\/uploads\/usu639\/2022\/11\/Sessio_1-1-1024x1024.jpg\" alt=\"\" width=\"405\" height=\"405\" srcset=\"https:\/\/agora.xtec.cat\/ceip-25desetembre-rubi\/wp-content\/uploads\/usu639\/2022\/11\/Sessio_1-1-1024x1024.jpg 1024w, https:\/\/agora.xtec.cat\/ceip-25desetembre-rubi\/wp-content\/uploads\/usu639\/2022\/11\/Sessio_1-1-300x300.jpg 300w, https:\/\/agora.xtec.cat\/ceip-25desetembre-rubi\/wp-content\/uploads\/usu639\/2022\/11\/Sessio_1-1-150x150.jpg 150w, https:\/\/agora.xtec.cat\/ceip-25desetembre-rubi\/wp-content\/uploads\/usu639\/2022\/11\/Sessio_1-1-768x768.jpg 768w, https:\/\/agora.xtec.cat\/ceip-25desetembre-rubi\/wp-content\/uploads\/usu639\/2022\/11\/Sessio_1-1.jpg 1496w\" sizes=\"auto, (max-width: 405px) 100vw, 405px\" \/><\/a><\/p>\n","protected":false},"excerpt":{"rendered":"<p>Ja podem entrar? El Bibliopati ofereix a tots els nens i nenes de 1r fins a 6\u00e8 la possibilitat de passar l\u2019estona d\u2019esbarjo del mat\u00ed a la biblioteca, un cop per setmana i en petit grup. Hi troben revistes de qualitat per a cada cicle (El Tatano, Cucafera, Cavall Fort i Petit S\u00e0piens) i una [&hellip;]<\/p>\n","protected":false},"author":10,"featured_media":0,"comment_status":"open","ping_status":"closed","sticky":false,"template":"","format":"standard","meta":{"_bbp_topic_count":0,"_bbp_reply_count":0,"_bbp_total_topic_count":0,"_bbp_total_reply_count":0,"_bbp_voice_count":0,"_bbp_anonymous_reply_count":0,"_bbp_topic_count_hidden":0,"_bbp_reply_count_hidden":0,"_bbp_forum_subforum_count":0,"site-sidebar-layout":"default","site-content-layout":"","ast-site-content-layout":"","site-content-style":"default","site-sidebar-style":"default","ast-global-header-display":"","ast-banner-title-visibility":"","ast-main-header-display":"","ast-hfb-above-header-display":"","ast-hfb-below-header-display":"","ast-hfb-mobile-header-display":"","site-post-title":"","ast-breadcrumbs-content":"","ast-featured-img":"","footer-sml-layout":"","theme-transparent-header-meta":"","adv-header-id-meta":"","stick-header-meta":"","header-above-stick-meta":"","header-main-stick-meta":"","header-below-stick-meta":"","astra-migrate-meta-layouts":"default","ast-page-background-enabled":"default","ast-page-background-meta":{"desktop":{"background-color":"var(--ast-global-color-4)","background-image":"","background-repeat":"repeat","background-position":"center center","background-size":"auto","background-attachment":"scroll","background-type":"","background-media":"","overlay-type":"","overlay-color":"","overlay-opacity":"","overlay-gradient":""},"tablet":{"background-color":"","background-image":"","background-repeat":"repeat","background-position":"center center","background-size":"auto","background-attachment":"scroll","background-type":"","background-media":"","overlay-type":"","overlay-color":"","overlay-opacity":"","overlay-gradient":""},"mobile":{"background-color":"","background-image":"","background-repeat":"repeat","background-position":"center center","background-size":"auto","background-attachment":"scroll","background-type":"","background-media":"","overlay-type":"","overlay-color":"","overlay-opacity":"","overlay-gradient":""}},"ast-content-background-meta":{"desktop":{"background-color":"var(--ast-global-color-5)","background-image":"","background-repeat":"repeat","background-position":"center center","background-size":"auto","background-attachment":"scroll","background-type":"","background-media":"","overlay-type":"","overlay-color":"","overlay-opacity":"","overlay-gradient":""},"tablet":{"background-color":"var(--ast-global-color-5)","background-image":"","background-repeat":"repeat","background-position":"center center","background-size":"auto","background-attachment":"scroll","background-type":"","background-media":"","overlay-type":"","overlay-color":"","overlay-opacity":"","overlay-gradient":""},"mobile":{"background-color":"var(--ast-global-color-5)","background-image":"","background-repeat":"repeat","background-position":"center center","background-size":"auto","background-attachment":"scroll","background-type":"","background-media":"","overlay-type":"","overlay-color":"","overlay-opacity":"","overlay-gradient":""}},"footnotes":""},"categories":[151,1,4],"tags":[],"class_list":["post-5544","post","type-post","status-publish","format-standard","hentry","category-biblioteca","category-general","category-portada"],"post_mailing_queue_ids":[],"_links":{"self":[{"href":"https:\/\/agora.xtec.cat\/ceip-25desetembre-rubi\/wp-json\/wp\/v2\/posts\/5544","targetHints":{"allow":["GET"]}}],"collection":[{"href":"https:\/\/agora.xtec.cat\/ceip-25desetembre-rubi\/wp-json\/wp\/v2\/posts"}],"about":[{"href":"https:\/\/agora.xtec.cat\/ceip-25desetembre-rubi\/wp-json\/wp\/v2\/types\/post"}],"author":[{"embeddable":true,"href":"https:\/\/agora.xtec.cat\/ceip-25desetembre-rubi\/wp-json\/wp\/v2\/users\/10"}],"replies":[{"embeddable":true,"href":"https:\/\/agora.xtec.cat\/ceip-25desetembre-rubi\/wp-json\/wp\/v2\/comments?post=5544"}],"version-history":[{"count":3,"href":"https:\/\/agora.xtec.cat\/ceip-25desetembre-rubi\/wp-json\/wp\/v2\/posts\/5544\/revisions"}],"predecessor-version":[{"id":5549,"href":"https:\/\/agora.xtec.cat\/ceip-25desetembre-rubi\/wp-json\/wp\/v2\/posts\/5544\/revisions\/5549"}],"wp:attachment":[{"href":"https:\/\/agora.xtec.cat\/ceip-25desetembre-rubi\/wp-json\/wp\/v2\/media?parent=5544"}],"wp:term":[{"taxonomy":"category","embeddable":true,"href":"https:\/\/agora.xtec.cat\/ceip-25desetembre-rubi\/wp-json\/wp\/v2\/categories?post=5544"},{"taxonomy":"post_tag","embeddable":true,"href":"https:\/\/agora.xtec.cat\/ceip-25desetembre-rubi\/wp-json\/wp\/v2\/tags?post=5544"}],"curies":[{"name":"wp","href":"https:\/\/api.w.org\/{rel}","templated":true}]}}