{"id":5330,"date":"2021-09-11T16:32:50","date_gmt":"2021-09-11T14:32:50","guid":{"rendered":"https:\/\/agora.xtec.cat\/ceip-25desetembre-rubi\/?p=5330"},"modified":"2022-09-11T16:48:46","modified_gmt":"2022-09-11T14:48:46","slug":"comunicacio","status":"publish","type":"post","link":"https:\/\/agora.xtec.cat\/ceip-25desetembre-rubi\/general\/comunicacio\/","title":{"rendered":"Comunicaci\u00f3"},"content":{"rendered":"<h1 class=\"entry-header\"><span style=\"color: #000000;\">Comunicaci\u00f3<\/span><\/h1>\n<div class=\"entry-content\">\n<p>La comunicaci\u00f3 \u00e9s un element molt important per a nosaltres ja que marca la forma en qu\u00e8 arribem a les fam\u00edlies.<\/p>\n<hr \/>\n<h5><strong>Qu\u00e8 fan les persones que integren la comissi\u00f3?<\/strong><\/h5>\n<p>Difonen la informaci\u00f3 relativa a l\u2019AFA per diferents canals que trien en funci\u00f3 de la naturalesa del que volem compartir<\/p>\n<ul>\n<li><strong>Correu electr\u00f2nic<\/strong><\/li>\n<\/ul>\n<p>Els enviem quan hem de fer comunicacions de temes formals (com les convocat\u00f2ries d\u2019assemblees, enviaments de documentaci\u00f3, rebuda de subvencions\u2026) o que necessiten d\u2019explicacions llargues.<\/p>\n<blockquote><p>\u00c9s molt important que reviseu si els nostres correus us arriben! Ens reboten molts i en molts casos \u00e9s perqu\u00e8 us entren com a correu brossa. Si tot i revisar que no us entren all\u00e0 encara no els rebeu, poseu-vos en contacte amb nosaltres per resoldre-ho: potser hi ha una errada, una adre\u00e7a antiga\u2026<\/p><\/blockquote>\n<ul>\n<li><strong>Missatges de WhatsApp<\/strong><\/li>\n<\/ul>\n<p><img loading=\"lazy\" decoding=\"async\" class=\"size-medium wp-image-2082 alignnone\" src=\"https:\/\/agora.xtec.cat\/ceip-25desetembre-rubi\/wp-content\/uploads\/usu639\/2017\/02\/act.-pares-300x158.png\" sizes=\"auto, (max-width: 300px) 100vw, 300px\" srcset=\"https:\/\/agora.xtec.cat\/ceip-25desetembre-rubi\/wp-content\/uploads\/usu639\/2017\/02\/act.-pares-300x158.png 300w, https:\/\/agora.xtec.cat\/ceip-25desetembre-rubi\/wp-content\/uploads\/usu639\/2017\/02\/act.-pares-768x404.png 768w, https:\/\/agora.xtec.cat\/ceip-25desetembre-rubi\/wp-content\/uploads\/usu639\/2017\/02\/act.-pares-1024x539.png 1024w, https:\/\/agora.xtec.cat\/ceip-25desetembre-rubi\/wp-content\/uploads\/usu639\/2017\/02\/act.-pares.png 1170w\" alt=\"\" width=\"300\" height=\"158\" \/><\/p>\n<p>A trav\u00e9s del grup de delegats i delegades fem arribar missatges m\u00e9s curts, m\u00e9s immediats (recordatoris d\u2019activitats, convocat\u00f2ries de festes\u2026) que els mateixos delegats i delegades s\u2019encarreguen de difondre als seus grups de classe.<\/p>\n<p><sup>De vegades ens trobem que alguns missatges que enviem no arriben als grups de classe. Si a trav\u00e9s d\u2019alguna persona coneguda o d\u2019un altre grup del qu\u00e8 formeu part perqu\u00e8 teniu m\u00e9s d\u2019un fill\/a us adoneu que aix\u00f2 passa, no dubteu a informar el vostre delegat o delegada, \u00e9s possible que li hagi passat desapercebut.<\/sup><\/p>\n<ul>\n<li><strong>Publicacions al\u00a0<a href=\"https:\/\/www.facebook.com\/Escola25deSetembre\">Facebook<\/a>\u00a0de l\u2019escola<\/strong><\/li>\n<\/ul>\n<p>Utilitzem aquesta xarxa social per a refor\u00e7ar algunes informacions enviades per altres canals i per mostrar fotografies i v\u00eddeos de les activitats realitzades.<\/p>\n<p><img loading=\"lazy\" decoding=\"async\" class=\"size-medium wp-image-3148 alignnone\" src=\"https:\/\/agora.xtec.cat\/ceip-25desetembre-rubi\/wp-content\/uploads\/usu639\/2019\/08\/Captura-de-Pantalla-2019-08-07-a-les-18.52.44-203x300.png\" sizes=\"auto, (max-width: 203px) 100vw, 203px\" srcset=\"https:\/\/agora.xtec.cat\/ceip-25desetembre-rubi\/wp-content\/uploads\/usu639\/2019\/08\/Captura-de-Pantalla-2019-08-07-a-les-18.52.44-203x300.png 203w, https:\/\/agora.xtec.cat\/ceip-25desetembre-rubi\/wp-content\/uploads\/usu639\/2019\/08\/Captura-de-Pantalla-2019-08-07-a-les-18.52.44.png 397w\" alt=\"\" width=\"203\" height=\"300\" \/>\u00a0<img loading=\"lazy\" decoding=\"async\" class=\"size-medium wp-image-3143 alignnone\" src=\"https:\/\/agora.xtec.cat\/ceip-25desetembre-rubi\/wp-content\/uploads\/usu639\/2019\/08\/61396164_2185098411585622_8816775849538748416_n-214x300.jpg\" sizes=\"auto, (max-width: 214px) 100vw, 214px\" srcset=\"https:\/\/agora.xtec.cat\/ceip-25desetembre-rubi\/wp-content\/uploads\/usu639\/2019\/08\/61396164_2185098411585622_8816775849538748416_n-214x300.jpg 214w, https:\/\/agora.xtec.cat\/ceip-25desetembre-rubi\/wp-content\/uploads\/usu639\/2019\/08\/61396164_2185098411585622_8816775849538748416_n.jpg 686w\" alt=\"\" width=\"214\" height=\"300\" \/>\u00a0<img loading=\"lazy\" decoding=\"async\" class=\"size-medium wp-image-3146 alignnone\" src=\"https:\/\/agora.xtec.cat\/ceip-25desetembre-rubi\/wp-content\/uploads\/usu639\/2019\/08\/Captura-de-Pantalla-2019-08-07-a-les-18.46.22-211x300.png\" sizes=\"auto, (max-width: 211px) 100vw, 211px\" srcset=\"https:\/\/agora.xtec.cat\/ceip-25desetembre-rubi\/wp-content\/uploads\/usu639\/2019\/08\/Captura-de-Pantalla-2019-08-07-a-les-18.46.22-211x300.png 211w, https:\/\/agora.xtec.cat\/ceip-25desetembre-rubi\/wp-content\/uploads\/usu639\/2019\/08\/Captura-de-Pantalla-2019-08-07-a-les-18.46.22.png 504w\" alt=\"\" width=\"211\" height=\"300\" \/><img loading=\"lazy\" decoding=\"async\" class=\"size-medium wp-image-3150 alignnone\" src=\"https:\/\/agora.xtec.cat\/ceip-25desetembre-rubi\/wp-content\/uploads\/usu639\/2019\/08\/Captura-de-Pantalla-2019-08-07-a-les-18.59.36-216x300.png\" sizes=\"auto, (max-width: 216px) 100vw, 216px\" srcset=\"https:\/\/agora.xtec.cat\/ceip-25desetembre-rubi\/wp-content\/uploads\/usu639\/2019\/08\/Captura-de-Pantalla-2019-08-07-a-les-18.59.36-216x300.png 216w, https:\/\/agora.xtec.cat\/ceip-25desetembre-rubi\/wp-content\/uploads\/usu639\/2019\/08\/Captura-de-Pantalla-2019-08-07-a-les-18.59.36.png 446w\" alt=\"\" width=\"216\" height=\"300\" \/><\/p>\n<ul>\n<li><strong>Cartells a les portes de l\u2019escola<\/strong><\/li>\n<\/ul>\n<p>Els fem per assebentar al sector de fam\u00edlies al que no arribem a trav\u00e9s de les comunicacions digitals d\u2019algunes activitats destacades.<\/p>\n<ul>\n<li><strong>Articles a\u00a0<a href=\"https:\/\/issuu.com\/25setembre\/docs\/revista_3r_trimestre\/8\">l\u2019Aula25<\/a><\/strong><\/li>\n<\/ul>\n<p>Trimestralment, els editors d\u2019aquesta revista escolar ens conviden a participar amb un article que aprofitem per parlar d\u2019alguna novetat en l\u2019associaci\u00f3.<\/p>\n<ul>\n<li><strong>Apartat al Butllet\u00ed del 25<\/strong><\/li>\n<\/ul>\n<p>On fem un resum dels esdeveniments m\u00e9s importants d\u2019aquell mes.<\/p>\n<ul>\n<li><strong>Aquest web<\/strong><\/li>\n<\/ul>\n<p>A\u00a0trav\u00e9s del qual us ajudem a qu\u00e8 us feu una idea de tota la nostra feina i que serveix per aglutinar, a grans trets, tota la informaci\u00f3 pr\u00e0ctica referent a la feina de l\u2019AFA que pogueu necessitar durant el curs.<\/p>\n<blockquote><p>Si detecteu alguna informaci\u00f3 desactualitzada, feu-nos-ho saber! Ja veieu que \u00e9s molta la feina i es possible que en algun moment del curs el web no estigui 100% al dia.<\/p><\/blockquote>\n<h6>Manquen persones volunt\u00e0ries?<\/h6>\n<p><strong>Si!\u00a0<\/strong>Si vols formar part de la comissi\u00f3 envia un correu electr\u00f2nic a\u00a0<a href=\"mailto:afa25desetembre@gmail.com\">afa25desetembre@gmail.com<\/a>\u00a0i en parlem amb m\u00e9s detall!<\/p>\n<\/div>\n","protected":false},"excerpt":{"rendered":"<p>Comunicaci\u00f3 La comunicaci\u00f3 \u00e9s un element molt important per a nosaltres ja que marca la forma en qu\u00e8 arribem a les fam\u00edlies. Qu\u00e8 fan les persones que integren la comissi\u00f3? Difonen la informaci\u00f3 relativa a l\u2019AFA per diferents canals que trien en funci\u00f3 de la naturalesa del que volem compartir Correu electr\u00f2nic Els enviem quan [&hellip;]<\/p>\n","protected":false},"author":1,"featured_media":0,"comment_status":"open","ping_status":"closed","sticky":false,"template":"","format":"standard","meta":{"_bbp_topic_count":0,"_bbp_reply_count":0,"_bbp_total_topic_count":0,"_bbp_total_reply_count":0,"_bbp_voice_count":0,"_bbp_anonymous_reply_count":0,"_bbp_topic_count_hidden":0,"_bbp_reply_count_hidden":0,"_bbp_forum_subforum_count":0,"site-sidebar-layout":"default","site-content-layout":"","ast-site-content-layout":"","site-content-style":"default","site-sidebar-style":"default","ast-global-header-display":"","ast-banner-title-visibility":"","ast-main-header-display":"","ast-hfb-above-header-display":"","ast-hfb-below-header-display":"","ast-hfb-mobile-header-display":"","site-post-title":"","ast-breadcrumbs-content":"","ast-featured-img":"","footer-sml-layout":"","theme-transparent-header-meta":"","adv-header-id-meta":"","stick-header-meta":"","header-above-stick-meta":"","header-main-stick-meta":"","header-below-stick-meta":"","astra-migrate-meta-layouts":"default","ast-page-background-enabled":"default","ast-page-background-meta":{"desktop":{"background-color":"var(--ast-global-color-4)","background-image":"","background-repeat":"repeat","background-position":"center center","background-size":"auto","background-attachment":"scroll","background-type":"","background-media":"","overlay-type":"","overlay-color":"","overlay-opacity":"","overlay-gradient":""},"tablet":{"background-color":"","background-image":"","background-repeat":"repeat","background-position":"center center","background-size":"auto","background-attachment":"scroll","background-type":"","background-media":"","overlay-type":"","overlay-color":"","overlay-opacity":"","overlay-gradient":""},"mobile":{"background-color":"","background-image":"","background-repeat":"repeat","background-position":"center center","background-size":"auto","background-attachment":"scroll","background-type":"","background-media":"","overlay-type":"","overlay-color":"","overlay-opacity":"","overlay-gradient":""}},"ast-content-background-meta":{"desktop":{"background-color":"var(--ast-global-color-5)","background-image":"","background-repeat":"repeat","background-position":"center center","background-size":"auto","background-attachment":"scroll","background-type":"","background-media":"","overlay-type":"","overlay-color":"","overlay-opacity":"","overlay-gradient":""},"tablet":{"background-color":"var(--ast-global-color-5)","background-image":"","background-repeat":"repeat","background-position":"center center","background-size":"auto","background-attachment":"scroll","background-type":"","background-media":"","overlay-type":"","overlay-color":"","overlay-opacity":"","overlay-gradient":""},"mobile":{"background-color":"var(--ast-global-color-5)","background-image":"","background-repeat":"repeat","background-position":"center center","background-size":"auto","background-attachment":"scroll","background-type":"","background-media":"","overlay-type":"","overlay-color":"","overlay-opacity":"","overlay-gradient":""}},"footnotes":""},"categories":[140,1],"tags":[],"class_list":["post-5330","post","type-post","status-publish","format-standard","hentry","category-comunicacio","category-general"],"post_mailing_queue_ids":[],"_links":{"self":[{"href":"https:\/\/agora.xtec.cat\/ceip-25desetembre-rubi\/wp-json\/wp\/v2\/posts\/5330","targetHints":{"allow":["GET"]}}],"collection":[{"href":"https:\/\/agora.xtec.cat\/ceip-25desetembre-rubi\/wp-json\/wp\/v2\/posts"}],"about":[{"href":"https:\/\/agora.xtec.cat\/ceip-25desetembre-rubi\/wp-json\/wp\/v2\/types\/post"}],"author":[{"embeddable":true,"href":"https:\/\/agora.xtec.cat\/ceip-25desetembre-rubi\/wp-json\/wp\/v2\/users\/1"}],"replies":[{"embeddable":true,"href":"https:\/\/agora.xtec.cat\/ceip-25desetembre-rubi\/wp-json\/wp\/v2\/comments?post=5330"}],"version-history":[{"count":3,"href":"https:\/\/agora.xtec.cat\/ceip-25desetembre-rubi\/wp-json\/wp\/v2\/posts\/5330\/revisions"}],"predecessor-version":[{"id":5382,"href":"https:\/\/agora.xtec.cat\/ceip-25desetembre-rubi\/wp-json\/wp\/v2\/posts\/5330\/revisions\/5382"}],"wp:attachment":[{"href":"https:\/\/agora.xtec.cat\/ceip-25desetembre-rubi\/wp-json\/wp\/v2\/media?parent=5330"}],"wp:term":[{"taxonomy":"category","embeddable":true,"href":"https:\/\/agora.xtec.cat\/ceip-25desetembre-rubi\/wp-json\/wp\/v2\/categories?post=5330"},{"taxonomy":"post_tag","embeddable":true,"href":"https:\/\/agora.xtec.cat\/ceip-25desetembre-rubi\/wp-json\/wp\/v2\/tags?post=5330"}],"curies":[{"name":"wp","href":"https:\/\/api.w.org\/{rel}","templated":true}]}}