{"id":5325,"date":"2021-09-11T16:16:20","date_gmt":"2021-09-11T14:16:20","guid":{"rendered":"https:\/\/agora.xtec.cat\/ceip-25desetembre-rubi\/?p=5325"},"modified":"2026-03-25T16:32:48","modified_gmt":"2026-03-25T15:32:48","slug":"informacio","status":"publish","type":"post","link":"https:\/\/agora.xtec.cat\/ceip-25desetembre-rubi\/afa\/que-es-lafa\/informacio\/","title":{"rendered":"Informaci\u00f3"},"content":{"rendered":"<h5><span style=\"color: #000000;\"><strong>Informaci\u00f3 pr\u00e0ctica<\/strong><\/span><\/h5>\n<ul>\n<li><a href=\"https:\/\/drive.google.com\/open?id=1u-m27xyEAFV_DJJU-SMBh95W25INZj87\">Fullet\u00f3 informatiu<\/a><\/li>\n<li><a href=\"https:\/\/drive.google.com\/file\/d\/1okJlAQ3CDJY6DoyXLQT14PaDXG89Nkjt\/view?usp=sharing\">Estatuts AFA<\/a><\/li>\n<li><a href=\"https:\/\/docs.google.com\/forms\/d\/e\/1FAIpQLScd08gr4w1JddLUtRB-4bGk4SPh3eiNbFeUOK_6PYv2YowpzQ\/viewform?usp=sharing\">Fes-te soci de l&#8217;AFA!<\/a><\/li>\n<li><a>Acta assemblea 06\/2023<\/a><\/li>\n<li><a href=\"https:\/\/docs.google.com\/document\/d\/1lZfvEUhEX-VxvBRZZ8cEcydSG-8jvzqu17ImMMKH_2I\/edit?usp=sharing\">Acta assemblea 06\/2022<\/a><\/li>\n<li><a href=\"https:\/\/docs.google.com\/document\/d\/1Fp_uK57pr0zIdgoh9hr4yrFoetuMEsGPM4XmJt-0ZBs\/edit?usp=sharing\">Acta assemblea 06\/2021<\/a><\/li>\n<li><a href=\"https:\/\/drive.google.com\/open?id=18729EaWbNsw2ptazNuHAW5kAfbgd039u\">Acta assemblea 29\/11\/2019<\/a><\/li>\n<li><a href=\"https:\/\/drive.google.com\/file\/d\/1Hwg0oPBBenQ8urUxhwHCdQkCY-r_0qdU\/view?usp=sharing\">Acta Assemblea 31\/05\/2019<\/a><\/li>\n<li><a href=\"https:\/\/drive.google.com\/file\/d\/1VV7xuaEvrPqSSU7LvvkKxIqc4QT3TApr\/view?usp=sharing\">Acta Assemblea 11\/01\/2019<\/a><\/li>\n<li><a href=\"https:\/\/drive.google.com\/file\/d\/1Lm3TraHehwhD8BOy80zST3UppDIXEZxr\/view?usp=sharing\">Acta Assemblea 18\/05\/2018<\/a><\/li>\n<li><a href=\"https:\/\/drive.google.com\/open?id=1-LLeuhSp7M-Gvi8otakjVcZxQjcDMhIt\">Acta assemblea 24\/11\/2017<\/a><\/li>\n<li><a href=\"https:\/\/drive.google.com\/open?id=1FipmKUYlqJBdg6SMUhdmRNR_yFsNb-US\">Acta assemblea 26\/05\/2017<\/a><\/li>\n<\/ul>\n<hr \/>\n<h5><strong>Qu\u00e8 \u00e9s l&#8217;AFA?<\/strong><\/h5>\n<p>\u00c9s una Associaci\u00f3 sense afany de lucre formada per les Fam\u00edlies de l&#8217;Alumnat (abans denominada AMPA).<\/p>\n<p>El nostre objectiu principal\u00a0\u00e9s col\u00b7laborar en l\u2019educaci\u00f3 integral dels alumnes, no nom\u00e9s en la part acad\u00e8mica, sin\u00f3 tamb\u00e9 en la part l\u00fadica; contribuint a la millora de la qualitat del sistema educatiu p\u00fablic i de les condicions d\u2019escolaritzaci\u00f3 dels alumnes de l\u2019escola.<\/p>\n<p>Peri\u00f2dicament, ens reunim en Assemblea General. All\u00e0 \u00e9s on es presenten propostes, es prenen acords, s\u2019avalua la gesti\u00f3 i es renoven els c\u00e0rrecs de la Junta Directiva. L\u2019assist\u00e8ncia i el suport de tots els pares i mares \u00e9s fonamental perqu\u00e8 l\u2019associaci\u00f3 sigui m\u00e9s s\u00f2lida i participativa.<\/p>\n<hr \/>\n<h5><strong>Participeu activament de l\u2019AFA!<\/strong><\/h5>\n<p>Sigui de forma puntual o de manera continuada, estarem encantades de comptar amb vosaltres! Consulteu els apartats de les diferents comissions per veure amb m\u00e9s detall a qu\u00e8 es dedica cadascuna i on encaixeu m\u00e9s.<\/p>\n<p>Sense persones volunt\u00e0ries a l\u2019AFA, activitats com els serveis de Bon dia i Bona tarda, les Extraescolars, els Casals d\u2019Estiu, les Festes a l\u2019escola, l\u2019Afrucat, la Comparsa de Carnestoltes, els recordatoris que rebem via whatsapp o moltes de les millores que es fan a l\u2019escola amb els imports de les nostres quotes de soci (nom\u00e9s per anomenar algunes de les m\u00e9s visibles) <b>no serien possibles.<\/b><\/p>\n<hr \/>\n<h5><strong>Qui som i com ens organitzem<\/strong><\/h5>\n<p>Actualment, som 38 mares i pares que treballem volunt\u00e0riament per l\u2019AFA en representaci\u00f3 de totes les fam\u00edlies de l\u2019escola. Ens organitzem per comissions o equips de treball, interrelacionats entre si. Algunes, a m\u00e9s, formem part de la junta directiva de l\u2019associaci\u00f3.<\/p>\n<h6><\/h6>\n<h6>Organigrama 2025-2026<\/h6>\n<p><em><b>Presidenta<\/b><\/em><span style=\"font-weight: 400;\"><em>:<\/em> Eva Arag\u00f3n\u00a0 |\u00a0 <\/span><em><b>Vicepresident:<\/b><\/em><span style=\"font-weight: 400;\"> Carlos Moreno\u00a0 |\u00a0 <\/span><b><em>Secretar\u00eda:<\/em> <\/b><span style=\"font-weight: 400;\">Thais Maluenda i Carlos Moreno\u00a0 |\u00a0 <\/span><em><b>Tresoreria: <\/b><\/em><span style=\"font-weight: 400;\">Daniel Andreo<\/span><\/p>\n<p>&#8212;<\/p>\n<p><em><strong>Comissions:<\/strong><\/em><\/p>\n<p><a href=\"https:\/\/agora.xtec.cat\/ceip-25desetembre-rubi\/categoria\/afa\/comunicacio\/\"><b>Comunicaci\u00f3: <\/b><\/a><span style=\"font-weight: 400;\">Cristina Moreno i Ariadna Esteve<\/span><\/p>\n<p><a href=\"https:\/\/agora.xtec.cat\/ceip-25desetembre-rubi\/categoria\/afa\/extraescolars\/\"><b>Extraescolars i Acollida: <\/b><\/a><span style=\"font-weight: 400;\">Esther Farr\u00fas,<\/span> Daniel Pedrosa, <span style=\"font-weight: 400;\">Ester Soriano, Natalia, Ana G\u00f3mez i Susana Aznar<\/span><\/p>\n<p><a href=\"https:\/\/agora.xtec.cat\/ceip-25desetembre-rubi\/categoria\/afa\/menjador-afa\/\"><b>Conviv\u00e8ncia i Pati:<\/b><\/a><span style=\"font-weight: 400;\"> Pilar Pascual, Juanan Hinojo, Silvia Rubio, Pedro Melero, Eva P\u00e1ez (Consell Escolar)<\/span><\/p>\n<p><a href=\"https:\/\/agora.xtec.cat\/ceip-25desetembre-rubi\/categoria\/afa\/escola-verda-i-salut\/\"><b>Verda i Salut:<\/b><\/a><span style=\"font-weight: 400;\">\u00a0 Silvia Gonz\u00e1lez i Claudia Orlandini<\/span><\/p>\n<p><b>Biblioteca:<\/b><span style=\"font-weight: 400;\"> Ester Matar\u00edn, Aida Romero, Miriam Garcia<\/span><\/p>\n<p><a href=\"https:\/\/agora.xtec.cat\/ceip-25desetembre-rubi\/categoria\/afa\/casals-destiu\/\"><b>Casals: <\/b><\/a><span style=\"font-weight: 400;\">Estefan\u00eda Fern\u00e1ndez<\/span><\/p>\n<p><a href=\"https:\/\/agora.xtec.cat\/ceip-25desetembre-rubi\/categoria\/afa\/botiga\/\"><b>Botiga: <\/b><\/a><span style=\"font-weight: 400;\">Miguel Angel Menor<\/span><\/p>\n<p><b><a href=\"https:\/\/agora.xtec.cat\/ceip-25desetembre-rubi\/categoria\/afa\/festes\/\">Festes<\/a>: <\/b>Laura Herv\u00e1s, Cris Hinojosa, S\u00edlvia Antolino, Laia Salgado, Cristina Hurtado, Natalia Cabello, A\u00efda Romero, Meritxell Bartroli i M\u00edriam Garc\u00eda<\/p>\n<p><strong><a href=\"https:\/\/agora.xtec.cat\/ceip-25desetembre-rubi\/afa\/carnaval\/carnaval\/\">Carnaval<\/a>:<\/strong> Natalia Cabello, Isabel Carmona, Endrina Segnini, Naima Sorroche i Laia Jim\u00e9nez<\/p>\n","protected":false},"excerpt":{"rendered":"<p>Informaci\u00f3 pr\u00e0ctica Fullet\u00f3 informatiu Estatuts AFA Fes-te soci de l&#8217;AFA! Acta assemblea 06\/2023 Acta assemblea 06\/2022 Acta assemblea 06\/2021 Acta assemblea 29\/11\/2019 Acta Assemblea 31\/05\/2019 Acta Assemblea 11\/01\/2019 Acta Assemblea 18\/05\/2018 Acta assemblea 24\/11\/2017 Acta assemblea 26\/05\/2017 Qu\u00e8 \u00e9s l&#8217;AFA? \u00c9s una Associaci\u00f3 sense afany de lucre formada per les Fam\u00edlies de l&#8217;Alumnat (abans denominada [&hellip;]<\/p>\n","protected":false},"author":1,"featured_media":0,"comment_status":"open","ping_status":"closed","sticky":false,"template":"","format":"standard","meta":{"_bbp_topic_count":0,"_bbp_reply_count":0,"_bbp_total_topic_count":0,"_bbp_total_reply_count":0,"_bbp_voice_count":0,"_bbp_anonymous_reply_count":0,"_bbp_topic_count_hidden":0,"_bbp_reply_count_hidden":0,"_bbp_forum_subforum_count":0,"site-sidebar-layout":"default","site-content-layout":"","ast-site-content-layout":"default","site-content-style":"default","site-sidebar-style":"default","ast-global-header-display":"","ast-banner-title-visibility":"","ast-main-header-display":"","ast-hfb-above-header-display":"","ast-hfb-below-header-display":"","ast-hfb-mobile-header-display":"","site-post-title":"","ast-breadcrumbs-content":"","ast-featured-img":"","footer-sml-layout":"","theme-transparent-header-meta":"","adv-header-id-meta":"","stick-header-meta":"","header-above-stick-meta":"","header-main-stick-meta":"","header-below-stick-meta":"","astra-migrate-meta-layouts":"set","ast-page-background-enabled":"default","ast-page-background-meta":{"desktop":{"background-color":"var(--ast-global-color-4)","background-image":"","background-repeat":"repeat","background-position":"center center","background-size":"auto","background-attachment":"scroll","background-type":"","background-media":"","overlay-type":"","overlay-color":"","overlay-opacity":"","overlay-gradient":""},"tablet":{"background-color":"","background-image":"","background-repeat":"repeat","background-position":"center center","background-size":"auto","background-attachment":"scroll","background-type":"","background-media":"","overlay-type":"","overlay-color":"","overlay-opacity":"","overlay-gradient":""},"mobile":{"background-color":"","background-image":"","background-repeat":"repeat","background-position":"center center","background-size":"auto","background-attachment":"scroll","background-type":"","background-media":"","overlay-type":"","overlay-color":"","overlay-opacity":"","overlay-gradient":""}},"ast-content-background-meta":{"desktop":{"background-color":"var(--ast-global-color-5)","background-image":"","background-repeat":"repeat","background-position":"center center","background-size":"auto","background-attachment":"scroll","background-type":"","background-media":"","overlay-type":"","overlay-color":"","overlay-opacity":"","overlay-gradient":""},"tablet":{"background-color":"var(--ast-global-color-5)","background-image":"","background-repeat":"repeat","background-position":"center center","background-size":"auto","background-attachment":"scroll","background-type":"","background-media":"","overlay-type":"","overlay-color":"","overlay-opacity":"","overlay-gradient":""},"mobile":{"background-color":"var(--ast-global-color-5)","background-image":"","background-repeat":"repeat","background-position":"center center","background-size":"auto","background-attachment":"scroll","background-type":"","background-media":"","overlay-type":"","overlay-color":"","overlay-opacity":"","overlay-gradient":""}},"footnotes":""},"categories":[138],"tags":[],"class_list":["post-5325","post","type-post","status-publish","format-standard","hentry","category-que-es-lafa"],"post_mailing_queue_ids":[],"_links":{"self":[{"href":"https:\/\/agora.xtec.cat\/ceip-25desetembre-rubi\/wp-json\/wp\/v2\/posts\/5325","targetHints":{"allow":["GET"]}}],"collection":[{"href":"https:\/\/agora.xtec.cat\/ceip-25desetembre-rubi\/wp-json\/wp\/v2\/posts"}],"about":[{"href":"https:\/\/agora.xtec.cat\/ceip-25desetembre-rubi\/wp-json\/wp\/v2\/types\/post"}],"author":[{"embeddable":true,"href":"https:\/\/agora.xtec.cat\/ceip-25desetembre-rubi\/wp-json\/wp\/v2\/users\/1"}],"replies":[{"embeddable":true,"href":"https:\/\/agora.xtec.cat\/ceip-25desetembre-rubi\/wp-json\/wp\/v2\/comments?post=5325"}],"version-history":[{"count":6,"href":"https:\/\/agora.xtec.cat\/ceip-25desetembre-rubi\/wp-json\/wp\/v2\/posts\/5325\/revisions"}],"predecessor-version":[{"id":7280,"href":"https:\/\/agora.xtec.cat\/ceip-25desetembre-rubi\/wp-json\/wp\/v2\/posts\/5325\/revisions\/7280"}],"wp:attachment":[{"href":"https:\/\/agora.xtec.cat\/ceip-25desetembre-rubi\/wp-json\/wp\/v2\/media?parent=5325"}],"wp:term":[{"taxonomy":"category","embeddable":true,"href":"https:\/\/agora.xtec.cat\/ceip-25desetembre-rubi\/wp-json\/wp\/v2\/categories?post=5325"},{"taxonomy":"post_tag","embeddable":true,"href":"https:\/\/agora.xtec.cat\/ceip-25desetembre-rubi\/wp-json\/wp\/v2\/tags?post=5325"}],"curies":[{"name":"wp","href":"https:\/\/api.w.org\/{rel}","templated":true}]}}