{"id":5248,"date":"2022-07-19T10:24:24","date_gmt":"2022-07-19T08:24:24","guid":{"rendered":"https:\/\/agora.xtec.cat\/ceip-25desetembre-rubi\/?p=5248"},"modified":"2022-07-19T13:33:03","modified_gmt":"2022-07-19T11:33:03","slug":"informacions-inici-de-curs-3","status":"publish","type":"post","link":"https:\/\/agora.xtec.cat\/ceip-25desetembre-rubi\/portada\/informacions-inici-de-curs-3\/","title":{"rendered":"<center> INFORMACIONS INICI DE CURS <\/center>"},"content":{"rendered":"<ul>\n<li>\n<h5><span style=\"color: #000000;\">Informaci\u00f3 de les extraescolars: <\/span><\/h5>\n<ul>\n<li>\n<h5><span style=\"color: #000000;\">Oferta d&#8217;activitats, objectius, horaris, preus, inscripcions. Cliqueu<\/span> <a href=\"https:\/\/agora.xtec.cat\/ceip-25desetembre-rubi\/wp-content\/uploads\/usu639\/2022\/07\/Presentacio\u0301-extraescolars-25-de-setembre-curs-22-23.pdf\" target=\"_blank\" rel=\"noopener\">aqu\u00ed<\/a>.<\/h5>\n<\/li>\n<li>\n<h5><span style=\"color: #000000;\">Les inscripcions comen\u00e7aran el dia 5 de setembre i les extraescolars s&#8217;iniciaran el 3 d&#8217;octubre.<\/span><\/h5>\n<\/li>\n<\/ul>\n<\/li>\n<li style=\"text-align: justify;\">\n<h5><span style=\"font-family: inherit; font-size: 1em;\"><a href=\"https:\/\/agora.xtec.cat\/ceip-25desetembre-rubi\/wp-content\/uploads\/usu639\/2022\/06\/Calendari-curs-2022-23-1.pdf\" target=\"_blank\" rel=\"noopener\">Calendari<\/a> <span style=\"color: #000000;\">del curs 2022-23.<\/span><\/span><img loading=\"lazy\" decoding=\"async\" class=\" wp-image-5199 alignright\" style=\"text-align: left;\" src=\"https:\/\/agora.xtec.cat\/ceip-25desetembre-rubi\/wp-content\/uploads\/usu639\/2022\/06\/actualitat-553x553-cercador-formacio.jpg_1595044798.jpg\" alt=\"\" width=\"277\" height=\"277\" srcset=\"https:\/\/agora.xtec.cat\/ceip-25desetembre-rubi\/wp-content\/uploads\/usu639\/2022\/06\/actualitat-553x553-cercador-formacio.jpg_1595044798.jpg 538w, https:\/\/agora.xtec.cat\/ceip-25desetembre-rubi\/wp-content\/uploads\/usu639\/2022\/06\/actualitat-553x553-cercador-formacio.jpg_1595044798-300x300.jpg 300w, https:\/\/agora.xtec.cat\/ceip-25desetembre-rubi\/wp-content\/uploads\/usu639\/2022\/06\/actualitat-553x553-cercador-formacio.jpg_1595044798-150x150.jpg 150w\" sizes=\"auto, (max-width: 277px) 100vw, 277px\" \/><\/h5>\n<\/li>\n<li>\n<h5><span style=\"color: #000000;\">Informaci\u00f3 per fer el pagament de la<\/span> <a href=\"https:\/\/agora.xtec.cat\/ceip-25desetembre-rubi\/wp-content\/uploads\/usu639\/2022\/06\/FULL-QUOTA-UNICA-22-23.pdf\" target=\"_blank\" rel=\"noopener\">quota \u00fanica<\/a> <span style=\"color: #000000;\">escolar.<\/span><\/h5>\n<\/li>\n<li>\n<h5><span style=\"color: #000000;\">Servei del<\/span> <a href=\"https:\/\/agora.xtec.cat\/ceip-25desetembre-rubi\/wp-content\/uploads\/usu639\/2022\/06\/Benvinguda-Escola-25-setembre_11.pdf\" target=\"_blank\" rel=\"noopener\">menjador escolar<\/a>.<\/h5>\n<\/li>\n<li>\n<h5><span style=\"color: #000000;\">Informaci\u00f3 per comprar la<\/span> <a href=\"https:\/\/agora.xtec.cat\/ceip-25desetembre-rubi\/wp-content\/uploads\/usu639\/2022\/06\/ROBA-ESCOLAR-de-P4-a-6e.pdf\" target=\"_blank\" rel=\"noopener\">roba escolar<\/a> <span style=\"color: #000000;\">(dessuadora i samarreta).<\/span><\/h5>\n<\/li>\n<li>\n<h5><span style=\"color: #000000;\">Llistat de materials que cal portar el 5 de setembre:<\/span><\/h5>\n<\/li>\n<\/ul>\n<table style=\"height: 109px; width: 417px;\" border=\"1\" width=\"450\">\n<tbody>\n<tr>\n<td style=\"width: 95.4545px; text-align: center;\">\n<h4><a href=\"https:\/\/agora.xtec.cat\/ceip-25desetembre-rubi\/wp-content\/uploads\/usu639\/2022\/06\/P3-MATERIAL.pdf\" target=\"_blank\" rel=\"noopener\">P3<\/a><\/h4>\n<\/td>\n<td style=\"width: 95.4545px; text-align: center;\">\n<h4><a href=\"https:\/\/agora.xtec.cat\/ceip-25desetembre-rubi\/wp-content\/uploads\/usu639\/2022\/06\/P4-MATERIAL-1.pdf\" target=\"_blank\" rel=\"noopener\">P4<\/a><\/h4>\n<\/td>\n<td style=\"width: 101.818px; text-align: center;\">\n<h4><a href=\"https:\/\/agora.xtec.cat\/ceip-25desetembre-rubi\/wp-content\/uploads\/usu639\/2022\/06\/P5-MATERIAL-1.pdf\" target=\"_blank\" rel=\"noopener\">P5<\/a><\/h4>\n<\/td>\n<td style=\"width: 112.727px; text-align: center;\"><\/td>\n<\/tr>\n<tr>\n<td style=\"width: 95.4545px; text-align: center;\">\n<h4><a href=\"https:\/\/agora.xtec.cat\/ceip-25desetembre-rubi\/wp-content\/uploads\/usu639\/2022\/06\/1r-MATERIAL.pdf\" target=\"_blank\" rel=\"noopener\">1r<\/a><\/h4>\n<\/td>\n<td style=\"width: 95.4545px; text-align: center;\">\n<h4><a href=\"https:\/\/agora.xtec.cat\/ceip-25desetembre-rubi\/wp-content\/uploads\/usu639\/2022\/06\/2n-MATERIAL.pdf\" target=\"_blank\" rel=\"noopener\">2n<\/a><\/h4>\n<\/td>\n<td style=\"width: 101.818px; text-align: center;\">\n<h4><a href=\"https:\/\/agora.xtec.cat\/ceip-25desetembre-rubi\/wp-content\/uploads\/usu639\/2022\/06\/3r-i-4t-MATERIAL.pdf\" target=\"_blank\" rel=\"noopener\">3r i 4t<\/a><\/h4>\n<\/td>\n<td style=\"width: 112.727px; text-align: center;\">\n<h4><a href=\"https:\/\/agora.xtec.cat\/ceip-25desetembre-rubi\/wp-content\/uploads\/usu639\/2022\/06\/5e-i-6e-MATERIAL.pdf\" target=\"_blank\" rel=\"noopener\">5\u00e8 i 6\u00e8<\/a><\/h4>\n<\/td>\n<\/tr>\n<\/tbody>\n<\/table>\n<ul>\n<li>\n<h5><span style=\"color: #000000;\">Serveis del bon dia i bona tarda. (pendent)<\/span><\/h5>\n<\/li>\n<\/ul>\n<h5><\/h5>\n<h5><span style=\"color: #000000;\">El 5 de setembre us farem arribar en paper per retornar signat:<\/span><\/h5>\n<ul>\n<li>\n<h5><span style=\"color: #000000;\">El full de sol\u00b7licitud d&#8217;inscripci\u00f3 de socis i s\u00f2cies de l&#8217;AFA (a partir de P4 i un full per fam\u00edlia).<\/span><\/h5>\n<\/li>\n<li>\n<h5><span style=\"color: #000000;\">El full per renovar les autoritzacions.<\/span><\/h5>\n<\/li>\n<\/ul>\n","protected":false},"excerpt":{"rendered":"<p>Informaci\u00f3 de les extraescolars: Oferta d&#8217;activitats, objectius, horaris, preus, inscripcions. Cliqueu aqu\u00ed. Les inscripcions comen\u00e7aran el dia 5 de setembre i les extraescolars s&#8217;iniciaran el 3 d&#8217;octubre. Calendari del curs 2022-23. Informaci\u00f3 per fer el pagament de la quota \u00fanica escolar. Servei del menjador escolar. Informaci\u00f3 per comprar la roba escolar (dessuadora i samarreta). Llistat [&hellip;]<\/p>\n","protected":false},"author":1,"featured_media":0,"comment_status":"open","ping_status":"closed","sticky":false,"template":"","format":"standard","meta":{"_bbp_topic_count":0,"_bbp_reply_count":0,"_bbp_total_topic_count":0,"_bbp_total_reply_count":0,"_bbp_voice_count":0,"_bbp_anonymous_reply_count":0,"_bbp_topic_count_hidden":0,"_bbp_reply_count_hidden":0,"_bbp_forum_subforum_count":0,"site-sidebar-layout":"default","site-content-layout":"","ast-site-content-layout":"","site-content-style":"default","site-sidebar-style":"default","ast-global-header-display":"","ast-banner-title-visibility":"","ast-main-header-display":"","ast-hfb-above-header-display":"","ast-hfb-below-header-display":"","ast-hfb-mobile-header-display":"","site-post-title":"","ast-breadcrumbs-content":"","ast-featured-img":"","footer-sml-layout":"","theme-transparent-header-meta":"","adv-header-id-meta":"","stick-header-meta":"","header-above-stick-meta":"","header-main-stick-meta":"","header-below-stick-meta":"","astra-migrate-meta-layouts":"default","ast-page-background-enabled":"default","ast-page-background-meta":{"desktop":{"background-color":"var(--ast-global-color-4)","background-image":"","background-repeat":"repeat","background-position":"center center","background-size":"auto","background-attachment":"scroll","background-type":"","background-media":"","overlay-type":"","overlay-color":"","overlay-opacity":"","overlay-gradient":""},"tablet":{"background-color":"","background-image":"","background-repeat":"repeat","background-position":"center center","background-size":"auto","background-attachment":"scroll","background-type":"","background-media":"","overlay-type":"","overlay-color":"","overlay-opacity":"","overlay-gradient":""},"mobile":{"background-color":"","background-image":"","background-repeat":"repeat","background-position":"center center","background-size":"auto","background-attachment":"scroll","background-type":"","background-media":"","overlay-type":"","overlay-color":"","overlay-opacity":"","overlay-gradient":""}},"ast-content-background-meta":{"desktop":{"background-color":"var(--ast-global-color-5)","background-image":"","background-repeat":"repeat","background-position":"center center","background-size":"auto","background-attachment":"scroll","background-type":"","background-media":"","overlay-type":"","overlay-color":"","overlay-opacity":"","overlay-gradient":""},"tablet":{"background-color":"var(--ast-global-color-5)","background-image":"","background-repeat":"repeat","background-position":"center center","background-size":"auto","background-attachment":"scroll","background-type":"","background-media":"","overlay-type":"","overlay-color":"","overlay-opacity":"","overlay-gradient":""},"mobile":{"background-color":"var(--ast-global-color-5)","background-image":"","background-repeat":"repeat","background-position":"center center","background-size":"auto","background-attachment":"scroll","background-type":"","background-media":"","overlay-type":"","overlay-color":"","overlay-opacity":"","overlay-gradient":""}},"footnotes":""},"categories":[4],"tags":[],"class_list":["post-5248","post","type-post","status-publish","format-standard","hentry","category-portada"],"post_mailing_queue_ids":[],"_links":{"self":[{"href":"https:\/\/agora.xtec.cat\/ceip-25desetembre-rubi\/wp-json\/wp\/v2\/posts\/5248","targetHints":{"allow":["GET"]}}],"collection":[{"href":"https:\/\/agora.xtec.cat\/ceip-25desetembre-rubi\/wp-json\/wp\/v2\/posts"}],"about":[{"href":"https:\/\/agora.xtec.cat\/ceip-25desetembre-rubi\/wp-json\/wp\/v2\/types\/post"}],"author":[{"embeddable":true,"href":"https:\/\/agora.xtec.cat\/ceip-25desetembre-rubi\/wp-json\/wp\/v2\/users\/1"}],"replies":[{"embeddable":true,"href":"https:\/\/agora.xtec.cat\/ceip-25desetembre-rubi\/wp-json\/wp\/v2\/comments?post=5248"}],"version-history":[{"count":2,"href":"https:\/\/agora.xtec.cat\/ceip-25desetembre-rubi\/wp-json\/wp\/v2\/posts\/5248\/revisions"}],"predecessor-version":[{"id":5254,"href":"https:\/\/agora.xtec.cat\/ceip-25desetembre-rubi\/wp-json\/wp\/v2\/posts\/5248\/revisions\/5254"}],"wp:attachment":[{"href":"https:\/\/agora.xtec.cat\/ceip-25desetembre-rubi\/wp-json\/wp\/v2\/media?parent=5248"}],"wp:term":[{"taxonomy":"category","embeddable":true,"href":"https:\/\/agora.xtec.cat\/ceip-25desetembre-rubi\/wp-json\/wp\/v2\/categories?post=5248"},{"taxonomy":"post_tag","embeddable":true,"href":"https:\/\/agora.xtec.cat\/ceip-25desetembre-rubi\/wp-json\/wp\/v2\/tags?post=5248"}],"curies":[{"name":"wp","href":"https:\/\/api.w.org\/{rel}","templated":true}]}}