{"id":5114,"date":"2022-05-30T10:29:04","date_gmt":"2022-05-30T08:29:04","guid":{"rendered":"https:\/\/agora.xtec.cat\/ceip-25desetembre-rubi\/?p=5114"},"modified":"2022-05-29T10:30:34","modified_gmt":"2022-05-29T08:30:34","slug":"casals-estiu-2022-2","status":"publish","type":"post","link":"https:\/\/agora.xtec.cat\/ceip-25desetembre-rubi\/portada\/casals-estiu-2022-2\/","title":{"rendered":"<center>CASALS ESTIU 2022<\/center>"},"content":{"rendered":"<p><a href=\"mailto:casalsestiu25desetembre@gmail.com\">casalsestiu25desetembre@gmail.com<\/a><\/p>\n<h5><strong>INFORMACI\u00d3 COMISSI\u00d3 CASALS<\/strong><\/h5>\n<p>Ja s\u2019acosta l\u2019estiu i amb ell els casals perqu\u00e8 els infants gaudeixin d\u2019un moment de lleure divertit i educatiu. Aquest estiu l\u2019entitat social Uni\u00f3 Lleure i l\u2019AFA del 25 de setembre, oferim una proposta educativa amb diversos pols d\u2019inter\u00e8s; segons les etapes escolars dels nens i les nenes:<\/p>\n<p>Els nens i les nenes m\u00e9s menuts de l\u2019escola, de P3, P4 i P5 tindran com a eix tem\u00e0tic Toquem el cel amb la m\u00e0:<br \/>\n<a href=\"https:\/\/agora.xtec.cat\/ceip-25desetembre-rubi\/wp-content\/uploads\/usu639\/2022\/05\/25Setembre_Informacio-general-Casal-Estiu-22-Toquem-el-cel-amb-la-ma.pdf\">Toquem el cel amb la m\u00e0<\/a><\/p>\n<p>Els nens i les nenes de 1r a 3r de prim\u00e0ria tindran com a eix tem\u00e0tic Les 1000 i una aventures!:<br \/>\n<a href=\"https:\/\/agora.xtec.cat\/ceip-25desetembre-rubi\/wp-content\/uploads\/usu639\/2022\/05\/25Setembre_Informacio-general-Casal-Estiu-22-1000-i-una-aventura.pdf\">Les 1000 i una aventures!<\/a><\/p>\n<p>Els nens i les nenes de 4t fins a 6\u00e8 de prim\u00e0ria tindran com a eix tem\u00e0tic Viu i gaudiu de l\u2019estiu!:<br \/>\n<a href=\"https:\/\/agora.xtec.cat\/ceip-25desetembre-rubi\/wp-content\/uploads\/usu639\/2022\/05\/25Setembre-Informacio-general-Casal-Estiu-22-viu-i-gaudeix.pdf\">Viu i gaudiu de l\u2019estiu!<\/a><\/p>\n<p>Tota la informaci\u00f3 espec\u00edfica sobre el desenvolupament del casal d\u2019estiu d\u2019enguany la podeu consultar a la plana web de l\u2019entitat Uni\u00f3 Lleure: <a href=\"www.uniolleure.cat\">www.uniolleure.cat<\/a><\/p>\n<p>Us deixem i indiquem, a continuaci\u00f3, l\u2019enlla\u00e7 per formalitzar les inscripcions:<\/p>\n<p><a href=\"https:\/\/docs.google.com\/forms\/d\/e\/1FAIpQLSdPvhyr9X7xJnCVWA-ifzpVRv1Wh9z0tKNN53bIBfao-eT9jQ\/viewform\">https:\/\/docs.google.com\/forms\/d\/e\/1FAIpQLSdPvhyr9X7xJnCVWA-ifzpVRv1Wh9z0tKNN53bIBfao-eT9jQ\/viewform<\/a><\/p>\n<p>Us deixem tamb\u00e9 un enlla\u00e7 amb informaci\u00f3 general sobre el desenvolupament del casal d\u2019estiu:<\/p>\n<p><a href=\"https:\/\/drive.google.com\/file\/d\/1gCGq9po8gkreGjT6GG7UYZjLcQTyONpa\/view\">https:\/\/drive.google.com\/file\/d\/1gCGq9po8gkreGjT6GG7UYZjLcQTyONpa\/view<\/a><\/p>\n<p><img loading=\"lazy\" decoding=\"async\" class=\"alignleft size-medium wp-image-5106\" src=\"https:\/\/agora.xtec.cat\/ceip-25desetembre-rubi\/wp-content\/uploads\/usu639\/2022\/05\/IMG-20220517-WA0015-215x300.jpg\" alt=\"\" width=\"215\" height=\"300\" srcset=\"https:\/\/agora.xtec.cat\/ceip-25desetembre-rubi\/wp-content\/uploads\/usu639\/2022\/05\/IMG-20220517-WA0015-215x300.jpg 215w, https:\/\/agora.xtec.cat\/ceip-25desetembre-rubi\/wp-content\/uploads\/usu639\/2022\/05\/IMG-20220517-WA0015-734x1024.jpg 734w, https:\/\/agora.xtec.cat\/ceip-25desetembre-rubi\/wp-content\/uploads\/usu639\/2022\/05\/IMG-20220517-WA0015-768x1071.jpg 768w, https:\/\/agora.xtec.cat\/ceip-25desetembre-rubi\/wp-content\/uploads\/usu639\/2022\/05\/IMG-20220517-WA0015-1101x1536.jpg 1101w, https:\/\/agora.xtec.cat\/ceip-25desetembre-rubi\/wp-content\/uploads\/usu639\/2022\/05\/IMG-20220517-WA0015.jpg 1147w\" sizes=\"auto, (max-width: 215px) 100vw, 215px\" \/><\/p>\n<hr \/>\n<p>Si teniu alguna pregunta m\u00e9s us podeu adre\u00e7ar a les seg\u00fcents adreces de correu-e:<br \/>\n<a href=\"info@uniolleure.cat\">info@uniolleure.cat<\/a><br \/>\n<a href=\"casalsestiu25desetembre@gmail.com\">casalsestiu25desetembre@gmail.com<\/a><\/p>\n<p>&nbsp;<\/p>\n<div class=\"entry-content\">\n<h5><strong>Qu\u00e8 fan les persones que integren la comissi\u00f3?<\/strong><\/h5>\n<ul>\n<li>Cada curs, contacten amb les empreses que ofereixen el servei i presenten les propostes m\u00e9s interessants a la junta per la seva votaci\u00f3.<\/li>\n<li>Organitzen la reuni\u00f3 informativa pr\u00e8via conjuntament amb l&#8217;empresa.<\/li>\n<li>Recopilen la informaci\u00f3 necess\u00e0ria per a qu\u00e8 les fam\u00edlies ens puguem acollir a les subvencions que l&#8217;Ajuntament ofereix per redu\u00efr el cost dels casals.<\/li>\n<li>Estan en contacte directe amb l&#8217;empresa per organitzar els casals i durant la seva execuci\u00f3.<\/li>\n<li>Mantenen contacte amb les fam\u00edlies via correu electr\u00f2nic.<\/li>\n<\/ul>\n<h6>Manquen persones volunt\u00e0ries?<\/h6>\n<p><strong>Si!<\/strong> Si vols formar-ne part envia un correu electr\u00f2nic a <a href=\"mailto:afa25desetembre@gmail.com\">afa25desetembre@gmail.com<\/a>\u00a0i en parlem amb m\u00e9s detall!<\/p>\n<\/div>\n","protected":false},"excerpt":{"rendered":"<p>casalsestiu25desetembre@gmail.com INFORMACI\u00d3 COMISSI\u00d3 CASALS Ja s\u2019acosta l\u2019estiu i amb ell els casals perqu\u00e8 els infants gaudeixin d\u2019un moment de lleure divertit i educatiu. Aquest estiu l\u2019entitat social Uni\u00f3 Lleure i l\u2019AFA del 25 de setembre, oferim una proposta educativa amb diversos pols d\u2019inter\u00e8s; segons les etapes escolars dels nens i les nenes: Els nens i [&hellip;]<\/p>\n","protected":false},"author":1,"featured_media":0,"comment_status":"open","ping_status":"closed","sticky":false,"template":"","format":"standard","meta":{"_bbp_topic_count":0,"_bbp_reply_count":0,"_bbp_total_topic_count":0,"_bbp_total_reply_count":0,"_bbp_voice_count":0,"_bbp_anonymous_reply_count":0,"_bbp_topic_count_hidden":0,"_bbp_reply_count_hidden":0,"_bbp_forum_subforum_count":0,"site-sidebar-layout":"default","site-content-layout":"","ast-site-content-layout":"","site-content-style":"default","site-sidebar-style":"default","ast-global-header-display":"","ast-banner-title-visibility":"","ast-main-header-display":"","ast-hfb-above-header-display":"","ast-hfb-below-header-display":"","ast-hfb-mobile-header-display":"","site-post-title":"","ast-breadcrumbs-content":"","ast-featured-img":"","footer-sml-layout":"","theme-transparent-header-meta":"","adv-header-id-meta":"","stick-header-meta":"","header-above-stick-meta":"","header-main-stick-meta":"","header-below-stick-meta":"","astra-migrate-meta-layouts":"default","ast-page-background-enabled":"default","ast-page-background-meta":{"desktop":{"background-color":"var(--ast-global-color-4)","background-image":"","background-repeat":"repeat","background-position":"center center","background-size":"auto","background-attachment":"scroll","background-type":"","background-media":"","overlay-type":"","overlay-color":"","overlay-opacity":"","overlay-gradient":""},"tablet":{"background-color":"","background-image":"","background-repeat":"repeat","background-position":"center center","background-size":"auto","background-attachment":"scroll","background-type":"","background-media":"","overlay-type":"","overlay-color":"","overlay-opacity":"","overlay-gradient":""},"mobile":{"background-color":"","background-image":"","background-repeat":"repeat","background-position":"center center","background-size":"auto","background-attachment":"scroll","background-type":"","background-media":"","overlay-type":"","overlay-color":"","overlay-opacity":"","overlay-gradient":""}},"ast-content-background-meta":{"desktop":{"background-color":"var(--ast-global-color-5)","background-image":"","background-repeat":"repeat","background-position":"center center","background-size":"auto","background-attachment":"scroll","background-type":"","background-media":"","overlay-type":"","overlay-color":"","overlay-opacity":"","overlay-gradient":""},"tablet":{"background-color":"var(--ast-global-color-5)","background-image":"","background-repeat":"repeat","background-position":"center center","background-size":"auto","background-attachment":"scroll","background-type":"","background-media":"","overlay-type":"","overlay-color":"","overlay-opacity":"","overlay-gradient":""},"mobile":{"background-color":"var(--ast-global-color-5)","background-image":"","background-repeat":"repeat","background-position":"center center","background-size":"auto","background-attachment":"scroll","background-type":"","background-media":"","overlay-type":"","overlay-color":"","overlay-opacity":"","overlay-gradient":""}},"footnotes":""},"categories":[4],"tags":[],"class_list":["post-5114","post","type-post","status-publish","format-standard","hentry","category-portada"],"post_mailing_queue_ids":[],"_links":{"self":[{"href":"https:\/\/agora.xtec.cat\/ceip-25desetembre-rubi\/wp-json\/wp\/v2\/posts\/5114","targetHints":{"allow":["GET"]}}],"collection":[{"href":"https:\/\/agora.xtec.cat\/ceip-25desetembre-rubi\/wp-json\/wp\/v2\/posts"}],"about":[{"href":"https:\/\/agora.xtec.cat\/ceip-25desetembre-rubi\/wp-json\/wp\/v2\/types\/post"}],"author":[{"embeddable":true,"href":"https:\/\/agora.xtec.cat\/ceip-25desetembre-rubi\/wp-json\/wp\/v2\/users\/1"}],"replies":[{"embeddable":true,"href":"https:\/\/agora.xtec.cat\/ceip-25desetembre-rubi\/wp-json\/wp\/v2\/comments?post=5114"}],"version-history":[{"count":1,"href":"https:\/\/agora.xtec.cat\/ceip-25desetembre-rubi\/wp-json\/wp\/v2\/posts\/5114\/revisions"}],"predecessor-version":[{"id":5115,"href":"https:\/\/agora.xtec.cat\/ceip-25desetembre-rubi\/wp-json\/wp\/v2\/posts\/5114\/revisions\/5115"}],"wp:attachment":[{"href":"https:\/\/agora.xtec.cat\/ceip-25desetembre-rubi\/wp-json\/wp\/v2\/media?parent=5114"}],"wp:term":[{"taxonomy":"category","embeddable":true,"href":"https:\/\/agora.xtec.cat\/ceip-25desetembre-rubi\/wp-json\/wp\/v2\/categories?post=5114"},{"taxonomy":"post_tag","embeddable":true,"href":"https:\/\/agora.xtec.cat\/ceip-25desetembre-rubi\/wp-json\/wp\/v2\/tags?post=5114"}],"curies":[{"name":"wp","href":"https:\/\/api.w.org\/{rel}","templated":true}]}}