{"id":5108,"date":"2022-05-18T17:46:48","date_gmt":"2022-05-18T15:46:48","guid":{"rendered":"https:\/\/agora.xtec.cat\/ceip-25desetembre-rubi\/?p=5108"},"modified":"2022-07-08T13:43:34","modified_gmt":"2022-07-08T11:43:34","slug":"informatiu-del-2n-trimestre-3","status":"publish","type":"post","link":"https:\/\/agora.xtec.cat\/ceip-25desetembre-rubi\/portada\/informatiu-del-2n-trimestre-3\/","title":{"rendered":"<center>L&#8217;informatiu del 2n trimestre<\/center>"},"content":{"rendered":"<p><span style=\"color: #000000;\">Us compartim l&#8217;informatiu del 2n trimestre elaborat pels alumnes de 5\u00e8 en el Taller de r\u00e0dio i els alumnes de 6\u00e8 que han fet el Taller de publicitat.<\/span><\/p>\n<p style=\"text-align: center;\"><iframe loading=\"lazy\" src=\"https:\/\/w.soundcloud.com\/player\/?url=https%3A\/\/api.soundcloud.com\/tracks\/1270721269&amp;color=%23ff5500&amp;auto_play=false&amp;hide_related=false&amp;show_comments=true&amp;show_user=true&amp;show_reposts=false&amp;show_teaser=true&amp;visual=true\" width=\"100%\" height=\"300\" frameborder=\"no\" scrolling=\"no\"><\/iframe><\/p>\n<div style=\"font-size: 10px; color: #cccccc; line-break: anywhere; word-break: normal; overflow: hidden; white-space: nowrap; text-overflow: ellipsis; font-family: Interstate, 'Lucida Grande', 'Lucida Sans Unicode', 'Lucida Sans', Garuda, Verdana, Tahoma, sans-serif; font-weight: 100; text-align: center;\"><a style=\"color: #cccccc; text-decoration: none;\" title=\"Escola 25 de setembre\" href=\"https:\/\/soundcloud.com\/user-237860718\" target=\"_blank\" rel=\"noopener\">Escola 25 de setembre<\/a> \u00b7 <a style=\"color: #cccccc; text-decoration: none;\" title=\"INFORMATIU 2n TRIMESTRE 21 - 22\" href=\"https:\/\/soundcloud.com\/user-237860718\/informatiu-2n-trimestre-21-22\" target=\"_blank\" rel=\"noopener\">INFORMATIU 2n TRIMESTRE 21 &#8211; 22<\/a><\/div>\n","protected":false},"excerpt":{"rendered":"<p>Us compartim l&#8217;informatiu del 2n trimestre elaborat pels alumnes de 5\u00e8 en el Taller de r\u00e0dio i els alumnes de 6\u00e8 que han fet el Taller de publicitat. Escola 25 de setembre \u00b7 INFORMATIU 2n TRIMESTRE 21 &#8211; 22<\/p>\n","protected":false},"author":1,"featured_media":0,"comment_status":"open","ping_status":"closed","sticky":false,"template":"","format":"standard","meta":{"_bbp_topic_count":0,"_bbp_reply_count":0,"_bbp_total_topic_count":0,"_bbp_total_reply_count":0,"_bbp_voice_count":0,"_bbp_anonymous_reply_count":0,"_bbp_topic_count_hidden":0,"_bbp_reply_count_hidden":0,"_bbp_forum_subforum_count":0,"site-sidebar-layout":"default","site-content-layout":"","ast-site-content-layout":"","site-content-style":"default","site-sidebar-style":"default","ast-global-header-display":"","ast-banner-title-visibility":"","ast-main-header-display":"","ast-hfb-above-header-display":"","ast-hfb-below-header-display":"","ast-hfb-mobile-header-display":"","site-post-title":"","ast-breadcrumbs-content":"","ast-featured-img":"","footer-sml-layout":"","theme-transparent-header-meta":"","adv-header-id-meta":"","stick-header-meta":"","header-above-stick-meta":"","header-main-stick-meta":"","header-below-stick-meta":"","astra-migrate-meta-layouts":"default","ast-page-background-enabled":"default","ast-page-background-meta":{"desktop":{"background-color":"var(--ast-global-color-4)","background-image":"","background-repeat":"repeat","background-position":"center center","background-size":"auto","background-attachment":"scroll","background-type":"","background-media":"","overlay-type":"","overlay-color":"","overlay-opacity":"","overlay-gradient":""},"tablet":{"background-color":"","background-image":"","background-repeat":"repeat","background-position":"center center","background-size":"auto","background-attachment":"scroll","background-type":"","background-media":"","overlay-type":"","overlay-color":"","overlay-opacity":"","overlay-gradient":""},"mobile":{"background-color":"","background-image":"","background-repeat":"repeat","background-position":"center center","background-size":"auto","background-attachment":"scroll","background-type":"","background-media":"","overlay-type":"","overlay-color":"","overlay-opacity":"","overlay-gradient":""}},"ast-content-background-meta":{"desktop":{"background-color":"var(--ast-global-color-5)","background-image":"","background-repeat":"repeat","background-position":"center center","background-size":"auto","background-attachment":"scroll","background-type":"","background-media":"","overlay-type":"","overlay-color":"","overlay-opacity":"","overlay-gradient":""},"tablet":{"background-color":"var(--ast-global-color-5)","background-image":"","background-repeat":"repeat","background-position":"center center","background-size":"auto","background-attachment":"scroll","background-type":"","background-media":"","overlay-type":"","overlay-color":"","overlay-opacity":"","overlay-gradient":""},"mobile":{"background-color":"var(--ast-global-color-5)","background-image":"","background-repeat":"repeat","background-position":"center center","background-size":"auto","background-attachment":"scroll","background-type":"","background-media":"","overlay-type":"","overlay-color":"","overlay-opacity":"","overlay-gradient":""}},"footnotes":""},"categories":[134,4],"tags":[],"class_list":["post-5108","post","type-post","status-publish","format-standard","hentry","category-informatiu-del-25","category-portada"],"post_mailing_queue_ids":[],"_links":{"self":[{"href":"https:\/\/agora.xtec.cat\/ceip-25desetembre-rubi\/wp-json\/wp\/v2\/posts\/5108","targetHints":{"allow":["GET"]}}],"collection":[{"href":"https:\/\/agora.xtec.cat\/ceip-25desetembre-rubi\/wp-json\/wp\/v2\/posts"}],"about":[{"href":"https:\/\/agora.xtec.cat\/ceip-25desetembre-rubi\/wp-json\/wp\/v2\/types\/post"}],"author":[{"embeddable":true,"href":"https:\/\/agora.xtec.cat\/ceip-25desetembre-rubi\/wp-json\/wp\/v2\/users\/1"}],"replies":[{"embeddable":true,"href":"https:\/\/agora.xtec.cat\/ceip-25desetembre-rubi\/wp-json\/wp\/v2\/comments?post=5108"}],"version-history":[{"count":2,"href":"https:\/\/agora.xtec.cat\/ceip-25desetembre-rubi\/wp-json\/wp\/v2\/posts\/5108\/revisions"}],"predecessor-version":[{"id":5246,"href":"https:\/\/agora.xtec.cat\/ceip-25desetembre-rubi\/wp-json\/wp\/v2\/posts\/5108\/revisions\/5246"}],"wp:attachment":[{"href":"https:\/\/agora.xtec.cat\/ceip-25desetembre-rubi\/wp-json\/wp\/v2\/media?parent=5108"}],"wp:term":[{"taxonomy":"category","embeddable":true,"href":"https:\/\/agora.xtec.cat\/ceip-25desetembre-rubi\/wp-json\/wp\/v2\/categories?post=5108"},{"taxonomy":"post_tag","embeddable":true,"href":"https:\/\/agora.xtec.cat\/ceip-25desetembre-rubi\/wp-json\/wp\/v2\/tags?post=5108"}],"curies":[{"name":"wp","href":"https:\/\/api.w.org\/{rel}","templated":true}]}}