{"id":5059,"date":"2022-05-09T10:04:35","date_gmt":"2022-05-09T08:04:35","guid":{"rendered":"https:\/\/agora.xtec.cat\/ceip-25desetembre-rubi\/?p=5059"},"modified":"2022-05-09T10:20:50","modified_gmt":"2022-05-09T08:20:50","slug":"casals-estiu-2022","status":"publish","type":"post","link":"https:\/\/agora.xtec.cat\/ceip-25desetembre-rubi\/portada\/casals-estiu-2022\/","title":{"rendered":"<center>AJUTS CASALS ESTIU 2022<\/center>"},"content":{"rendered":"<p>Casals de juliol Ajuntament de Rub\u00ed:<\/p>\n<p>Cada mes de juliol, diverses AMPA i AFA de les escoles p\u00fabliques de la ciutat organitzen casals d&#8217;estiu adre\u00e7ats a nens i nenes de 3 a 12 anys.<br \/>\nL&#8217;oferta d&#8217;activitats de casals d&#8217;estiu est\u00e0 subjecta a l&#8217;evoluci\u00f3 de la crisi de la Covid-19 i a les indicacions de les autoritats sanit\u00e0ries.<\/p>\n<p>Els casals d\u2019estiu 2022 organitzats per les AFA i AMPA de les escoles p\u00fabliques d\u2019educaci\u00f3 infantil i prim\u00e0ria i es realitzaran a les escoles p\u00fabliques d\u2019educaci\u00f3 infantil i prim\u00e0ria de Rub\u00ed del 4 al 29 de juliol i s\u2019adrecen a infants que estiguin cursant des de P3 fins a 6\u00e8 de prim\u00e0ria durant el curs 2021-2022.<\/p>\n<p>En unes setmanes, ja es disposar\u00e0 de la informaci\u00f3 dels Casals d&#8217;Estiu de juliol de 2022.<\/p>\n<p>L&#8217;Ajuntament de Rub\u00ed obre el termini del <strong>4 al 17 de maig<\/strong>, tots dos inclosos, per a que les fam\u00edlies sol\u00b7licitin <strong>ajuts pels casals d&#8217;estiu 2022<\/strong>.<\/p>\n<p>En funci\u00f3 de la renda de la unitat familiar la subvenci\u00f3 podr\u00e0 ser del 75 % (45 \u20ac cada setmana del 4 al 29 de juliol), el 50 % (30 \u20ac cada setmana del 4 al 29 de juliol) o el 25 % de l\u2019import de refer\u00e8ncia (15 \u20ac cada setmana del 4 al 29 de juliol)<\/p>\n<p>Com demano les ajudes?<\/p>\n<p>V\u00cdDEO: <a href=\"https:\/\/youtu.be\/qYqB7hbbhrQ\" target=\"_blank\" rel=\"noopener\">https:\/\/youtu.be\/qYqB7hbbhrQ<\/a><\/p>\n<p>Les fam\u00edlies que tinguin dificultats per formalitzar la sol\u00b7licitud poden adre\u00e7ar-se al punt de suport per a tr\u00e0mits telem\u00e0tics (dimarts i dijous de 9 a 11 h al Centre C\u00edvic La Cru\u00eflla del Pinar i els dimecres i divendres de 9 a 11 h a l\u2019AVV de Les Torres). A m\u00e9s, el servei d\u2019Educaci\u00f3 posa a disposici\u00f3 de les fam\u00edlies un espai de suport espec\u00edfic a l\u2019Edifici Rub\u00ed Forma els dies 5, 11, 13 i 17 de maig de 16 a 18 h. En aquest cas, cal demanar cita pr\u00e8via al Servei d\u2019Educaci\u00f3 educacio@ajrubi.cat o trucant al 93 588 70 00 ext. 6362.<\/p>\n<p>M\u00e9s informaci\u00f3 clicant <a href=\"https:\/\/seu.rubi.cat\/catalogoTramites\/show\/572\" target=\"_blank\" rel=\"noopener\">aqu\u00ed<\/a>.<\/p>\n","protected":false},"excerpt":{"rendered":"<p>Casals de juliol Ajuntament de Rub\u00ed: Cada mes de juliol, diverses AMPA i AFA de les escoles p\u00fabliques de la ciutat organitzen casals d&#8217;estiu adre\u00e7ats a nens i nenes de 3 a 12 anys. L&#8217;oferta d&#8217;activitats de casals d&#8217;estiu est\u00e0 subjecta a l&#8217;evoluci\u00f3 de la crisi de la Covid-19 i a les indicacions de les [&hellip;]<\/p>\n","protected":false},"author":1,"featured_media":5060,"comment_status":"open","ping_status":"closed","sticky":false,"template":"","format":"standard","meta":{"_bbp_topic_count":0,"_bbp_reply_count":0,"_bbp_total_topic_count":0,"_bbp_total_reply_count":0,"_bbp_voice_count":0,"_bbp_anonymous_reply_count":0,"_bbp_topic_count_hidden":0,"_bbp_reply_count_hidden":0,"_bbp_forum_subforum_count":0,"site-sidebar-layout":"default","site-content-layout":"","ast-site-content-layout":"","site-content-style":"default","site-sidebar-style":"default","ast-global-header-display":"","ast-banner-title-visibility":"","ast-main-header-display":"","ast-hfb-above-header-display":"","ast-hfb-below-header-display":"","ast-hfb-mobile-header-display":"","site-post-title":"","ast-breadcrumbs-content":"","ast-featured-img":"","footer-sml-layout":"","theme-transparent-header-meta":"","adv-header-id-meta":"","stick-header-meta":"","header-above-stick-meta":"","header-main-stick-meta":"","header-below-stick-meta":"","astra-migrate-meta-layouts":"default","ast-page-background-enabled":"default","ast-page-background-meta":{"desktop":{"background-color":"var(--ast-global-color-4)","background-image":"","background-repeat":"repeat","background-position":"center center","background-size":"auto","background-attachment":"scroll","background-type":"","background-media":"","overlay-type":"","overlay-color":"","overlay-opacity":"","overlay-gradient":""},"tablet":{"background-color":"","background-image":"","background-repeat":"repeat","background-position":"center center","background-size":"auto","background-attachment":"scroll","background-type":"","background-media":"","overlay-type":"","overlay-color":"","overlay-opacity":"","overlay-gradient":""},"mobile":{"background-color":"","background-image":"","background-repeat":"repeat","background-position":"center center","background-size":"auto","background-attachment":"scroll","background-type":"","background-media":"","overlay-type":"","overlay-color":"","overlay-opacity":"","overlay-gradient":""}},"ast-content-background-meta":{"desktop":{"background-color":"var(--ast-global-color-5)","background-image":"","background-repeat":"repeat","background-position":"center center","background-size":"auto","background-attachment":"scroll","background-type":"","background-media":"","overlay-type":"","overlay-color":"","overlay-opacity":"","overlay-gradient":""},"tablet":{"background-color":"var(--ast-global-color-5)","background-image":"","background-repeat":"repeat","background-position":"center center","background-size":"auto","background-attachment":"scroll","background-type":"","background-media":"","overlay-type":"","overlay-color":"","overlay-opacity":"","overlay-gradient":""},"mobile":{"background-color":"var(--ast-global-color-5)","background-image":"","background-repeat":"repeat","background-position":"center center","background-size":"auto","background-attachment":"scroll","background-type":"","background-media":"","overlay-type":"","overlay-color":"","overlay-opacity":"","overlay-gradient":""}},"footnotes":""},"categories":[4],"tags":[],"class_list":["post-5059","post","type-post","status-publish","format-standard","has-post-thumbnail","hentry","category-portada"],"post_mailing_queue_ids":[],"_links":{"self":[{"href":"https:\/\/agora.xtec.cat\/ceip-25desetembre-rubi\/wp-json\/wp\/v2\/posts\/5059","targetHints":{"allow":["GET"]}}],"collection":[{"href":"https:\/\/agora.xtec.cat\/ceip-25desetembre-rubi\/wp-json\/wp\/v2\/posts"}],"about":[{"href":"https:\/\/agora.xtec.cat\/ceip-25desetembre-rubi\/wp-json\/wp\/v2\/types\/post"}],"author":[{"embeddable":true,"href":"https:\/\/agora.xtec.cat\/ceip-25desetembre-rubi\/wp-json\/wp\/v2\/users\/1"}],"replies":[{"embeddable":true,"href":"https:\/\/agora.xtec.cat\/ceip-25desetembre-rubi\/wp-json\/wp\/v2\/comments?post=5059"}],"version-history":[{"count":3,"href":"https:\/\/agora.xtec.cat\/ceip-25desetembre-rubi\/wp-json\/wp\/v2\/posts\/5059\/revisions"}],"predecessor-version":[{"id":5064,"href":"https:\/\/agora.xtec.cat\/ceip-25desetembre-rubi\/wp-json\/wp\/v2\/posts\/5059\/revisions\/5064"}],"wp:featuredmedia":[{"embeddable":true,"href":"https:\/\/agora.xtec.cat\/ceip-25desetembre-rubi\/wp-json\/wp\/v2\/media\/5060"}],"wp:attachment":[{"href":"https:\/\/agora.xtec.cat\/ceip-25desetembre-rubi\/wp-json\/wp\/v2\/media?parent=5059"}],"wp:term":[{"taxonomy":"category","embeddable":true,"href":"https:\/\/agora.xtec.cat\/ceip-25desetembre-rubi\/wp-json\/wp\/v2\/categories?post=5059"},{"taxonomy":"post_tag","embeddable":true,"href":"https:\/\/agora.xtec.cat\/ceip-25desetembre-rubi\/wp-json\/wp\/v2\/tags?post=5059"}],"curies":[{"name":"wp","href":"https:\/\/api.w.org\/{rel}","templated":true}]}}