{"id":4456,"date":"2021-09-10T16:00:08","date_gmt":"2021-09-10T14:00:08","guid":{"rendered":"https:\/\/agora.xtec.cat\/ceip-25desetembre-rubi\/?p=4456"},"modified":"2021-09-11T20:56:07","modified_gmt":"2021-09-11T18:56:07","slug":"ajuts-de-menjador-2","status":"publish","type":"post","link":"https:\/\/agora.xtec.cat\/ceip-25desetembre-rubi\/general\/ajuts-de-menjador-2\/","title":{"rendered":"<CENTER>AJUTS DE MENJADOR<\/CENTER>"},"content":{"rendered":"<p>Us compartim el llistat d&#8217;ajuts de menjador escolar.<\/p>\n<p>Cal que busqueu al vostre fill\/a per l&#8217;IDALU, aquest n\u00famero \u00e9s l&#8217;identificador de l&#8217;alumne i el vau haver de posar a la sol\u00b7licitud.<\/p>\n<h4><a href=\"https:\/\/agora.xtec.cat\/ceip-25desetembre-rubi\/wp-content\/uploads\/usu639\/2021\/09\/25-SETEMBRE-sense-nom..pdf\" target=\"_blank\" rel=\"noopener\">LLISTAT AJUTS DE MENJADOR CURS 2021-22<\/a><\/h4>\n<p>Des de l&#8217;Ajuntament ens indiquen que:<\/p>\n<p>Els expedients que apareixen en color verd ja s&#8217;han enviat al Consell Comarcal per resoldre les incid\u00e8ncies.<\/p>\n<p>Us recordem que tal com indiquen les bases de la convocat\u00f2ria els dies de compactacions han de estar repartits durant tot el curs escolar, i per tant, <u>s\u2019ha de fer \u00fas del servei totes les setmanes del curs<\/u>. Aquest curs l\u2019ajuda \u00e9s d\u2019un 70% i per tant, el nombre de dies que tindran dret la fam\u00edlia si compacta l\u2019ajut ser\u00e0 proporcional a aquest percentatge.<\/p>\n<p>El servei s\u2019ha d\u2019utilitzar alternant setmanes de 3 dies i setmanes de 4 dies, fins\u00a0<u>un m\u00e0xim de 123 dies<\/u>, per aquell alumnat\u00a0amb ajut atorgat amb data inici de curs,\u00a0l\u2019alumnat\u00a0amb un ajut atorgat un cop iniciat\u00a0el curs escolar, el nombre de dies compactats ser\u00e0 proporcional als dies d\u2019ajut concedit.<\/p>\n<p>No \u00e9s possible fer \u00fas del servei 4 o 5 dies a la setmana fins exhaurir\u00a0els dies de drets ajuts compactat i, no fer \u00fas del menjador la resta de setmanes del curs.<\/p>\n<h4><span style=\"color: #000000;\"><strong>Ser\u00e0 imprescindible que les fam\u00edlies dels alumnes ho comuniqueu a l\u2019escola mitjan\u00e7ant aquest <\/strong><\/span><strong><span style=\"color: #000000;\">document<\/span> (<a href=\"https:\/\/agora.xtec.cat\/ceip-25desetembre-rubi\/wp-content\/uploads\/usu639\/2021\/09\/compactacio-curs-2021_2022-2.pdf\" target=\"_blank\" rel=\"noopener\">model compactaci\u00f3<\/a>).<\/strong><\/h4>\n<p>Si un alumne es queda a dinar i l\u2019escola no ha rebut l\u2019aprovaci\u00f3 per part de l\u2019Ajuntament, <strong>ser\u00e0 la fam\u00edlia qui es far\u00e0 c\u00e0rrec d\u2019aquest import<\/strong>.<\/p>\n<p>Encara que veieu a l\u2019aplicatiu \u201cajut aprovat\u201d heu <strong>d\u2019esperar l\u2019av\u00eds de l\u2019Ajuntament<\/strong>.<\/p>\n<p>En el cas que renuncieu a l&#8217;ajut de menjador, cal que ompliu aquest <a href=\"https:\/\/agora.xtec.cat\/ceip-25desetembre-rubi\/wp-content\/uploads\/usu639\/2021\/09\/Renuncia.pdf\" target=\"_blank\" rel=\"noopener\">document<\/a> i el porteu a l&#8217;escola.<\/p>\n<p>El dispositiu d\u2019atenci\u00f3 a les incid\u00e8ncies vinculades amb les beques menjador <strong>ser\u00e0 telef\u00f2nic, <\/strong>els n\u00fameros de tel\u00e8fons habilitats s\u00f3n els seg\u00fcents:<\/p>\n<p>627 071 076\u00a0 \/\u00a0 630 788 458\u00a0 \/\u00a0 637 831 003<\/p>\n<p><strong>\u00a0<\/strong><\/p>\n","protected":false},"excerpt":{"rendered":"<p>Us compartim el llistat d&#8217;ajuts de menjador escolar. Cal que busqueu al vostre fill\/a per l&#8217;IDALU, aquest n\u00famero \u00e9s l&#8217;identificador de l&#8217;alumne i el vau haver de posar a la sol\u00b7licitud. LLISTAT AJUTS DE MENJADOR CURS 2021-22 Des de l&#8217;Ajuntament ens indiquen que: Els expedients que apareixen en color verd ja s&#8217;han enviat al Consell [&hellip;]<\/p>\n","protected":false},"author":1,"featured_media":0,"comment_status":"open","ping_status":"closed","sticky":false,"template":"","format":"standard","meta":{"_bbp_topic_count":0,"_bbp_reply_count":0,"_bbp_total_topic_count":0,"_bbp_total_reply_count":0,"_bbp_voice_count":0,"_bbp_anonymous_reply_count":0,"_bbp_topic_count_hidden":0,"_bbp_reply_count_hidden":0,"_bbp_forum_subforum_count":0,"site-sidebar-layout":"default","site-content-layout":"","ast-site-content-layout":"","site-content-style":"default","site-sidebar-style":"default","ast-global-header-display":"","ast-banner-title-visibility":"","ast-main-header-display":"","ast-hfb-above-header-display":"","ast-hfb-below-header-display":"","ast-hfb-mobile-header-display":"","site-post-title":"","ast-breadcrumbs-content":"","ast-featured-img":"","footer-sml-layout":"","theme-transparent-header-meta":"","adv-header-id-meta":"","stick-header-meta":"","header-above-stick-meta":"","header-main-stick-meta":"","header-below-stick-meta":"","astra-migrate-meta-layouts":"default","ast-page-background-enabled":"default","ast-page-background-meta":{"desktop":{"background-color":"var(--ast-global-color-4)","background-image":"","background-repeat":"repeat","background-position":"center center","background-size":"auto","background-attachment":"scroll","background-type":"","background-media":"","overlay-type":"","overlay-color":"","overlay-opacity":"","overlay-gradient":""},"tablet":{"background-color":"","background-image":"","background-repeat":"repeat","background-position":"center center","background-size":"auto","background-attachment":"scroll","background-type":"","background-media":"","overlay-type":"","overlay-color":"","overlay-opacity":"","overlay-gradient":""},"mobile":{"background-color":"","background-image":"","background-repeat":"repeat","background-position":"center center","background-size":"auto","background-attachment":"scroll","background-type":"","background-media":"","overlay-type":"","overlay-color":"","overlay-opacity":"","overlay-gradient":""}},"ast-content-background-meta":{"desktop":{"background-color":"var(--ast-global-color-5)","background-image":"","background-repeat":"repeat","background-position":"center center","background-size":"auto","background-attachment":"scroll","background-type":"","background-media":"","overlay-type":"","overlay-color":"","overlay-opacity":"","overlay-gradient":""},"tablet":{"background-color":"var(--ast-global-color-5)","background-image":"","background-repeat":"repeat","background-position":"center center","background-size":"auto","background-attachment":"scroll","background-type":"","background-media":"","overlay-type":"","overlay-color":"","overlay-opacity":"","overlay-gradient":""},"mobile":{"background-color":"var(--ast-global-color-5)","background-image":"","background-repeat":"repeat","background-position":"center center","background-size":"auto","background-attachment":"scroll","background-type":"","background-media":"","overlay-type":"","overlay-color":"","overlay-opacity":"","overlay-gradient":""}},"footnotes":""},"categories":[1,4],"tags":[],"class_list":["post-4456","post","type-post","status-publish","format-standard","hentry","category-general","category-portada"],"post_mailing_queue_ids":[],"_links":{"self":[{"href":"https:\/\/agora.xtec.cat\/ceip-25desetembre-rubi\/wp-json\/wp\/v2\/posts\/4456","targetHints":{"allow":["GET"]}}],"collection":[{"href":"https:\/\/agora.xtec.cat\/ceip-25desetembre-rubi\/wp-json\/wp\/v2\/posts"}],"about":[{"href":"https:\/\/agora.xtec.cat\/ceip-25desetembre-rubi\/wp-json\/wp\/v2\/types\/post"}],"author":[{"embeddable":true,"href":"https:\/\/agora.xtec.cat\/ceip-25desetembre-rubi\/wp-json\/wp\/v2\/users\/1"}],"replies":[{"embeddable":true,"href":"https:\/\/agora.xtec.cat\/ceip-25desetembre-rubi\/wp-json\/wp\/v2\/comments?post=4456"}],"version-history":[{"count":3,"href":"https:\/\/agora.xtec.cat\/ceip-25desetembre-rubi\/wp-json\/wp\/v2\/posts\/4456\/revisions"}],"predecessor-version":[{"id":4491,"href":"https:\/\/agora.xtec.cat\/ceip-25desetembre-rubi\/wp-json\/wp\/v2\/posts\/4456\/revisions\/4491"}],"wp:attachment":[{"href":"https:\/\/agora.xtec.cat\/ceip-25desetembre-rubi\/wp-json\/wp\/v2\/media?parent=4456"}],"wp:term":[{"taxonomy":"category","embeddable":true,"href":"https:\/\/agora.xtec.cat\/ceip-25desetembre-rubi\/wp-json\/wp\/v2\/categories?post=4456"},{"taxonomy":"post_tag","embeddable":true,"href":"https:\/\/agora.xtec.cat\/ceip-25desetembre-rubi\/wp-json\/wp\/v2\/tags?post=4456"}],"curies":[{"name":"wp","href":"https:\/\/api.w.org\/{rel}","templated":true}]}}