{"id":4447,"date":"2021-09-08T17:37:48","date_gmt":"2021-09-08T15:37:48","guid":{"rendered":"https:\/\/agora.xtec.cat\/ceip-25desetembre-rubi\/?p=4447"},"modified":"2021-09-14T15:21:58","modified_gmt":"2021-09-14T13:21:58","slug":"informacions-inici-de-curs-2","status":"publish","type":"post","link":"https:\/\/agora.xtec.cat\/ceip-25desetembre-rubi\/general\/informacions-inici-de-curs-2\/","title":{"rendered":"<center>INFORMACIONS INICI DE CURS<\/center>"},"content":{"rendered":"<p><img loading=\"lazy\" decoding=\"async\" class=\"alignright wp-image-4427\" src=\"https:\/\/agora.xtec.cat\/ceip-25desetembre-rubi\/wp-content\/uploads\/usu639\/2021\/09\/BLOGS-WEB-3.jpg\" alt=\"\" width=\"335\" height=\"237\" \/><\/p>\n<ul>\n<li>\n<h3><span style=\"color: #000000;\"><a href=\"https:\/\/agora.xtec.cat\/ceip-25desetembre-rubi\/wp-content\/uploads\/usu639\/2021\/09\/POC-21-22.docx-1.pdf\" target=\"_blank\" rel=\"noopener\">Pla d&#8217;organitzaci\u00f3 del centre<\/a>.<\/span><\/h3>\n<\/li>\n<li>\n<h3><span style=\"color: #000000;\">Dilluns dia 13 cal que tots els alumnes portin la declaraci\u00f3 responsable COVID19 i la donin al seu tutor o tutora a la fila. No podran accedir a les aules els alumnes que no la portin.<\/span><\/h3>\n<ul>\n<li>\n<h3><a href=\"https:\/\/agora.xtec.cat\/ceip-25desetembre-rubi\/wp-content\/uploads\/usu639\/2021\/06\/COVID-ALUMNES-DEDUCACI\u00d3-INFANTIL.pdf\" target=\"_blank\" rel=\"noopener\">Declaraci\u00f3 per l&#8217;alumnat d&#8217;Educaci\u00f3 Infantil<\/a>.<\/h3>\n<\/li>\n<li>\n<h3><a href=\"https:\/\/agora.xtec.cat\/ceip-25desetembre-rubi\/wp-content\/uploads\/usu639\/2021\/06\/COVID-ALUMNES-EDUCACI\u00d3-PRIM\u00c0RIA.pdf\" target=\"_blank\" rel=\"noopener\">Declaraci\u00f3 per l&#8217;alumnat d&#8217;Educaci\u00f3 Prim\u00e0ria<\/a>.<\/h3>\n<\/li>\n<\/ul>\n<\/li>\n<li>\n<h3><span style=\"color: #000000;\">Els familiars que acompanyin als alumnes de P3 la setmana d&#8217;adaptaci\u00f3, cal que portin signada la<\/span> <a href=\"https:\/\/agora.xtec.cat\/ceip-25desetembre-rubi\/wp-content\/uploads\/usu639\/2021\/06\/DECLARACI\u00d3-RESPONSABLE-FAM\u00cdLIES.pdf\" target=\"_blank\" rel=\"noopener\">declaraci\u00f3 responsable COVID19<\/a> <span style=\"color: #000000;\">per poder accedir a les aules.<\/span><\/h3>\n<\/li>\n<li>\n<h3><span style=\"color: #000000;\">La mascareta \u00e9s obligat\u00f2ria pels alumnes de Prim\u00e0ria.<\/span><\/h3>\n<\/li>\n<li>\n<h3><span style=\"color: #000000;\">Entrades i sortides:<\/span><\/h3>\n<\/li>\n<\/ul>\n<table style=\"height: 252px; width: 91.9363%;\" width=\"680\">\n<tbody>\n<tr style=\"height: 86px;\">\n<td style=\"width: 19.8675%; text-align: center; height: 86px;\"><span style=\"color: #000000;\">\u00a0ENTRADES I SORTIDES<\/span><\/td>\n<td style=\"width: 24.6175%; height: 86px;\">\n<h4 style=\"text-align: center;\"><span style=\"color: #000000;\">PORTA D&#8217;INFANTIL<\/span><\/h4>\n<\/td>\n<td style=\"width: 29.3059%; text-align: center; height: 86px;\">\n<h4><span style=\"color: #000000;\">PORTA DE CONSERGERIA<\/span><\/h4>\n<\/td>\n<td style=\"width: 89.1271%; text-align: center; height: 86px;\">\n<h4><span style=\"color: #000000;\">PORTA DEL PATI DE PRIM\u00c0RIA<\/span><\/h4>\n<\/td>\n<\/tr>\n<tr style=\"height: 83px;\">\n<td style=\"width: 19.8675%; text-align: center; height: 83px;\">\n<h4><span style=\"color: #000000;\">9h \/<\/span><\/h4>\n<h4><span style=\"color: #000000;\">16.25h<\/span><\/h4>\n<\/td>\n<td style=\"width: 24.6175%; text-align: center; height: 83px;\">\n<h3><span style=\"color: #000000;\">P3<\/span><\/h3>\n<\/td>\n<td style=\"width: 29.3059%; text-align: center; height: 83px;\">\n<h3><span style=\"color: #000000;\">1r<\/span><\/h3>\n<\/td>\n<td style=\"width: 89.1271%; text-align: center; height: 83px;\">\n<h3><span style=\"color: #000000;\">3r i 5\u00e8<\/span><\/h3>\n<\/td>\n<\/tr>\n<tr style=\"height: 83px;\">\n<td style=\"width: 19.8675%; text-align: center; height: 83px;\">\n<h4><span style=\"color: #000000;\">9.05h \/<\/span><\/h4>\n<h4><span style=\"color: #000000;\">16.30h<\/span><\/h4>\n<\/td>\n<td style=\"width: 24.6175%; text-align: center; height: 83px;\">\n<h3><span style=\"color: #000000;\">P4<\/span><\/h3>\n<\/td>\n<td style=\"width: 29.3059%; text-align: center; height: 83px;\">\n<h3><span style=\"color: #000000;\">2n<\/span><\/h3>\n<\/td>\n<td style=\"width: 89.1271%; text-align: center; height: 83px;\">\n<h3><span style=\"color: #000000;\">P5<\/span><\/h3>\n<h3><span style=\"color: #000000;\">4t i 6\u00e8<\/span><\/h3>\n<\/td>\n<\/tr>\n<\/tbody>\n<\/table>\n<h4><span style=\"color: #000000;\">A les 12.35 i a les 15h hi ha un \u00fanic torn de sortida i entrada, que es far\u00e0 per les portes assignades a cada nivell.<\/span><\/h4>\n<h4><span style=\"color: #000000;\">En el cas de Prim\u00e0ria (de 3r a 6\u00e8), les fam\u00edlies esperareu a la pista la sortida dels alumnes, haureu de situar-vos darrere la l\u00ednia marcada a terra.<\/span><\/h4>\n<p>&nbsp;<\/p>\n<h3><span style=\"color: #000000;\">Us desitgem a tots i totes un bon inici de curs!<\/span><\/h3>\n","protected":false},"excerpt":{"rendered":"<p>Pla d&#8217;organitzaci\u00f3 del centre. Dilluns dia 13 cal que tots els alumnes portin la declaraci\u00f3 responsable COVID19 i la donin al seu tutor o tutora a la fila. No podran accedir a les aules els alumnes que no la portin. Declaraci\u00f3 per l&#8217;alumnat d&#8217;Educaci\u00f3 Infantil. Declaraci\u00f3 per l&#8217;alumnat d&#8217;Educaci\u00f3 Prim\u00e0ria. Els familiars que acompanyin als [&hellip;]<\/p>\n","protected":false},"author":1,"featured_media":0,"comment_status":"open","ping_status":"closed","sticky":false,"template":"","format":"standard","meta":{"_bbp_topic_count":0,"_bbp_reply_count":0,"_bbp_total_topic_count":0,"_bbp_total_reply_count":0,"_bbp_voice_count":0,"_bbp_anonymous_reply_count":0,"_bbp_topic_count_hidden":0,"_bbp_reply_count_hidden":0,"_bbp_forum_subforum_count":0,"site-sidebar-layout":"default","site-content-layout":"","ast-site-content-layout":"","site-content-style":"default","site-sidebar-style":"default","ast-global-header-display":"","ast-banner-title-visibility":"","ast-main-header-display":"","ast-hfb-above-header-display":"","ast-hfb-below-header-display":"","ast-hfb-mobile-header-display":"","site-post-title":"","ast-breadcrumbs-content":"","ast-featured-img":"","footer-sml-layout":"","theme-transparent-header-meta":"","adv-header-id-meta":"","stick-header-meta":"","header-above-stick-meta":"","header-main-stick-meta":"","header-below-stick-meta":"","astra-migrate-meta-layouts":"default","ast-page-background-enabled":"default","ast-page-background-meta":{"desktop":{"background-color":"var(--ast-global-color-4)","background-image":"","background-repeat":"repeat","background-position":"center center","background-size":"auto","background-attachment":"scroll","background-type":"","background-media":"","overlay-type":"","overlay-color":"","overlay-opacity":"","overlay-gradient":""},"tablet":{"background-color":"","background-image":"","background-repeat":"repeat","background-position":"center center","background-size":"auto","background-attachment":"scroll","background-type":"","background-media":"","overlay-type":"","overlay-color":"","overlay-opacity":"","overlay-gradient":""},"mobile":{"background-color":"","background-image":"","background-repeat":"repeat","background-position":"center center","background-size":"auto","background-attachment":"scroll","background-type":"","background-media":"","overlay-type":"","overlay-color":"","overlay-opacity":"","overlay-gradient":""}},"ast-content-background-meta":{"desktop":{"background-color":"var(--ast-global-color-5)","background-image":"","background-repeat":"repeat","background-position":"center center","background-size":"auto","background-attachment":"scroll","background-type":"","background-media":"","overlay-type":"","overlay-color":"","overlay-opacity":"","overlay-gradient":""},"tablet":{"background-color":"var(--ast-global-color-5)","background-image":"","background-repeat":"repeat","background-position":"center center","background-size":"auto","background-attachment":"scroll","background-type":"","background-media":"","overlay-type":"","overlay-color":"","overlay-opacity":"","overlay-gradient":""},"mobile":{"background-color":"var(--ast-global-color-5)","background-image":"","background-repeat":"repeat","background-position":"center center","background-size":"auto","background-attachment":"scroll","background-type":"","background-media":"","overlay-type":"","overlay-color":"","overlay-opacity":"","overlay-gradient":""}},"footnotes":""},"categories":[1,4],"tags":[],"class_list":["post-4447","post","type-post","status-publish","format-standard","hentry","category-general","category-portada"],"post_mailing_queue_ids":[],"_links":{"self":[{"href":"https:\/\/agora.xtec.cat\/ceip-25desetembre-rubi\/wp-json\/wp\/v2\/posts\/4447","targetHints":{"allow":["GET"]}}],"collection":[{"href":"https:\/\/agora.xtec.cat\/ceip-25desetembre-rubi\/wp-json\/wp\/v2\/posts"}],"about":[{"href":"https:\/\/agora.xtec.cat\/ceip-25desetembre-rubi\/wp-json\/wp\/v2\/types\/post"}],"author":[{"embeddable":true,"href":"https:\/\/agora.xtec.cat\/ceip-25desetembre-rubi\/wp-json\/wp\/v2\/users\/1"}],"replies":[{"embeddable":true,"href":"https:\/\/agora.xtec.cat\/ceip-25desetembre-rubi\/wp-json\/wp\/v2\/comments?post=4447"}],"version-history":[{"count":3,"href":"https:\/\/agora.xtec.cat\/ceip-25desetembre-rubi\/wp-json\/wp\/v2\/posts\/4447\/revisions"}],"predecessor-version":[{"id":4502,"href":"https:\/\/agora.xtec.cat\/ceip-25desetembre-rubi\/wp-json\/wp\/v2\/posts\/4447\/revisions\/4502"}],"wp:attachment":[{"href":"https:\/\/agora.xtec.cat\/ceip-25desetembre-rubi\/wp-json\/wp\/v2\/media?parent=4447"}],"wp:term":[{"taxonomy":"category","embeddable":true,"href":"https:\/\/agora.xtec.cat\/ceip-25desetembre-rubi\/wp-json\/wp\/v2\/categories?post=4447"},{"taxonomy":"post_tag","embeddable":true,"href":"https:\/\/agora.xtec.cat\/ceip-25desetembre-rubi\/wp-json\/wp\/v2\/tags?post=4447"}],"curies":[{"name":"wp","href":"https:\/\/api.w.org\/{rel}","templated":true}]}}