{"id":4362,"date":"2021-07-14T16:25:42","date_gmt":"2021-07-14T14:25:42","guid":{"rendered":"http:\/\/agora.xtec.cat\/ceip-25desetembre-rubi\/?p=4362"},"modified":"2021-07-14T16:25:42","modified_gmt":"2021-07-14T14:25:42","slug":"som-escola-cacadora-de-trastets","status":"publish","type":"post","link":"https:\/\/agora.xtec.cat\/ceip-25desetembre-rubi\/escoles_verdes\/som-escola-cacadora-de-trastets\/","title":{"rendered":"SOM ESCOLA CA\u00c7ADORA DE TRASTETS"},"content":{"rendered":"<div dir=\"auto\">Aj. Rub\u00ed NET:<\/div>\n<div dir=\"auto\"><\/div>\n<div dir=\"auto\">Les classes de les Orelles de papallona, les Paraules dolces i el Monstre de colors de P5 de l&#8217;escola 25 de Setembre han fet una gran feina aquest mat\u00ed! Distribu\u00efts pel Torrent dels Alous han recollit all\u00f2 que trobaven per classificar-ho als contenidors i transformar aquests materials en recursos.<\/div>\n<div dir=\"auto\">Un gran exemple aquests petits i petites<span class=\"pq6dq46d tbxw36s4 knj5qynh kvgmc6g5 ditlmg2l oygrvhab nvdbi5me sf5mxxl7 gl3lb2sf hhz5lgdu\"><img loading=\"lazy\" decoding=\"async\" src=\"https:\/\/static.xx.fbcdn.net\/images\/emoji.php\/v9\/ted\/1.5\/16\/1f49a.png\" alt=\"\ud83d\udc9a\" width=\"16\" height=\"16\" \/><\/span>Gr\u00e0cies Escola 25 de setembre per ser escola Ca\u00e7adora de Trastets i promoure la import\u00e0ncia de cuidar el nostre entorn natural. <a class=\"oajrlxb2 g5ia77u1 qu0x051f esr5mh6w e9989ue4 r7d6kgcz rq0escxv nhd2j8a9 nc684nl6 p7hjln8o kvgmc6g5 cxmmr5t8 oygrvhab hcukyx3x jb3vyjys rz4wbd8a qt6c0cv9 a8nywdso i1ao9s8h esuyzwwr f1sip0of lzcic4wl q66pz984 gpro0wi8 b1v8xokw\" tabindex=\"0\" role=\"link\" href=\"https:\/\/www.facebook.com\/hashtag\/dmma21?__eep__=6&amp;__cft__[0]=AZX3NZhfcn60CZmeQQhgGdrgnPW9xliOhVpJpyh5cjA4Dbdt8C90US1DJrK5rxtlQJMw5bUku7PhrCf_tGemxRrqSqjhiAr17eC-k0hDZqwg_dgxXeVNn3vZI_mNtmJyXexx7VDFi6MNj-mNbB3swUh564Ke08RqxoOG9DyAY-X3bw&amp;__tn__=*NK-R\">#dmma21<\/a> <a class=\"oajrlxb2 g5ia77u1 qu0x051f esr5mh6w e9989ue4 r7d6kgcz rq0escxv nhd2j8a9 nc684nl6 p7hjln8o kvgmc6g5 cxmmr5t8 oygrvhab hcukyx3x jb3vyjys rz4wbd8a qt6c0cv9 a8nywdso i1ao9s8h esuyzwwr f1sip0of lzcic4wl q66pz984 gpro0wi8 b1v8xokw\" tabindex=\"0\" role=\"link\" href=\"https:\/\/www.facebook.com\/hashtag\/educacioambiental?__eep__=6&amp;__cft__[0]=AZX3NZhfcn60CZmeQQhgGdrgnPW9xliOhVpJpyh5cjA4Dbdt8C90US1DJrK5rxtlQJMw5bUku7PhrCf_tGemxRrqSqjhiAr17eC-k0hDZqwg_dgxXeVNn3vZI_mNtmJyXexx7VDFi6MNj-mNbB3swUh564Ke08RqxoOG9DyAY-X3bw&amp;__tn__=*NK-R\">#educacioambiental<\/a> <a class=\"oajrlxb2 g5ia77u1 qu0x051f esr5mh6w e9989ue4 r7d6kgcz rq0escxv nhd2j8a9 nc684nl6 p7hjln8o kvgmc6g5 cxmmr5t8 oygrvhab hcukyx3x jb3vyjys rz4wbd8a qt6c0cv9 a8nywdso i1ao9s8h esuyzwwr f1sip0of lzcic4wl q66pz984 gpro0wi8 b1v8xokw\" tabindex=\"0\" role=\"link\" href=\"https:\/\/www.facebook.com\/casadorsdetrastets\/?__cft__[0]=AZX3NZhfcn60CZmeQQhgGdrgnPW9xliOhVpJpyh5cjA4Dbdt8C90US1DJrK5rxtlQJMw5bUku7PhrCf_tGemxRrqSqjhiAr17eC-k0hDZqwg_dgxXeVNn3vZI_mNtmJyXexx7VDFi6MNj-mNbB3swUh564Ke08RqxoOG9DyAY-X3bw&amp;__tn__=kK-R\"><span class=\"nc684nl6\">Ca\u00e7adors de Trastets<\/span><\/a> Escola 25 de Setembre (Rub\u00ed)<\/div>\n<div dir=\"auto\"><\/div>\n<div dir=\"auto\"><\/div>\n<div dir=\"auto\"><img loading=\"lazy\" decoding=\"async\" class=\"alignright size-large wp-image-4360\" src=\"https:\/\/agora.xtec.cat\/ceip-25desetembre-rubi\/wp-content\/uploads\/usu639\/2021\/07\/198384334_4151873911539313_5901364757824855340_n-1024x576.jpg\" alt=\"\" width=\"1024\" height=\"576\" srcset=\"https:\/\/agora.xtec.cat\/ceip-25desetembre-rubi\/wp-content\/uploads\/usu639\/2021\/07\/198384334_4151873911539313_5901364757824855340_n.jpg 1024w, https:\/\/agora.xtec.cat\/ceip-25desetembre-rubi\/wp-content\/uploads\/usu639\/2021\/07\/198384334_4151873911539313_5901364757824855340_n-300x169.jpg 300w, https:\/\/agora.xtec.cat\/ceip-25desetembre-rubi\/wp-content\/uploads\/usu639\/2021\/07\/198384334_4151873911539313_5901364757824855340_n-768x432.jpg 768w\" sizes=\"auto, (max-width: 1024px) 100vw, 1024px\" \/><\/div>\n","protected":false},"excerpt":{"rendered":"<p>Aj. Rub\u00ed NET: Les classes de les Orelles de papallona, les Paraules dolces i el Monstre de colors de P5 de l&#8217;escola 25 de Setembre han fet una gran feina aquest mat\u00ed! Distribu\u00efts pel Torrent dels Alous han recollit all\u00f2 que trobaven per classificar-ho als contenidors i transformar aquests materials en recursos. Un gran exemple [&hellip;]<\/p>\n","protected":false},"author":1,"featured_media":0,"comment_status":"open","ping_status":"closed","sticky":false,"template":"","format":"standard","meta":{"_bbp_topic_count":0,"_bbp_reply_count":0,"_bbp_total_topic_count":0,"_bbp_total_reply_count":0,"_bbp_voice_count":0,"_bbp_anonymous_reply_count":0,"_bbp_topic_count_hidden":0,"_bbp_reply_count_hidden":0,"_bbp_forum_subforum_count":0,"site-sidebar-layout":"default","site-content-layout":"","ast-site-content-layout":"","site-content-style":"default","site-sidebar-style":"default","ast-global-header-display":"","ast-banner-title-visibility":"","ast-main-header-display":"","ast-hfb-above-header-display":"","ast-hfb-below-header-display":"","ast-hfb-mobile-header-display":"","site-post-title":"","ast-breadcrumbs-content":"","ast-featured-img":"","footer-sml-layout":"","theme-transparent-header-meta":"","adv-header-id-meta":"","stick-header-meta":"","header-above-stick-meta":"","header-main-stick-meta":"","header-below-stick-meta":"","astra-migrate-meta-layouts":"default","ast-page-background-enabled":"default","ast-page-background-meta":{"desktop":{"background-color":"var(--ast-global-color-4)","background-image":"","background-repeat":"repeat","background-position":"center center","background-size":"auto","background-attachment":"scroll","background-type":"","background-media":"","overlay-type":"","overlay-color":"","overlay-opacity":"","overlay-gradient":""},"tablet":{"background-color":"","background-image":"","background-repeat":"repeat","background-position":"center center","background-size":"auto","background-attachment":"scroll","background-type":"","background-media":"","overlay-type":"","overlay-color":"","overlay-opacity":"","overlay-gradient":""},"mobile":{"background-color":"","background-image":"","background-repeat":"repeat","background-position":"center center","background-size":"auto","background-attachment":"scroll","background-type":"","background-media":"","overlay-type":"","overlay-color":"","overlay-opacity":"","overlay-gradient":""}},"ast-content-background-meta":{"desktop":{"background-color":"var(--ast-global-color-5)","background-image":"","background-repeat":"repeat","background-position":"center center","background-size":"auto","background-attachment":"scroll","background-type":"","background-media":"","overlay-type":"","overlay-color":"","overlay-opacity":"","overlay-gradient":""},"tablet":{"background-color":"var(--ast-global-color-5)","background-image":"","background-repeat":"repeat","background-position":"center center","background-size":"auto","background-attachment":"scroll","background-type":"","background-media":"","overlay-type":"","overlay-color":"","overlay-opacity":"","overlay-gradient":""},"mobile":{"background-color":"var(--ast-global-color-5)","background-image":"","background-repeat":"repeat","background-position":"center center","background-size":"auto","background-attachment":"scroll","background-type":"","background-media":"","overlay-type":"","overlay-color":"","overlay-opacity":"","overlay-gradient":""}},"footnotes":""},"categories":[123],"tags":[],"class_list":["post-4362","post","type-post","status-publish","format-standard","hentry","category-escoles_verdes"],"post_mailing_queue_ids":[],"_links":{"self":[{"href":"https:\/\/agora.xtec.cat\/ceip-25desetembre-rubi\/wp-json\/wp\/v2\/posts\/4362","targetHints":{"allow":["GET"]}}],"collection":[{"href":"https:\/\/agora.xtec.cat\/ceip-25desetembre-rubi\/wp-json\/wp\/v2\/posts"}],"about":[{"href":"https:\/\/agora.xtec.cat\/ceip-25desetembre-rubi\/wp-json\/wp\/v2\/types\/post"}],"author":[{"embeddable":true,"href":"https:\/\/agora.xtec.cat\/ceip-25desetembre-rubi\/wp-json\/wp\/v2\/users\/1"}],"replies":[{"embeddable":true,"href":"https:\/\/agora.xtec.cat\/ceip-25desetembre-rubi\/wp-json\/wp\/v2\/comments?post=4362"}],"version-history":[{"count":2,"href":"https:\/\/agora.xtec.cat\/ceip-25desetembre-rubi\/wp-json\/wp\/v2\/posts\/4362\/revisions"}],"predecessor-version":[{"id":4364,"href":"https:\/\/agora.xtec.cat\/ceip-25desetembre-rubi\/wp-json\/wp\/v2\/posts\/4362\/revisions\/4364"}],"wp:attachment":[{"href":"https:\/\/agora.xtec.cat\/ceip-25desetembre-rubi\/wp-json\/wp\/v2\/media?parent=4362"}],"wp:term":[{"taxonomy":"category","embeddable":true,"href":"https:\/\/agora.xtec.cat\/ceip-25desetembre-rubi\/wp-json\/wp\/v2\/categories?post=4362"},{"taxonomy":"post_tag","embeddable":true,"href":"https:\/\/agora.xtec.cat\/ceip-25desetembre-rubi\/wp-json\/wp\/v2\/tags?post=4362"}],"curies":[{"name":"wp","href":"https:\/\/api.w.org\/{rel}","templated":true}]}}