{"id":4326,"date":"2021-07-14T15:51:41","date_gmt":"2021-07-14T13:51:41","guid":{"rendered":"http:\/\/agora.xtec.cat\/ceip-25desetembre-rubi\/?p=4326"},"modified":"2021-07-14T15:51:41","modified_gmt":"2021-07-14T13:51:41","slug":"historic-de-noticies","status":"publish","type":"post","link":"https:\/\/agora.xtec.cat\/ceip-25desetembre-rubi\/escoles_verdes\/historic-de-noticies\/","title":{"rendered":"HIST\u00d2RIC DE NOT\u00cdCIES"},"content":{"rendered":"<p>&nbsp;<\/p>\n<h5>5 DE JUNY: DIA MUNDIAL DEL MEDI AMBIENT<\/h5>\n<div style=\"text-align: justify;\">El dia 5 de juny es va celebrar a tot el m\u00f3n el Dia del Medi Ambient amb l&#8217;esl\u00f2gan TimeforNature (&#8220;Ara, la Natura&#8221; o &#8220;\u00c9s l&#8217;hora de la Natura&#8221;). Els nens i nenes de l&#8217;escola han recordat aquest dia tan important amb diferents activitats i manualitats.<\/div>\n<p>&nbsp;<\/p>\n<div style=\"text-align: center;\"><a href=\"https:\/\/drive.google.com\/open?id=1cwkQ_BNMZVVVvHAC7ji3Q4An4xsgKiMb\">TIMEFORNATURE<\/a><\/div>\n<p>&nbsp;<\/p>\n<div class=\"separator\" style=\"clear: both; text-align: center;\"><a style=\"margin-left: 1em; margin-right: 1em;\" href=\"https:\/\/1.bp.blogspot.com\/-m-47HDARwuY\/XuIZXd6-kSI\/AAAAAAAAB-U\/nyWa7AIuB-gvMLfQKAiX2X8POGCcffaqACLcBGAsYHQ\/s1600\/baixa%2B%25282%2529.jpeg\"><img decoding=\"async\" src=\"https:\/\/1.bp.blogspot.com\/-m-47HDARwuY\/XuIZXd6-kSI\/AAAAAAAAB-U\/nyWa7AIuB-gvMLfQKAiX2X8POGCcffaqACLcBGAsYHQ\/s1600\/baixa%2B%25282%2529.jpeg\" border=\"0\" data-original-height=\"167\" data-original-width=\"303\" \/><\/a><\/div>\n<hr \/>\n<h5>ALUMNES DE 4t FAN DE PERIODISTES (juny 2020)<\/h5>\n<div style=\"text-align: justify;\">\n<p>Els alumnes de 4t de l&#8217;Escola 25 de Setembre, han analitzat articles on es feia ress\u00f2 d&#8217;un fenomen que tots hem admirat aquests dies: la natura desconfinada.Aqu\u00ed teniu els seus treballs i reflexions sobre aquestes not\u00edcies.<\/p>\n<\/div>\n<p><a href=\"https:\/\/drive.google.com\/open?id=12Cj01mkaMjwBrkSos5lbeEuruFiTnC1y\">LA NATURA EN TEMPS DE DESCONFINAMENT\u00a0<\/a><\/p>\n<div class=\"separator\" style=\"clear: both; text-align: center;\"><a style=\"margin-left: 1em; margin-right: 1em;\" href=\"https:\/\/1.bp.blogspot.com\/-_T8ekoOJrWQ\/XuOEGW5JfEI\/AAAAAAAAB-4\/ZmqEMyLNK1UYejrqXC2QFp_7pgNwqB_pACLcBGAsYHQ\/s1600\/baixa%2B%252810%2529.jpeg\"><img loading=\"lazy\" decoding=\"async\" src=\"https:\/\/1.bp.blogspot.com\/-_T8ekoOJrWQ\/XuOEGW5JfEI\/AAAAAAAAB-4\/ZmqEMyLNK1UYejrqXC2QFp_7pgNwqB_pACLcBGAsYHQ\/s400\/baixa%2B%252810%2529.jpeg\" width=\"400\" height=\"224\" border=\"0\" data-original-height=\"168\" data-original-width=\"300\" \/><\/a><\/div>\n<p><span style=\"text-align: justify;\">A m\u00e9s a m\u00e9s des d&#8217;Escoles Verdes, us fem arribar un interessant reportatge amb les fotografies m\u00e9s impactants que ens ha deixat la natura quan \u00e9rem a casa.<\/span><\/p>\n<p><a style=\"text-align: center;\" href=\"https:\/\/beteve.cat\/medi-ambient\/natura-desconfinada-imatges-recull-coronavirus\/\">NATURA DESCONFINADA<\/a><\/p>\n<hr \/>\n<h3 class=\"MsoNormal\" style=\"color: #222222; font-family: Arial, Helvetica, sans-serif; font-size: 13.33px; font-variant-east-asian: normal; font-variant-numeric: normal; line-height: normal; margin-bottom: 0pt; text-align: justify;\">CONSELL DEL MEDI DEL SEGON TRIMESTRE (curs 19-20)<\/h3>\n<div style=\"color: #222222; font-family: arial, helvetica, sans-serif; line-height: normal; margin-bottom: 0pt; text-align: left;\"><span style=\"font-family: 'tahoma' , sans-serif;\">Ja sabeu que aquest any estem treballant el tema del pl\u00e0stic.\u00a0<\/span><span style=\"font-family: 'tahoma' , sans-serif;\">\u00a0<\/span><span style=\"font-family: 'tahoma' , sans-serif;\">Seguint amb aquest objectiu, hem fet dos v\u00eddeos stop-motion entre tots, fent servir material reciclat que han portat els nens i nenes al consell.<\/span><\/div>\n<div class=\"MsoNormal\" style=\"color: #222222; font-family: Arial, Helvetica, sans-serif; font-size: 13.33px; font-variant-east-asian: normal; font-variant-numeric: normal; line-height: normal; margin-bottom: 0pt; text-align: center;\"><span style=\"font-family: 'tahoma' , sans-serif;\">\u00a0<\/span><\/div>\n<div class=\"MsoNormal\" style=\"color: #222222; font-family: Arial, Helvetica, sans-serif; font-size: 13.33px; font-variant-east-asian: normal; font-variant-numeric: normal; line-height: normal; margin-bottom: 0pt; text-align: center;\"><a style=\"color: #1155cc;\" href=\"https:\/\/drive.google.com\/open?id=144fCg8xTcZrVVbrLz-Otu29IQm4_P7Ay\" target=\"_blank\" rel=\"noopener noreferrer\" data-saferedirecturl=\"https:\/\/www.google.com\/url?q=https:\/\/drive.google.com\/open?id%3D144fCg8xTcZrVVbrLz-Otu29IQm4_P7Ay&amp;source=gmail&amp;ust=1584003021637000&amp;usg=AFQjCNEnlmYRGIZRRrWTCoESCvaD-iyExg\"><span style=\"font-family: 'tahoma' , sans-serif;\">EXEMPLE PL\u00c0STIC FREE<\/span><\/a><\/div>\n<div class=\"MsoNormal\" style=\"color: #222222; font-family: Arial, Helvetica, sans-serif; font-size: 13.33px; font-variant-east-asian: normal; font-variant-numeric: normal; line-height: normal; margin-bottom: 0pt; text-align: center;\"><a style=\"color: #1155cc;\" href=\"https:\/\/drive.google.com\/open?id=146uVHYI2uRvq2J010ehL7H8DQq1Qs5Tf\" target=\"_blank\" rel=\"noopener noreferrer\" data-saferedirecturl=\"https:\/\/www.google.com\/url?q=https:\/\/drive.google.com\/open?id%3D146uVHYI2uRvq2J010ehL7H8DQq1Qs5Tf&amp;source=gmail&amp;ust=1584003021637000&amp;usg=AFQjCNHJDvWoHvNETLs5CeEAUdwhCsQjgw\"><span style=\"font-family: 'tahoma' , sans-serif;\">\u00a0<\/span><\/a><\/div>\n<div class=\"MsoNormal\" style=\"color: #222222; font-family: Arial, Helvetica, sans-serif; font-size: 13.33px; font-variant-east-asian: normal; font-variant-numeric: normal; line-height: normal; margin-bottom: 0pt; text-align: center;\"><a style=\"color: #1155cc;\" href=\"https:\/\/drive.google.com\/open?id=146uVHYI2uRvq2J010ehL7H8DQq1Qs5Tf\" target=\"_blank\" rel=\"noopener noreferrer\" data-saferedirecturl=\"https:\/\/www.google.com\/url?q=https:\/\/drive.google.com\/open?id%3D146uVHYI2uRvq2J010ehL7H8DQq1Qs5Tf&amp;source=gmail&amp;ust=1584003021637000&amp;usg=AFQjCNHJDvWoHvNETLs5CeEAUdwhCsQjgw\"><span style=\"font-family: 'tahoma' , sans-serif;\">OBJECTIU CONSELL DEL MEDI<\/span><\/a><\/div>\n<div class=\"MsoNormal\" style=\"color: #222222; font-family: Arial, Helvetica, sans-serif; font-size: 13.33px; font-variant-east-asian: normal; font-variant-numeric: normal; line-height: normal; margin-bottom: 0pt; text-align: justify;\"><\/div>\n<hr \/>\n<h5>CONCURS PLASTIC FREE (febrer de 2020)<\/h5>\n<div style=\"text-align: justify;\">Els i les alumnes de cicle mitj\u00e0 i superior han participat al concurs &#8220;Hazlo Verde&#8221;, sobre el tema Plastic Free. Aqu\u00ed teniu les seves propostes!<\/div>\n<div style=\"text-align: center;\">\n<div style=\"margin: 8px 0px 4px;\"><a href=\"https:\/\/www.calameo.com\/books\/00583986631b8ea1e6ef0\" target=\"_blank\" rel=\"noopener noreferrer\">CONCURS PLASTIC FREE<\/a><\/div>\n<p><iframe loading=\"lazy\" src=\"\/\/v.calameo.com\/?bkcode=00583986631b8ea1e6ef0&amp;mode=mini\" width=\"480\" height=\"300\" frameborder=\"0\"><\/iframe><\/p>\n<div style=\"margin: 4px 0px 8px;\"><\/div>\n<\/div>\n<p>&nbsp;<\/p>\n<hr \/>\n<h5>EL NOU CURS 2019-20 COMEN\u00c7A FENT-SE RESS\u00d2 DE LES MANIFESTACIONS ARREU DEL M\u00d3N PER LLUITAR CONTRA EL CANVI CLIM\u00c0TIC<\/h5>\n<div style=\"text-align: justify;\">Avui 27 de Setembre s&#8217;ha convocat una vaga arreu del m\u00f3n en contra el canvi clim\u00e0tic, una protesta que es fa per cridar l&#8217;atenci\u00f3 dels qui promouen aquesta \u201ccat\u00e0strofe\u201d i assenyalen les multinacionals, els governs i les grans empreses com els principals responsables.<\/div>\n<div style=\"text-align: justify;\"><\/div>\n<div style=\"text-align: justify;\">Els alumnes de 6\u00e8 de l&#8217;escola han treballat durant el mat\u00ed els motius d&#8217;aquesta vaga i han investigat sobre qu\u00e8 \u00e9s el canvi clim\u00e0tic, les seves causes i conseq\u00fc\u00e8ncies. Els i les alumnes m\u00e9s grans de l&#8217;escola han decidit\u00a0 manifestar-se a l&#8217;hora del pati, amb cartells i esl\u00f2gans per publicitar la import\u00e0ncia del dia d&#8217;avui a la resta de companys i companyes de l&#8217;escola. A les altres classes, s&#8217;ha dedicat una estona\u00a0 tamb\u00e9 a parlar sobre el perill del canvi clim\u00e0tic.<\/div>\n<div class=\"separator\" style=\"clear: both; text-align: center;\"><a style=\"margin-left: 1em; margin-right: 1em;\" href=\"https:\/\/2.bp.blogspot.com\/-K-d_kpEGW50\/XY4-p1kFfFI\/AAAAAAAAAzY\/32_sgeu2Qtss-DtbuxHOrg7O94I7oQvrACLcBGAsYHQ\/s1600\/a24cd331-6052-4924-8c20-3b42281e371d.JPG\"><img loading=\"lazy\" decoding=\"async\" src=\"https:\/\/2.bp.blogspot.com\/-K-d_kpEGW50\/XY4-p1kFfFI\/AAAAAAAAAzY\/32_sgeu2Qtss-DtbuxHOrg7O94I7oQvrACLcBGAsYHQ\/s320\/a24cd331-6052-4924-8c20-3b42281e371d.JPG\" width=\"320\" height=\"180\" border=\"0\" data-original-height=\"900\" data-original-width=\"1600\" \/><\/a><\/div>\n<div class=\"separator\" style=\"clear: both; text-align: center;\"><a style=\"margin-left: 1em; margin-right: 1em;\" href=\"https:\/\/4.bp.blogspot.com\/-dwXERgFmTC8\/XY4-qNGkYkI\/AAAAAAAAAzg\/7OPe8JGTwLIR4g0TEbO_JqoTyqjpBRGZwCLcBGAsYHQ\/s1600\/IMG_4940.jpg\"><img loading=\"lazy\" decoding=\"async\" src=\"https:\/\/4.bp.blogspot.com\/-dwXERgFmTC8\/XY4-qNGkYkI\/AAAAAAAAAzg\/7OPe8JGTwLIR4g0TEbO_JqoTyqjpBRGZwCLcBGAsYHQ\/s320\/IMG_4940.jpg\" width=\"320\" height=\"240\" border=\"0\" data-original-height=\"1200\" data-original-width=\"1600\" \/><\/a><\/div>\n<div class=\"separator\" style=\"clear: both; text-align: center;\"><a style=\"margin-left: 1em; margin-right: 1em;\" href=\"https:\/\/1.bp.blogspot.com\/-0J2xIYmkSRQ\/XY4-p4I5KCI\/AAAAAAAAAzc\/GqBAC3J-TJcyfOMj0cwzHKDNOTRFKz8KQCLcBGAsYHQ\/s1600\/IMG_4944.jpg\"><img loading=\"lazy\" decoding=\"async\" src=\"https:\/\/1.bp.blogspot.com\/-0J2xIYmkSRQ\/XY4-p4I5KCI\/AAAAAAAAAzc\/GqBAC3J-TJcyfOMj0cwzHKDNOTRFKz8KQCLcBGAsYHQ\/s320\/IMG_4944.jpg\" width=\"320\" height=\"240\" border=\"0\" data-original-height=\"1200\" data-original-width=\"1600\" \/><\/a><\/div>\n<p>&nbsp;<\/p>\n<hr \/>\n<h5>ARRIBA A L&#8217;ESCOLA EL MONSTRE DE PAPER (gener de 2019)<\/h5>\n<div style=\"text-align: justify;\">L&#8217;Escola 25 de Setembre ha participat com cada any de la iniciativa &#8220;Monstre de Paper&#8221; que, des de l&#8217;ajuntament de Rub\u00ed, vol conscienciar a nens i grans de la despesa de paper que suposen els embolcalls de regals.<\/div>\n<div style=\"text-align: justify;\">Sota el lema &#8220;No t&#8217;emboliquis!&#8221; i partint<a href=\"https:\/\/www.rubi.cat\/fitxers\/documents-ok\/area-de-serveis-territorials\/el-monstre-de-paper\/view\"> d&#8217;un c\u00f2mic<\/a> sobre uns bessons que han de pensar un pla per eliminar el paper de regal, els nens i nenes de l&#8217;escola han apr\u00e8s que hi ha maneres divertides i sostenibles d&#8217;embolicar els obsequis, com per exemple, retalls de roba o paper reciclat decorat.<\/div>\n<div style=\"text-align: justify;\">Els nens i nenes de l&#8217;escola han anat baixant per grups al hall del nostre centre i han creat entre tots un monstre de paper que ens ajudar\u00e0 a recordar la import\u00e0ncia de redu\u00efr el consum de paper.<\/div>\n<div style=\"text-align: justify;\">\n<div class=\"separator\" style=\"clear: both; text-align: center;\"><a style=\"margin-left: 1em; margin-right: 1em;\" href=\"https:\/\/1.bp.blogspot.com\/-p9nR3hh8wIo\/XDjc0aMlFNI\/AAAAAAAAAPw\/mo6p7bkfsFMmJM0cDYJ9YMbokQPtsH5NgCLcBGAs\/s1600\/DSC_1049.JPG\"><img loading=\"lazy\" decoding=\"async\" src=\"https:\/\/1.bp.blogspot.com\/-p9nR3hh8wIo\/XDjc0aMlFNI\/AAAAAAAAAPw\/mo6p7bkfsFMmJM0cDYJ9YMbokQPtsH5NgCLcBGAs\/s320\/DSC_1049.JPG\" width=\"180\" height=\"320\" border=\"0\" data-original-height=\"1600\" data-original-width=\"900\" \/><\/a><\/div>\n<p>&nbsp;<\/p>\n<div class=\"separator\" style=\"clear: both; text-align: center;\"><a style=\"margin-left: 1em; margin-right: 1em;\" href=\"https:\/\/2.bp.blogspot.com\/-NxEtoO9HPhI\/XDjc0XVBFaI\/AAAAAAAAAPs\/6krh1cDxLwIcFDOj5dCUcr5m71TD_L4QwCLcBGAs\/s1600\/20181220_151329.jpg\"><img loading=\"lazy\" decoding=\"async\" src=\"https:\/\/2.bp.blogspot.com\/-NxEtoO9HPhI\/XDjc0XVBFaI\/AAAAAAAAAPs\/6krh1cDxLwIcFDOj5dCUcr5m71TD_L4QwCLcBGAs\/s320\/20181220_151329.jpg\" width=\"320\" height=\"180\" border=\"0\" data-original-height=\"900\" data-original-width=\"1600\" \/><\/a><\/div>\n<div class=\"separator\" style=\"clear: both; text-align: left;\"><\/div>\n<h3 class=\"post-title entry-title\" style=\"-webkit-text-stroke-width: 0px; background-color: white; color: #494949; font: bold 20px Arial, Tahoma, Helvetica, FreeSans, sans-serif; letter-spacing: normal; margin: 0px; orphans: 2; position: relative; text-align: start; text-decoration-color: initial; text-decoration-style: initial; text-indent: 0px; text-transform: none; white-space: normal; widows: 2; word-spacing: 0px;\"><\/h3>\n<hr \/>\n<h3 class=\"post-title entry-title\" style=\"-webkit-text-stroke-width: 0px; background-color: white; color: #494949; font: bold 20px Arial, Tahoma, Helvetica, FreeSans, sans-serif; letter-spacing: normal; margin: 0px; orphans: 2; position: relative; text-align: start; text-decoration-color: initial; text-decoration-style: initial; text-indent: 0px; text-transform: none; white-space: normal; widows: 2; word-spacing: 0px;\">PROJECTE 50\/50\u00a0 24 d&#8217;octubre de 2017<\/h3>\n<div id=\"post-body-662903369913519539\" class=\"post-body entry-content\" style=\"-webkit-text-stroke-width: 0px; background-color: white; color: #494949; font-family: Georgia, Utopia, 'Palatino Linotype', Palatino, serif; font-size: 19.8px; font-style: normal; font-variant-caps: normal; font-variant-ligatures: normal; font-weight: 400; letter-spacing: normal; line-height: 1.4; orphans: 2; position: relative; text-align: start; text-decoration-color: initial; text-decoration-style: initial; text-indent: 0px; text-transform: none; white-space: normal; widows: 2; width: 468px; word-spacing: 0px;\">\n<h2 style=\"color: #8c8c8c; font: bold 13px Arial, Tahoma, Helvetica, FreeSans, sans-serif; margin: 0.5em 0px; position: relative; text-transform: uppercase; text-align: left;\">EL 2 D&#8217;OCTUBRE, L&#8217;ESCOLA VA PARTICIPAR EN UNA JORNADA D&#8217;INTERCANVI A VALENCIA PER DONAR A CON\u00c8IXER EL PROJECTE 50\/50.<\/h2>\n<div><\/div>\n<div class=\"separator\" style=\"clear: both; text-align: center;\"><a style=\"color: #6bcdcd; margin-left: 1em; margin-right: 1em; text-decoration: none;\" href=\"https:\/\/1.bp.blogspot.com\/-9qG91bxvBxU\/We7tDVqKlrI\/AAAAAAAAAvU\/0KkjGV--xmknrRBMvHUEDxqbnfCKk_iogCLcBGAs\/s1600\/IMG_9857.JPG\"><img loading=\"lazy\" decoding=\"async\" style=\"border: none; position: relative;\" src=\"https:\/\/1.bp.blogspot.com\/-9qG91bxvBxU\/We7tDVqKlrI\/AAAAAAAAAvU\/0KkjGV--xmknrRBMvHUEDxqbnfCKk_iogCLcBGAs\/s320\/IMG_9857.JPG\" width=\"320\" height=\"240\" border=\"0\" data-original-height=\"768\" data-original-width=\"1024\" \/><\/a><\/div>\n<p>&nbsp;<\/p>\n<div class=\"separator\" style=\"clear: both; text-align: center;\"><a style=\"color: #6bcdcd; margin-left: 1em; margin-right: 1em; text-decoration: none;\" href=\"https:\/\/4.bp.blogspot.com\/-7AqdbxgwPbc\/We7tDRmrKYI\/AAAAAAAAAvY\/shoNlS3I9jQtayAH6IFJpk6O3hTvJSodwCLcBGAs\/s1600\/IMG_9865.JPG\"><img loading=\"lazy\" decoding=\"async\" style=\"border: none; position: relative;\" src=\"https:\/\/4.bp.blogspot.com\/-7AqdbxgwPbc\/We7tDRmrKYI\/AAAAAAAAAvY\/shoNlS3I9jQtayAH6IFJpk6O3hTvJSodwCLcBGAs\/s320\/IMG_9865.JPG\" width=\"240\" height=\"320\" border=\"0\" data-original-height=\"1024\" data-original-width=\"768\" \/><\/a><\/div>\n<\/div>\n<p>&nbsp;<\/p>\n<hr \/>\n<h3 class=\"post-title entry-title\">XOCOLATADA SOLAR\u00a0 29 DE MAR\u00c7 DE 2017<\/h3>\n<div class=\"post-header\"><\/div>\n<div style=\"text-align: center;\">VAM REBRE UN PREMI D&#8217;ESCOLES VERDES PER A TOTA L&#8217;ESCOLA:<\/div>\n<h2 style=\"text-align: center;\">UNA XOCOLATADA SOLAR<\/h2>\n<div class=\"separator\" style=\"clear: both; text-align: center;\"><a style=\"margin-left: 1em; margin-right: 1em;\" href=\"https:\/\/1.bp.blogspot.com\/-PCLN0lE98bU\/WNvKIQDbO8I\/AAAAAAAAAuI\/TgIrsupvEqESLlOvDqsfyDLwiOfAIELfACLcB\/s1600\/DSC04435.JPG\"><img loading=\"lazy\" decoding=\"async\" src=\"https:\/\/1.bp.blogspot.com\/-PCLN0lE98bU\/WNvKIQDbO8I\/AAAAAAAAAuI\/TgIrsupvEqESLlOvDqsfyDLwiOfAIELfACLcB\/s320\/DSC04435.JPG\" width=\"320\" height=\"240\" border=\"0\" \/><\/a><\/div>\n<p>&nbsp;<\/p>\n<div class=\"separator\" style=\"clear: both; text-align: center;\"><a style=\"margin-left: 1em; margin-right: 1em;\" href=\"https:\/\/1.bp.blogspot.com\/-gSZJkJhLsgc\/WNvKIdBvOmI\/AAAAAAAAAuE\/unbBhvYschYRP_PtQBZQhSOUCOgnHt6cgCLcB\/s1600\/DSC04450.JPG\"><img loading=\"lazy\" decoding=\"async\" src=\"https:\/\/1.bp.blogspot.com\/-gSZJkJhLsgc\/WNvKIdBvOmI\/AAAAAAAAAuE\/unbBhvYschYRP_PtQBZQhSOUCOgnHt6cgCLcB\/s320\/DSC04450.JPG\" width=\"240\" height=\"320\" border=\"0\" \/><\/a><\/div>\n<p>&nbsp;<\/p>\n<div class=\"separator\" style=\"clear: both; text-align: center;\"><a style=\"margin-left: 1em; margin-right: 1em;\" href=\"https:\/\/2.bp.blogspot.com\/-5eUqm3r77HU\/WNvKIfouYxI\/AAAAAAAAAuM\/6_B22Zr4_rQIPUeCp1QvAfSG3j8jnzHFgCLcB\/s1600\/DSC04451.JPG\"><img loading=\"lazy\" decoding=\"async\" src=\"https:\/\/2.bp.blogspot.com\/-5eUqm3r77HU\/WNvKIfouYxI\/AAAAAAAAAuM\/6_B22Zr4_rQIPUeCp1QvAfSG3j8jnzHFgCLcB\/s320\/DSC04451.JPG\" width=\"320\" height=\"240\" border=\"0\" \/><\/a><\/div>\n<p>&nbsp;<\/p>\n<div class=\"separator\" style=\"clear: both; text-align: center;\"><a style=\"margin-left: 1em; margin-right: 1em;\" href=\"https:\/\/4.bp.blogspot.com\/-fxTdAjcE2DA\/WNvKJVWtsZI\/AAAAAAAAAuQ\/pQeFFZND3AsKUAtWLgBi9bCDKeU9d76qQCLcB\/s1600\/DSC04452.JPG\"><img loading=\"lazy\" decoding=\"async\" src=\"https:\/\/4.bp.blogspot.com\/-fxTdAjcE2DA\/WNvKJVWtsZI\/AAAAAAAAAuQ\/pQeFFZND3AsKUAtWLgBi9bCDKeU9d76qQCLcB\/s320\/DSC04452.JPG\" width=\"320\" height=\"240\" border=\"0\" \/><\/a><\/div>\n<p>&nbsp;<\/p>\n<div class=\"separator\" style=\"clear: both; text-align: center;\"><a style=\"margin-left: 1em; margin-right: 1em;\" href=\"https:\/\/2.bp.blogspot.com\/-ko4vfVAIoI4\/WNvKJRVtJiI\/AAAAAAAAAuU\/Nn_A0c5wVQQNJqUK_RgTVk1DMNog_99OgCLcB\/s1600\/DSC04453.JPG\"><img loading=\"lazy\" decoding=\"async\" src=\"https:\/\/2.bp.blogspot.com\/-ko4vfVAIoI4\/WNvKJRVtJiI\/AAAAAAAAAuU\/Nn_A0c5wVQQNJqUK_RgTVk1DMNog_99OgCLcB\/s320\/DSC04453.JPG\" width=\"320\" height=\"240\" border=\"0\" \/><\/a><\/div>\n<hr \/>\n<h5>CONSELL DEL MEDI 2n TRIMESTRE<\/h5>\n<div style=\"text-align: left;\">El 17 de febrer de 2016 vam realitzar el consell del medi del 2n trimestre.<\/div>\n<div style=\"text-align: center;\"><\/div>\n<div class=\"separator\" style=\"clear: both; text-align: center;\"><a style=\"margin-left: 1em; margin-right: 1em;\" href=\"https:\/\/2.bp.blogspot.com\/-YcDwkFQMdCY\/Vs3W-G0WshI\/AAAAAAAAAqM\/DUnwAO0LLPM\/s1600\/CIMG5325.JPG\"><img loading=\"lazy\" decoding=\"async\" src=\"https:\/\/2.bp.blogspot.com\/-YcDwkFQMdCY\/Vs3W-G0WshI\/AAAAAAAAAqM\/DUnwAO0LLPM\/s320\/CIMG5325.JPG\" width=\"320\" height=\"213\" border=\"0\" \/><\/a><\/div>\n<div style=\"text-align: center;\"><\/div>\n<div style=\"text-align: center;\">Aquest any els nens i nenes de 3r s\u00f3n els encarregats de l&#8217;hort. Ens han explicat que han plantat maduixes, raves, cebes &#8230;i ho hem anat a veure.<\/div>\n<div style=\"text-align: center;\"><\/div>\n<div class=\"separator\" style=\"clear: both; text-align: center;\"><a style=\"margin-left: 1em; margin-right: 1em;\" href=\"https:\/\/4.bp.blogspot.com\/-4kgl7BjlaKg\/Vs3XYXs_NkI\/AAAAAAAAAqQ\/mhTmQTZ5N0o\/s1600\/CIMG5331.JPG\"><img loading=\"lazy\" decoding=\"async\" src=\"https:\/\/4.bp.blogspot.com\/-4kgl7BjlaKg\/Vs3XYXs_NkI\/AAAAAAAAAqQ\/mhTmQTZ5N0o\/s320\/CIMG5331.JPG\" width=\"320\" height=\"213\" border=\"0\" \/><\/a><\/div>\n<p>&nbsp;<\/p>\n<hr \/>\n<h5>LA SOSTENIBILITAT AL 25!<\/h5>\n<p>Aqu\u00ed teniu el <a href=\"https:\/\/drive.google.com\/a\/xtec.cat\/file\/d\/0B7mASKx_7HHwYWt6V09lTjEyOUZuMFBJZzZxc3AzSm5NSEhR\/view?usp=sharing\">material audiviosual <\/a>sobre la sostenibilitat a la nostra escola que van<br \/>\nrealitzar el curs passat els alumnes del SEP.<\/p>\n<hr \/>\n<h2 style=\"clear: both; text-align: center;\"><span style=\"color: #351c75;\">A LA JORNADA DE BRICOLATGE HEM PINTAT I ARREGLAT L&#8217;HORT DE L&#8217;ESCOLA (octubre de 2015)<br \/>\n<\/span><\/h2>\n<div class=\"separator\" style=\"clear: both; text-align: center;\"><a style=\"margin-left: 1em; margin-right: 1em;\" href=\"http:\/\/1.bp.blogspot.com\/-tCjjX9YfabM\/VijBD10jZbI\/AAAAAAAAApc\/mATXm_-jAiM\/s1600\/fenthort.JPG\"><img loading=\"lazy\" decoding=\"async\" src=\"http:\/\/1.bp.blogspot.com\/-tCjjX9YfabM\/VijBD10jZbI\/AAAAAAAAApc\/mATXm_-jAiM\/s320\/fenthort.JPG\" width=\"320\" height=\"240\" border=\"0\" \/><\/a><\/div>\n<div class=\"separator\" style=\"clear: both; text-align: center;\"><\/div>\n<div class=\"separator\" style=\"clear: both; text-align: center;\"><\/div>\n<div class=\"separator\" style=\"clear: both; text-align: center;\"><a style=\"margin-left: 1em; margin-right: 1em;\" href=\"http:\/\/2.bp.blogspot.com\/-Cf6pl558MnQ\/VijBHUp1WHI\/AAAAAAAAApg\/kSFZQSQ5mO8\/s1600\/hort.JPG\"><img loading=\"lazy\" decoding=\"async\" src=\"http:\/\/2.bp.blogspot.com\/-Cf6pl558MnQ\/VijBHUp1WHI\/AAAAAAAAApg\/kSFZQSQ5mO8\/s320\/hort.JPG\" width=\"320\" height=\"240\" border=\"0\" \/><\/a><\/div>\n<p>&nbsp;<\/p>\n<hr \/>\n<h5>III F\u00f2rum XESC del Vall\u00e8s Occidental. Dec\u00e0leg i boomwhackers<\/h5>\n<p><iframe loading=\"lazy\" src=\"https:\/\/www.youtube.com\/embed\/MQmxfi5jCDU\" width=\"480\" height=\"270\" frameborder=\"0\"><\/iframe><\/p>\n<hr \/>\n<h5>PESA I PENSA<\/h5>\n<p>Us deixem un video de l&#8217;Infok sobre el\u00a0 <a href=\"http:\/\/www.super3.cat\/infok\/videos\/5476132\/Menjar-millor-Pesa-i-pensa\" target=\"_blank\" rel=\"noopener noreferrer\">Projecte PESA I PENSA<\/a> que es fa al menjador de la nostra escola<\/p>\n<p>&nbsp;<\/p>\n<hr \/>\n<h5>STOP ALUMINI<\/h5>\n<p><iframe loading=\"lazy\" src=\"https:\/\/www.youtube.com\/embed\/DnrVPxFzt3I\" width=\"480\" height=\"270\" frameborder=\"0\"><\/iframe><\/p>\n<p><b>CONCURS STOP ALUMINI<\/b><\/p>\n<p>Els ecodelegats de totes les classes de l&#8217;escola (de P3 fins a 6\u00e8) hem realitzat un v\u00eddeo per participar en aquesta acci\u00f3 dient NO al paper d&#8217;alumini.<\/p>\n<p>Ens hem presentat a un concurs on, per col\u00b7laborar, nom\u00e9s heu de visualitzar el v\u00eddeo.<\/p>\n<p>Els premis s\u00f3n bock and roll pels nens de l&#8217;escola.<\/p>\n<p>Gr\u00e0cies per ajudar-nos!<\/p>\n<hr \/>\n<h5>PROGRAMA ESCOLES VERDES, 15 ANYS<\/h5>\n<p><iframe loading=\"lazy\" src=\"https:\/\/www.youtube.com\/embed\/gn5lYDpyi1I\" width=\"560\" height=\"315\" frameborder=\"0\"><\/iframe><br \/>\nFIXEU-VOS EN EL MINUT 3:57<\/p>\n<div data-original-attrs=\"{&quot;style&quot;:&quot;&quot;}\">\n<hr \/>\n<\/div>\n<h5 class=\"separator\" data-original-attrs=\"{&quot;style&quot;:&quot;&quot;}\">ENTREGA PREMI ESTALVI ENERG\u00c8TIC (octubre 2014)<a href=\"https:\/\/www.blogger.com\/blog\/post\/edit\/555895493807465521\/4242226992951134886#\" data-original-attrs=\"{&quot;data-original-href&quot;:&quot;http:\/\/3.bp.blogspot.com\/-1g486uAoRBg\/VFIuVJ9aGSI\/AAAAAAAAAUM\/rMldcVpVdwk\/s1600\/2014-10-10%2B18.29.24.jpg&quot;,&quot;style&quot;:&quot;&quot;}\"><br \/>\n<img loading=\"lazy\" decoding=\"async\" class=\"aligncenter\" src=\"http:\/\/3.bp.blogspot.com\/-1g486uAoRBg\/VFIuVJ9aGSI\/AAAAAAAAAUM\/rMldcVpVdwk\/s1600\/2014-10-10%2B18.29.24.jpg\" width=\"240\" height=\"320\" border=\"0\" \/><\/a><\/h5>\n<h5 data-original-attrs=\"{&quot;style&quot;:&quot;&quot;}\"><\/h5>\n<h2 style=\"text-align: center;\" data-original-attrs=\"{&quot;style&quot;:&quot;&quot;}\">ESCOLA ENERG\u00c8TICAMENT SOSTENIBLE<\/h2>\n<hr \/>\n<h5 data-original-attrs=\"{&quot;style&quot;:&quot;&quot;}\">CONSELL EXTRAORDINARI 2014<\/h5>\n<div data-original-attrs=\"{&quot;style&quot;:&quot;&quot;}\"><\/div>\n<div data-original-attrs=\"{&quot;style&quot;:&quot;&quot;}\">\n<div class=\"separator\" data-original-attrs=\"{&quot;style&quot;:&quot;&quot;}\"><a href=\"https:\/\/www.blogger.com\/blog\/post\/edit\/555895493807465521\/3879448293508259064#\" data-original-attrs=\"{&quot;data-original-href&quot;:&quot;http:\/\/4.bp.blogspot.com\/-YiA8JkqH9Q4\/U4c0RFMF3nI\/AAAAAAAAAT0\/pwpOkXNwj44\/s1600\/P1020526.JPG&quot;,&quot;style&quot;:&quot;&quot;}\"><img loading=\"lazy\" decoding=\"async\" class=\"alignright\" src=\"http:\/\/4.bp.blogspot.com\/-YiA8JkqH9Q4\/U4c0RFMF3nI\/AAAAAAAAAT0\/pwpOkXNwj44\/s1600\/P1020526.JPG\" width=\"320\" height=\"240\" border=\"0\" \/><\/a><\/div>\n<div data-original-attrs=\"{&quot;style&quot;:&quot;&quot;}\">AVUI HEM CELEBRAT EL CONSELL EXTRAORDINARI DEL MEDI AMBIENT, ON S&#8217;HA ACORDAT ENTRE TOTS I TOTES TREBALLAR EL CURS VINENT EL SO I EL SOROLL EN LA NOSTRA ESCOLA.<\/div>\n<div data-original-attrs=\"{&quot;style&quot;:&quot;&quot;}\">EN AQUEST CONSELL HEM CONTAT AMB LA PRESENCIA DE LA CAP I LA T\u00c8CNICA DE MEDI AMBIENT DE L&#8217;AJUNTAMENT DE RUB\u00cd.<\/div>\n<\/div>\n<div data-original-attrs=\"{&quot;style&quot;:&quot;&quot;}\">\n<hr \/>\n<\/div>\n<h5 data-original-attrs=\"{&quot;style&quot;:&quot;&quot;}\">ACTUALITZACI\u00d3 DADES DE LES AULES VERDES<\/h5>\n<div data-original-attrs=\"{&quot;style&quot;:&quot;&quot;}\">\n<p><span style=\"font-family: Georgia,'Times New Roman',serif;\" data-keep-original-tag=\"false\" data-original-attrs=\"{&quot;style&quot;:&quot;&quot;}\">L&#8217;equip de 5\u00e8 ja ha comen\u00e7at amb l&#8217;auditoria d&#8217;algunes aules us fem arribar perqu\u00e8 valoreu dins l&#8217;aula la vostra situaci\u00f3. Us felicitem a tots i totes!!!<\/span><\/p>\n<div data-original-attrs=\"{&quot;style&quot;:&quot;&quot;}\"><span style=\"font-family: Georgia,'Times New Roman',serif;\" data-keep-original-tag=\"false\" data-original-attrs=\"{&quot;style&quot;:&quot;&quot;}\"><b>\u00a0EDUCACI\u00d3 INFANTIL<\/b><\/span><\/div>\n<div data-original-attrs=\"{&quot;style&quot;:&quot;&quot;}\"><span style=\"font-family: Georgia,'Times New Roman',serif;\" data-keep-original-tag=\"false\" data-original-attrs=\"{&quot;style&quot;:&quot;&quot;}\">P3 A_________7,5<\/span><\/div>\n<div data-original-attrs=\"{&quot;style&quot;:&quot;&quot;}\"><span style=\"font-family: Georgia,'Times New Roman',serif;\" data-keep-original-tag=\"false\" data-original-attrs=\"{&quot;style&quot;:&quot;&quot;}\">\u00a0<\/span><\/div>\n<div data-original-attrs=\"{&quot;style&quot;:&quot;&quot;}\"><span style=\"font-family: Georgia,'Times New Roman',serif;\" data-keep-original-tag=\"false\" data-original-attrs=\"{&quot;style&quot;:&quot;&quot;}\">P3B _________7,5<\/span><\/div>\n<div data-original-attrs=\"{&quot;style&quot;:&quot;&quot;}\"><span style=\"font-family: Georgia,'Times New Roman',serif;\" data-keep-original-tag=\"false\" data-original-attrs=\"{&quot;style&quot;:&quot;&quot;}\">\u00a0<\/span><\/div>\n<div data-original-attrs=\"{&quot;style&quot;:&quot;&quot;}\"><span style=\"font-family: Georgia,'Times New Roman',serif;\" data-keep-original-tag=\"false\" data-original-attrs=\"{&quot;style&quot;:&quot;&quot;}\">P3 C_________6<\/span><\/div>\n<div data-original-attrs=\"{&quot;style&quot;:&quot;&quot;}\"><span style=\"font-family: Georgia,'Times New Roman',serif;\" data-keep-original-tag=\"false\" data-original-attrs=\"{&quot;style&quot;:&quot;&quot;}\">\u00a0<\/span><\/div>\n<div data-original-attrs=\"{&quot;style&quot;:&quot;&quot;}\"><span style=\"font-family: Georgia,'Times New Roman',serif;\" data-keep-original-tag=\"false\" data-original-attrs=\"{&quot;style&quot;:&quot;&quot;}\">P4 A__________9,5<\/span><\/div>\n<div data-original-attrs=\"{&quot;style&quot;:&quot;&quot;}\"><span style=\"font-family: Georgia,'Times New Roman',serif;\" data-keep-original-tag=\"false\" data-original-attrs=\"{&quot;style&quot;:&quot;&quot;}\">\u00a0<\/span><\/div>\n<div data-original-attrs=\"{&quot;style&quot;:&quot;&quot;}\"><span style=\"font-family: Georgia,'Times New Roman',serif;\" data-keep-original-tag=\"false\" data-original-attrs=\"{&quot;style&quot;:&quot;&quot;}\">P4B__________10<\/span><\/div>\n<div data-original-attrs=\"{&quot;style&quot;:&quot;&quot;}\"><span style=\"font-family: Georgia,'Times New Roman',serif;\" data-keep-original-tag=\"false\" data-original-attrs=\"{&quot;style&quot;:&quot;&quot;}\">\u00a0<\/span><\/div>\n<div data-original-attrs=\"{&quot;style&quot;:&quot;&quot;}\"><span style=\"font-family: Georgia,'Times New Roman',serif;\" data-keep-original-tag=\"false\" data-original-attrs=\"{&quot;style&quot;:&quot;&quot;}\">P4 C_________10<\/span><\/div>\n<div data-original-attrs=\"{&quot;style&quot;:&quot;&quot;}\"><\/div>\n<div data-original-attrs=\"{&quot;style&quot;:&quot;&quot;}\"><span style=\"font-family: Georgia,'Times New Roman',serif;\" data-keep-original-tag=\"false\" data-original-attrs=\"{&quot;style&quot;:&quot;&quot;}\">P5A_________7,5<\/span><\/div>\n<div data-original-attrs=\"{&quot;style&quot;:&quot;&quot;}\"><\/div>\n<div data-original-attrs=\"{&quot;style&quot;:&quot;&quot;}\"><span style=\"font-family: Georgia,'Times New Roman',serif;\" data-keep-original-tag=\"false\" data-original-attrs=\"{&quot;style&quot;:&quot;&quot;}\">P5B__________8<\/span><\/div>\n<div data-original-attrs=\"{&quot;style&quot;:&quot;&quot;}\"><\/div>\n<div data-original-attrs=\"{&quot;style&quot;:&quot;&quot;}\"><span style=\"font-family: Georgia,'Times New Roman',serif;\" data-keep-original-tag=\"false\" data-original-attrs=\"{&quot;style&quot;:&quot;&quot;}\">P5C__________7<\/span><\/div>\n<div data-original-attrs=\"{&quot;style&quot;:&quot;&quot;}\"><span style=\"font-family: Georgia,'Times New Roman',serif;\" data-keep-original-tag=\"false\" data-original-attrs=\"{&quot;style&quot;:&quot;&quot;}\">\u00a0<\/span><\/div>\n<div data-original-attrs=\"{&quot;style&quot;:&quot;&quot;}\"><\/div>\n<div data-original-attrs=\"{&quot;style&quot;:&quot;&quot;}\"><b><span style=\"font-family: Georgia,'Times New Roman',serif;\" data-keep-original-tag=\"false\" data-original-attrs=\"{&quot;style&quot;:&quot;&quot;}\">CICLE INICIAL<\/span><\/b><\/div>\n<div data-original-attrs=\"{&quot;style&quot;:&quot;&quot;}\"><span style=\"font-family: Georgia,'Times New Roman',serif;\" data-keep-original-tag=\"false\" data-original-attrs=\"{&quot;style&quot;:&quot;&quot;}\">\u00a0<\/span><\/div>\n<div data-original-attrs=\"{&quot;style&quot;:&quot;&quot;}\"><span style=\"font-family: Georgia,'Times New Roman',serif;\" data-keep-original-tag=\"false\" data-original-attrs=\"{&quot;style&quot;:&quot;&quot;}\">1r A_______ 4<\/span><\/div>\n<div data-original-attrs=\"{&quot;style&quot;:&quot;&quot;}\"><span style=\"font-family: Georgia,'Times New Roman',serif;\" data-keep-original-tag=\"false\" data-original-attrs=\"{&quot;style&quot;:&quot;&quot;}\">\u00a0<\/span><\/div>\n<div data-original-attrs=\"{&quot;style&quot;:&quot;&quot;}\"><span style=\"font-family: Georgia,'Times New Roman',serif;\" data-keep-original-tag=\"false\" data-original-attrs=\"{&quot;style&quot;:&quot;&quot;}\">1r B________ 9<\/span><\/div>\n<div data-original-attrs=\"{&quot;style&quot;:&quot;&quot;}\"><span style=\"font-family: Georgia,'Times New Roman',serif;\" data-keep-original-tag=\"false\" data-original-attrs=\"{&quot;style&quot;:&quot;&quot;}\">\u00a0<\/span><\/div>\n<div data-original-attrs=\"{&quot;style&quot;:&quot;&quot;}\"><span style=\"font-family: Georgia,'Times New Roman',serif;\" data-keep-original-tag=\"false\" data-original-attrs=\"{&quot;style&quot;:&quot;&quot;}\">1r C_________ 10<\/span><\/div>\n<div data-original-attrs=\"{&quot;style&quot;:&quot;&quot;}\"><span style=\"font-family: Georgia,'Times New Roman',serif;\" data-keep-original-tag=\"false\" data-original-attrs=\"{&quot;style&quot;:&quot;&quot;}\">\u00a0<\/span><\/div>\n<div data-original-attrs=\"{&quot;style&quot;:&quot;&quot;}\"><span style=\"font-family: Georgia,'Times New Roman',serif;\" data-keep-original-tag=\"false\" data-original-attrs=\"{&quot;style&quot;:&quot;&quot;}\">2n A_________ 10<\/span><\/div>\n<div data-original-attrs=\"{&quot;style&quot;:&quot;&quot;}\"><span style=\"font-family: Georgia,'Times New Roman',serif;\" data-keep-original-tag=\"false\" data-original-attrs=\"{&quot;style&quot;:&quot;&quot;}\">\u00a0<\/span><\/div>\n<div data-original-attrs=\"{&quot;style&quot;:&quot;&quot;}\"><span style=\"font-family: Georgia,'Times New Roman',serif;\" data-keep-original-tag=\"false\" data-original-attrs=\"{&quot;style&quot;:&quot;&quot;}\">2n B_________ 8,5<\/span><\/div>\n<div data-original-attrs=\"{&quot;style&quot;:&quot;&quot;}\"><span style=\"font-family: Georgia,'Times New Roman',serif;\" data-keep-original-tag=\"false\" data-original-attrs=\"{&quot;style&quot;:&quot;&quot;}\">\u00a0<\/span><\/div>\n<div data-original-attrs=\"{&quot;style&quot;:&quot;&quot;}\"><span style=\"font-family: Georgia,'Times New Roman',serif;\" data-keep-original-tag=\"false\" data-original-attrs=\"{&quot;style&quot;:&quot;&quot;}\">2n C_________ 10<\/span><\/div>\n<div data-original-attrs=\"{&quot;style&quot;:&quot;&quot;}\"><span style=\"font-family: Georgia,'Times New Roman',serif;\" data-keep-original-tag=\"false\" data-original-attrs=\"{&quot;style&quot;:&quot;&quot;}\">\u00a0<\/span><\/div>\n<div data-original-attrs=\"{&quot;style&quot;:&quot;&quot;}\"><span style=\"font-family: Georgia,'Times New Roman',serif;\" data-keep-original-tag=\"false\" data-original-attrs=\"{&quot;style&quot;:&quot;&quot;}\">\u00a0<\/span><\/div>\n<div data-original-attrs=\"{&quot;style&quot;:&quot;&quot;}\"><b><span style=\"font-family: Georgia,'Times New Roman',serif;\" data-keep-original-tag=\"false\" data-original-attrs=\"{&quot;style&quot;:&quot;&quot;}\">CICLE MITJ\u00c0 \/ SUPERIOR<\/span><\/b><\/div>\n<div data-original-attrs=\"{&quot;style&quot;:&quot;&quot;}\"><span style=\"font-family: Georgia,'Times New Roman',serif;\" data-keep-original-tag=\"false\" data-original-attrs=\"{&quot;style&quot;:&quot;&quot;}\">\u00a0<\/span><\/div>\n<div data-original-attrs=\"{&quot;style&quot;:&quot;&quot;}\"><span style=\"font-family: Georgia,'Times New Roman',serif;\" data-keep-original-tag=\"false\" data-original-attrs=\"{&quot;style&quot;:&quot;&quot;}\">3r A___________ 8<\/span><\/div>\n<div data-original-attrs=\"{&quot;style&quot;:&quot;&quot;}\"><span style=\"font-family: Georgia,'Times New Roman',serif;\" data-keep-original-tag=\"false\" data-original-attrs=\"{&quot;style&quot;:&quot;&quot;}\">\u00a0<\/span><\/div>\n<div data-original-attrs=\"{&quot;style&quot;:&quot;&quot;}\"><span style=\"font-family: Georgia,'Times New Roman',serif;\" data-keep-original-tag=\"false\" data-original-attrs=\"{&quot;style&quot;:&quot;&quot;}\">3r B___________ 5,5<\/span><\/div>\n<div data-original-attrs=\"{&quot;style&quot;:&quot;&quot;}\"><span style=\"font-family: Georgia,'Times New Roman',serif;\" data-keep-original-tag=\"false\" data-original-attrs=\"{&quot;style&quot;:&quot;&quot;}\">\u00a0<\/span><\/div>\n<div data-original-attrs=\"{&quot;style&quot;:&quot;&quot;}\"><span style=\"font-family: Georgia,'Times New Roman',serif;\" data-keep-original-tag=\"false\" data-original-attrs=\"{&quot;style&quot;:&quot;&quot;}\">3r C____________ 7<\/span><\/div>\n<div data-original-attrs=\"{&quot;style&quot;:&quot;&quot;}\"><span style=\"font-family: Georgia,'Times New Roman',serif;\" data-keep-original-tag=\"false\" data-original-attrs=\"{&quot;style&quot;:&quot;&quot;}\">\u00a0<\/span><\/div>\n<div data-original-attrs=\"{&quot;style&quot;:&quot;&quot;}\"><span style=\"font-family: Georgia,'Times New Roman',serif;\" data-keep-original-tag=\"false\" data-original-attrs=\"{&quot;style&quot;:&quot;&quot;}\">3r D____________ 6<\/span><\/div>\n<div data-original-attrs=\"{&quot;style&quot;:&quot;&quot;}\"><span style=\"font-family: Georgia,'Times New Roman',serif;\" data-keep-original-tag=\"false\" data-original-attrs=\"{&quot;style&quot;:&quot;&quot;}\">\u00a0<\/span><\/div>\n<div data-original-attrs=\"{&quot;style&quot;:&quot;&quot;}\"><span style=\"font-family: Georgia,'Times New Roman',serif;\" data-keep-original-tag=\"false\" data-original-attrs=\"{&quot;style&quot;:&quot;&quot;}\">4rt A____________ 4,5<\/span><\/div>\n<div data-original-attrs=\"{&quot;style&quot;:&quot;&quot;}\"><span style=\"font-family: Georgia,'Times New Roman',serif;\" data-keep-original-tag=\"false\" data-original-attrs=\"{&quot;style&quot;:&quot;&quot;}\">\u00a0<\/span><\/div>\n<div data-original-attrs=\"{&quot;style&quot;:&quot;&quot;}\"><span style=\"font-family: Georgia,'Times New Roman',serif;\" data-keep-original-tag=\"false\" data-original-attrs=\"{&quot;style&quot;:&quot;&quot;}\">4rt B____________ 4,5<\/span><\/div>\n<div data-original-attrs=\"{&quot;style&quot;:&quot;&quot;}\"><span style=\"font-family: Georgia,'Times New Roman',serif;\" data-keep-original-tag=\"false\" data-original-attrs=\"{&quot;style&quot;:&quot;&quot;}\">\u00a0<\/span><\/div>\n<div data-original-attrs=\"{&quot;style&quot;:&quot;&quot;}\"><span style=\"font-family: Georgia,'Times New Roman',serif;\" data-keep-original-tag=\"false\" data-original-attrs=\"{&quot;style&quot;:&quot;&quot;}\">5\u00e8 A____________ 5,5<\/span><\/div>\n<div data-original-attrs=\"{&quot;style&quot;:&quot;&quot;}\"><span style=\"font-family: Georgia,'Times New Roman',serif;\" data-keep-original-tag=\"false\" data-original-attrs=\"{&quot;style&quot;:&quot;&quot;}\">\u00a0<\/span><\/div>\n<div data-original-attrs=\"{&quot;style&quot;:&quot;&quot;}\"><span style=\"font-family: Georgia,'Times New Roman',serif;\" data-keep-original-tag=\"false\" data-original-attrs=\"{&quot;style&quot;:&quot;&quot;}\">5\u00e8 B____________ 7<\/span><br \/>\n<span style=\"font-family: Georgia,'Times New Roman',serif;\" data-keep-original-tag=\"false\" data-original-attrs=\"{&quot;style&quot;:&quot;&quot;}\"><br \/>\n<\/span><\/div>\n<div data-original-attrs=\"{&quot;style&quot;:&quot;&quot;}\"><\/div>\n<div data-original-attrs=\"{&quot;style&quot;:&quot;&quot;}\"><span style=\"font-family: Georgia,'Times New Roman',serif;\" data-keep-original-tag=\"false\" data-original-attrs=\"{&quot;style&quot;:&quot;&quot;}\">5\u00e8 C____________ 7<\/span><\/div>\n<div data-original-attrs=\"{&quot;style&quot;:&quot;&quot;}\"><span style=\"font-family: Georgia,'Times New Roman',serif;\" data-keep-original-tag=\"false\" data-original-attrs=\"{&quot;style&quot;:&quot;&quot;}\">\u00a0<\/span><\/div>\n<div data-original-attrs=\"{&quot;style&quot;:&quot;&quot;}\"><span style=\"font-family: Georgia,'Times New Roman',serif;\" data-keep-original-tag=\"false\" data-original-attrs=\"{&quot;style&quot;:&quot;&quot;}\">6\u00e8 A____________6<\/span><\/div>\n<div data-original-attrs=\"{&quot;style&quot;:&quot;&quot;}\"><span style=\"font-family: Georgia,'Times New Roman',serif;\" data-keep-original-tag=\"false\" data-original-attrs=\"{&quot;style&quot;:&quot;&quot;}\">\u00a0<\/span><\/div>\n<div data-original-attrs=\"{&quot;style&quot;:&quot;&quot;}\"><span style=\"font-family: Georgia,'Times New Roman',serif;\" data-keep-original-tag=\"false\" data-original-attrs=\"{&quot;style&quot;:&quot;&quot;}\">6\u00e8 B____________7<\/span><br \/>\n<span style=\"font-family: Georgia,'Times New Roman',serif;\" data-keep-original-tag=\"false\" data-original-attrs=\"{&quot;style&quot;:&quot;&quot;}\"><br \/>\n<\/span><span style=\"font-family: Georgia,'Times New Roman',serif;\" data-keep-original-tag=\"false\" data-original-attrs=\"{&quot;style&quot;:&quot;&quot;}\"><br \/>\n<\/span><\/div>\n<\/div>\n<div class=\"separator\" data-original-attrs=\"{&quot;style&quot;:&quot;&quot;}\"><a href=\"https:\/\/www.blogger.com\/blog\/post\/edit\/555895493807465521\/6179775466284320725#\" data-original-attrs=\"{&quot;data-original-href&quot;:&quot;http:\/\/4.bp.blogspot.com\/-iJLNB6tjJFg\/UysTv7J3UZI\/AAAAAAAAAS0\/eGZtDhQChPg\/s1600\/921a71a2e836b44dec8f258db5e20b7b.jpg&quot;,&quot;style&quot;:&quot;&quot;}\"><img loading=\"lazy\" decoding=\"async\" src=\"http:\/\/4.bp.blogspot.com\/-iJLNB6tjJFg\/UysTv7J3UZI\/AAAAAAAAAS0\/eGZtDhQChPg\/s1600\/921a71a2e836b44dec8f258db5e20b7b.jpg\" width=\"320\" height=\"240\" border=\"0\" \/><\/a><\/div>\n<p><span style=\"font-family: Georgia,'Times New Roman',serif;\" data-keep-original-tag=\"false\" data-original-attrs=\"{&quot;style&quot;:&quot;&quot;}\"><br \/>\n<\/span><span style=\"font-family: Georgia,'Times New Roman',serif;\" data-keep-original-tag=\"false\" data-original-attrs=\"{&quot;style&quot;:&quot;&quot;}\"><br \/>\n<\/span><\/p>\n<div data-original-attrs=\"{&quot;style&quot;:&quot;&quot;}\"><span style=\"font-family: Georgia,'Times New Roman',serif;\" data-keep-original-tag=\"false\" data-original-attrs=\"{&quot;style&quot;:&quot;&quot;}\">\u00a0<\/span><\/div>\n<div data-original-attrs=\"{&quot;style&quot;:&quot;&quot;}\">\n<hr \/>\n<\/div>\n<div data-original-attrs=\"{&quot;style&quot;:&quot;&quot;}\">\n<h5 data-original-attrs=\"{&quot;style&quot;:&quot;&quot;}\">\u00a0PLANTADA D&#8217;ARBRES AL TORRENT DELS ALOUS (febrer de 2014)<\/h5>\n<div data-original-attrs=\"{&quot;style&quot;:&quot;&quot;}\">\n<div data-original-attrs=\"{&quot;style&quot;:&quot;&quot;}\">Juntament amb els t\u00e8cnics de parcs i jardins de l&#8217;Ajuntament de Rub\u00ed hem realitzat una plantada d&#8217;arbres al Torrent dels Alous, terreny apadrinat per la nostra escola.<\/div>\n<div data-original-attrs=\"{&quot;style&quot;:&quot;&quot;}\">Han participat els ecodelegats dels cursos des de p5 fins a 3r.<\/div>\n<div data-original-attrs=\"{&quot;style&quot;:&quot;&quot;}\"><\/div>\n<div data-original-attrs=\"{&quot;style&quot;:&quot;&quot;}\"><a href=\"https:\/\/www.blogger.com\/blog\/post\/edit\/555895493807465521\/8750598870779762915#\" data-original-attrs=\"{&quot;data-original-href&quot;:&quot;http:\/\/4.bp.blogspot.com\/-Das9ovlREmY\/Uw8wZlb6rgI\/AAAAAAAAARw\/mNMcQ6_X_XA\/s1600\/image+(1).jpeg&quot;,&quot;style&quot;:&quot;&quot;}\"><img loading=\"lazy\" decoding=\"async\" src=\"http:\/\/4.bp.blogspot.com\/-Das9ovlREmY\/Uw8wZlb6rgI\/AAAAAAAAARw\/mNMcQ6_X_XA\/s1600\/image+(1).jpeg\" width=\"320\" height=\"240\" border=\"0\" \/><\/a><\/div>\n<div class=\"separator\" data-original-attrs=\"{&quot;style&quot;:&quot;&quot;}\"><a href=\"https:\/\/www.blogger.com\/blog\/post\/edit\/555895493807465521\/8750598870779762915#\" data-original-attrs=\"{&quot;data-original-href&quot;:&quot;http:\/\/2.bp.blogspot.com\/-2TuyJgSinhg\/Uw8wZsEAQtI\/AAAAAAAAAR4\/zwtZ8syTxqw\/s1600\/image+(2).jpeg&quot;,&quot;style&quot;:&quot;&quot;}\"><img loading=\"lazy\" decoding=\"async\" src=\"http:\/\/2.bp.blogspot.com\/-2TuyJgSinhg\/Uw8wZsEAQtI\/AAAAAAAAAR4\/zwtZ8syTxqw\/s1600\/image+(2).jpeg\" width=\"320\" height=\"240\" border=\"0\" \/><\/a><\/div>\n<div class=\"separator\" data-original-attrs=\"{&quot;style&quot;:&quot;&quot;}\"><a href=\"https:\/\/www.blogger.com\/blog\/post\/edit\/555895493807465521\/8750598870779762915#\" data-original-attrs=\"{&quot;data-original-href&quot;:&quot;http:\/\/2.bp.blogspot.com\/-W0WqusaMtaQ\/Uw8wZjACi7I\/AAAAAAAAAR0\/BOOlkedK2Dw\/s1600\/image+(4).jpeg&quot;,&quot;style&quot;:&quot;&quot;}\"><img loading=\"lazy\" decoding=\"async\" src=\"http:\/\/2.bp.blogspot.com\/-W0WqusaMtaQ\/Uw8wZjACi7I\/AAAAAAAAAR0\/BOOlkedK2Dw\/s1600\/image+(4).jpeg\" width=\"320\" height=\"240\" border=\"0\" \/><\/a><\/div>\n<div class=\"separator\" data-original-attrs=\"{&quot;style&quot;:&quot;&quot;}\"><a href=\"https:\/\/www.blogger.com\/blog\/post\/edit\/555895493807465521\/8750598870779762915#\" data-original-attrs=\"{&quot;data-original-href&quot;:&quot;http:\/\/4.bp.blogspot.com\/-vQaySqk3t1o\/Uw8waXgQj0I\/AAAAAAAAASI\/6sXPfhNwX1E\/s1600\/image.jpeg&quot;,&quot;style&quot;:&quot;&quot;}\"><img loading=\"lazy\" decoding=\"async\" src=\"http:\/\/4.bp.blogspot.com\/-vQaySqk3t1o\/Uw8waXgQj0I\/AAAAAAAAASI\/6sXPfhNwX1E\/s1600\/image.jpeg\" width=\"320\" height=\"240\" border=\"0\" \/><\/a><\/div>\n<div data-original-attrs=\"{&quot;style&quot;:&quot;&quot;}\"><\/div>\n<\/div>\n<div data-original-attrs=\"{&quot;style&quot;:&quot;&quot;}\"><\/div>\n<hr \/>\n<h5 data-original-attrs=\"{&quot;style&quot;:&quot;&quot;}\">2n CONSEL DEL MEDI AMBIENT 2014<\/h5>\n<div data-original-attrs=\"{&quot;style&quot;:&quot;&quot;}\"><\/div>\n<div data-original-attrs=\"{&quot;style&quot;:&quot;&quot;}\">\n<div class=\"separator\" data-original-attrs=\"{&quot;style&quot;:&quot;&quot;}\">EL PASSAT 13 DE FEBRER VAM FER EL 2n CONSELL DE MEDI AMBIENT.<\/div>\n<div class=\"separator\" data-original-attrs=\"{&quot;style&quot;:&quot;&quot;}\">PARTICIPEN 2 ECODELEGATS PER AULA DES DE P5 FINS A 6\u00e9.<\/div>\n<div class=\"separator\" data-original-attrs=\"{&quot;style&quot;:&quot;&quot;}\"><\/div>\n<div class=\"separator\" data-original-attrs=\"{&quot;style&quot;:&quot;&quot;}\"><\/div>\n<div class=\"separator\" data-original-attrs=\"{&quot;style&quot;:&quot;&quot;}\">ELS TEMES QUE ES VAN TRACTAR A L&#8217;AULA I VAM ACORDAR AL CONSELL PER TREBALLAR ENTRE TOTS VAN SER:<\/div>\n<div class=\"separator\" data-original-attrs=\"{&quot;style&quot;:&quot;&quot;}\"><\/div>\n<div class=\"separator\" data-original-attrs=\"{&quot;style&quot;:&quot;&quot;}\">&#8211; REVISAR EL DEC\u00c0LEG D&#8217;ESCOLES VERDES I NOVES PROPOSTES<\/div>\n<div class=\"separator\" data-original-attrs=\"{&quot;style&quot;:&quot;&quot;}\">&#8211; SO I SOROLL<\/div>\n<div class=\"separator\" data-original-attrs=\"{&quot;style&quot;:&quot;&quot;}\">&#8211; AULA 25. REVISI\u00d3 PUNTUACI\u00d3 I REFLEXI\u00d3.<\/div>\n<div class=\"separator\" data-original-attrs=\"{&quot;style&quot;:&quot;&quot;}\"><\/div>\n<div class=\"separator\" data-original-attrs=\"{&quot;style&quot;:&quot;&quot;}\"><a href=\"https:\/\/www.blogger.com\/blog\/post\/edit\/555895493807465521\/7167560668325411699#\" data-original-attrs=\"{&quot;data-original-href&quot;:&quot;http:\/\/4.bp.blogspot.com\/-TYsJiQluu1g\/Uw8naJCKlXI\/AAAAAAAAARE\/aw5UrPQWM3o\/s1600\/HPIM4711.JPG&quot;,&quot;style&quot;:&quot;&quot;}\"><img loading=\"lazy\" decoding=\"async\" src=\"http:\/\/4.bp.blogspot.com\/-TYsJiQluu1g\/Uw8naJCKlXI\/AAAAAAAAARE\/aw5UrPQWM3o\/s1600\/HPIM4711.JPG\" width=\"320\" height=\"240\" border=\"0\" \/><\/a><\/div>\n<div class=\"separator\" data-original-attrs=\"{&quot;style&quot;:&quot;&quot;}\"><\/div>\n<div class=\"separator\" data-original-attrs=\"{&quot;style&quot;:&quot;&quot;}\"><a href=\"https:\/\/www.blogger.com\/blog\/post\/edit\/555895493807465521\/7167560668325411699#\" data-original-attrs=\"{&quot;data-original-href&quot;:&quot;http:\/\/3.bp.blogspot.com\/-1kG2e_OvaEw\/Uw8njqwu_iI\/AAAAAAAAARM\/mLpJiCwEymY\/s1600\/HPIM4707.JPG&quot;,&quot;style&quot;:&quot;&quot;}\"><img loading=\"lazy\" decoding=\"async\" src=\"http:\/\/3.bp.blogspot.com\/-1kG2e_OvaEw\/Uw8njqwu_iI\/AAAAAAAAARM\/mLpJiCwEymY\/s1600\/HPIM4707.JPG\" width=\"320\" height=\"240\" border=\"0\" \/><\/a><\/div>\n<div class=\"separator\" data-original-attrs=\"{&quot;style&quot;:&quot;&quot;}\"><\/div>\n<\/div>\n<hr \/>\n<h5 data-original-attrs=\"{&quot;style&quot;:&quot;&quot;}\">VISITA B\u00daLGARA AL 25<\/h5>\n<div class=\"separator\" data-original-attrs=\"{&quot;style&quot;:&quot;&quot;}\"><a href=\"https:\/\/www.blogger.com\/blog\/post\/edit\/555895493807465521\/9122109098563898807#\" data-original-attrs=\"{&quot;data-original-href&quot;:&quot;http:\/\/3.bp.blogspot.com\/-f-8JCvRYOS4\/UwTCEXU_lMI\/AAAAAAAAAQ0\/1f81dTWOjcA\/s1600\/HPIM4803.JPG&quot;,&quot;style&quot;:&quot;&quot;}\"><img loading=\"lazy\" decoding=\"async\" class=\"alignright\" src=\"http:\/\/3.bp.blogspot.com\/-f-8JCvRYOS4\/UwTCEXU_lMI\/AAAAAAAAAQ0\/1f81dTWOjcA\/s1600\/HPIM4803.JPG\" width=\"320\" height=\"240\" border=\"0\" \/><\/a><\/div>\n<div class=\"separator\" data-original-attrs=\"{&quot;style&quot;:&quot;&quot;}\"><\/div>\n<div class=\"separator\" data-original-attrs=\"{&quot;style&quot;:&quot;&quot;}\">AQUEST MAT\u00cd ENS HA VISITAT UNA DELEGACI\u00d3 DE L&#8217;AJUNTAMENT D&#8217;UN MUNICIPI BULGAR PER INSTAURAR\u00c0 EL PROJECTE RUB\u00cd BRILLA \u00a0I<\/div>\n<div class=\"separator\" data-original-attrs=\"{&quot;style&quot;:&quot;&quot;}\">\u00a0EL PROJECTE 50\/50 A LES SEVES ESCOLES.<\/div>\n<div class=\"separator\" data-original-attrs=\"{&quot;style&quot;:&quot;&quot;}\">ELS NES I NENES DE 6\u00e9 HAN FET DE GUIES EXPLICANT LES ESTRAT\u00c8GIES DEL PROJECTE QUE UTILITZEM A L&#8217;ESCOLA EN ANGL\u00c8S.<\/div>\n<hr \/>\n<h5 style=\"font-weight: 400;\" data-original-attrs=\"{&quot;style&quot;:&quot;&quot;}\"><strong>PUNTUACI\u00d3 AULA VERDA<\/strong><\/h5>\n<h5 style=\"font-weight: 400;\" data-original-attrs=\"{&quot;style&quot;:&quot;&quot;}\">Bones,<br \/>\nJa s&#8217;han publicat els resultats de <b>l&#8217;Aula Verda\u00a0<\/b>a l&#8217;entrada de l&#8217;escola. \u00a0Hem reformat el plaf\u00f3 per millorar la publicaci\u00f3 dels resultats. En general els resultats han estat positius per\u00f2 justos. Aquesta \u00e9s una estrategia que fa que junts\/es ens responsabilitzem de la cura del nostre entorn m\u00e9s proper&#8230;l&#8217;aula!<\/h5>\n<p>Educaci\u00f3 infantil: \u00a0 \u00a0 \u00a0 \u00a0 \u00a0 \u00a0 \u00a0 \u00a0 \u00a0 \u00a0 \u00a0 \u00a0 \u00a0 \u00a0 \u00a0 \u00a0Prim\u00e0ria:<br \/>\nP3 A&#8230;&#8230;&#8230;&#8230;.5,5 \u00a0 \u00a0 \u00a0 \u00a0 \u00a0 \u00a0 \u00a0 \u00a0 \u00a0 \u00a0 \u00a0 \u00a0 \u00a0 \u00a0 \u00a0 1r A&#8230;&#8230;&#8230;..7,5 \u00a0 \u00a0 \u00a0 \u00a0 \u00a0 3r D&#8230;&#8230;&#8230;&#8230;6,5<br \/>\nP3 B&#8230;&#8230;&#8230;&#8230;..7,5 \u00a0 \u00a0 \u00a0 \u00a0 \u00a0 \u00a0 \u00a0 \u00a0 \u00a0 \u00a0 \u00a0 \u00a0 \u00a0 \u00a0 \u00a0 1r B&#8230;&#8230;&#8230;.9 \u00a0 \u00a0 \u00a0 \u00a0 \u00a0 \u00a0 \u00a0 4t A&#8230;&#8230;&#8230;..3,5<br \/>\nP3C&#8230;&#8230;&#8230;&#8230;&#8230;6,5 \u00a0 \u00a0 \u00a0 \u00a0 \u00a0 \u00a0 \u00a0 \u00a0 \u00a0 \u00a0 \u00a0 \u00a0 \u00a0 \u00a0 \u00a0 1r C&#8230;&#8230;&#8230;.7 \u00a0 \u00a0 \u00a0 \u00a0 \u00a0 \u00a0 \u00a04t B&#8230;&#8230;&#8230;&#8230;.2<\/p>\n<p>P4 A&#8230;&#8230;&#8230;&#8230;..7,5 \u00a0 \u00a0 \u00a0 \u00a0 \u00a0 \u00a0 \u00a0 \u00a0 \u00a0 \u00a0 \u00a0 \u00a0 \u00a0 \u00a0 \u00a0 2n A&#8230;&#8230;&#8230;8 \u00a0 \u00a0 \u00a0 \u00a0 \u00a0 \u00a0 \u00a0 4t C&#8230;&#8230;&#8230;&#8230;<br \/>\nP4 B&#8230;&#8230;&#8230;&#8230;..6,5 \u00a0 \u00a0 \u00a0 \u00a0 \u00a0 \u00a0 \u00a0 \u00a0 \u00a0 \u00a0 \u00a0 \u00a0 \u00a0 \u00a0 \u00a0 2n B&#8230;&#8230;&#8230;.10 \u00a0 \u00a0 \u00a0 \u00a0 \u00a0 \u00a0 5\u00e8 A&#8230;&#8230;&#8230;.7<br \/>\nP4 C&#8230;&#8230;&#8230;&#8230;..2 \u00a0 \u00a0 \u00a0 \u00a0 \u00a0 \u00a0 \u00a0 \u00a0 \u00a0 \u00a0 \u00a0 \u00a0 \u00a0 \u00a0 \u00a0 \u00a0 2n C&#8230;&#8230;&#8230;&#8230;1 \u00a0 \u00a0 \u00a0 \u00a0 \u00a0 \u00a0 \u00a05\u00e8 B&#8230;&#8230;&#8230;.6<\/p>\n<p>P5 A&#8230;&#8230;&#8230;&#8230;..5 \u00a0 \u00a0 \u00a0 \u00a0 \u00a0 \u00a0 \u00a0 \u00a0 \u00a0 \u00a0 \u00a0 \u00a0 \u00a0 \u00a0 \u00a0 \u00a0 \u00a03r A&#8230;&#8230;&#8230;..8,5 \u00a0 \u00a0 \u00a0 \u00a0 \u00a0 5\u00e8 C&#8230;&#8230;&#8230;..5<br \/>\nP5B&#8230;&#8230;&#8230;&#8230;&#8230;7 \u00a0 \u00a0 \u00a0 \u00a0 \u00a0 \u00a0 \u00a0 \u00a0 \u00a0 \u00a0 \u00a0 \u00a0 \u00a0 \u00a0 \u00a0 \u00a0 \u00a03r B&#8230;&#8230;&#8230;.5 \u00a0 \u00a0 \u00a0 \u00a0 \u00a0 \u00a0 \u00a0 \u00a06\u00e8 A&#8230;&#8230;&#8230;.2,5<br \/>\nP5 C&#8230;&#8230;&#8230;&#8230;. 3,5 \u00a0 \u00a0 \u00a0 \u00a0 \u00a0 \u00a0 \u00a0 \u00a0 \u00a0 \u00a0 \u00a0 \u00a0 \u00a0 \u00a0 \u00a0 3r C&#8230;&#8230;&#8230;.6,5 \u00a0 \u00a0 \u00a0 \u00a0 \u00a0 \u00a0 6\u00e8 B&#8230;&#8230;&#8230;&#8230;6<\/p>\n<p>Estem molt contents ja que hi ha classes que s&#8217;esfor\u00e7en en tenir tots els criteris (neteja, efici\u00e8ncia energ\u00e8tica, Aigua i reciclatge) les felicitem des de la comissi\u00f3 i a la resta les animem a que al proper millorin que junts constru\u00efm una escola m\u00e9s verda!!!<\/p>\n<div class=\"separator\" data-original-attrs=\"{&quot;style&quot;:&quot;&quot;}\"><a href=\"https:\/\/www.blogger.com\/blog\/post\/edit\/555895493807465521\/7284830583546861176#\" data-original-attrs=\"{&quot;data-original-href&quot;:&quot;http:\/\/2.bp.blogspot.com\/-bjnxLTu6dLg\/UupkPjuySAI\/AAAAAAAAAQY\/vRZaEcZyUXQ\/s1600\/HPIM1423.JPG&quot;,&quot;style&quot;:&quot;&quot;}\"><img loading=\"lazy\" decoding=\"async\" src=\"http:\/\/2.bp.blogspot.com\/-bjnxLTu6dLg\/UupkPjuySAI\/AAAAAAAAAQY\/vRZaEcZyUXQ\/s1600\/HPIM1423.JPG\" width=\"320\" height=\"240\" border=\"0\" \/><\/a><\/div>\n<hr \/>\n<h5>PARTICIPACI\u00d3 AL II FORUM DE LA XESC 2013 i JOCS ONLINE!!!<\/h5>\n<p><span style=\"font-family: arial;\">El passat 16 d&#8217;octubre de 2013, l&#8217;Escola 25 de setembre amb la col\u00b7laboraci\u00f3 de l&#8217;alumnat de CS, la comissi\u00f3 EEVV del centre, en F\u00e8lix del Projecte Oliclak i en Jordi de la Plataforma del Torrent dels Alous vam participar en el II F\u00f3rum de la XESC que en breu rebreu fotos, videos sobre la visita&#8230; per\u00f2 us vol\u00edem fer saber de la participaci\u00f3 que de segur heu seguit des del Facebook!<\/span><\/p>\n<p>Tamb\u00e9 fer-vos arribar uns jocs online sobre educaci\u00f3 per la sostenibilitat que podeu jugar des de casa!<\/p>\n<div id=\"content\">\n<div id=\"post-17\" class=\"post\">\n<div class=\"entry\"><span style=\"font-family: arial; font-size: 1em;\">Podeu comentar si us ha agradat!<\/span><\/div>\n<\/div>\n<\/div>\n<hr \/>\n<h5 data-original-attrs=\"{&quot;style&quot;:&quot;&quot;}\">EL CA\u00c7ADOR DE TRASTETS I RUB\u00cd D&#8217;ARREL<\/h5>\n<div data-original-attrs=\"{&quot;style&quot;:&quot;&quot;}\"><span style=\"font-family: arial;\" data-keep-original-tag=\"false\" data-original-attrs=\"{&quot;style&quot;:&quot;&quot;}\">Des de la comissi\u00f3 d&#8217;EEVV de l&#8217;escola us fem saber de dues inciatives per aquest curs. Una \u00e9s la del\u00a0<b>Ca\u00e7ador de Trastets,<\/b> el coneixeu? Dons cl proper diumenge 20 d&#8217;octubre tota la fam\u00edlia a con\u00e8ixer qu\u00e8 \u00e9s aix\u00f2 de Ca\u00e7ar trastets! A l&#8217;escola estem molt contents de la seva exist\u00e8ncia ja que plegats evitarem el deteriorament dels espais naturals que ens envoltem, aix\u00ed com la sensibilitzaci\u00f3 de tots i totes!\u00a0<\/span><\/div>\n<div data-original-attrs=\"{&quot;style&quot;:&quot;&quot;}\">\n<p><span style=\"font-family: arial;\"><span data-keep-original-tag=\"false\" data-original-attrs=\"{&quot;style&quot;:&quot;&quot;}\">Tamb\u00e9 recordar-vos les noves accions des de Rub\u00ed d&#8217;Arrel que l&#8217;any passat va estar convidat al Consell del Medi de l&#8217;escola i de nou us fem arribar les activitats per aix\u00ed participar!<\/span><\/span><\/p>\n<p><span data-keep-original-tag=\"false\" data-original-attrs=\"{&quot;style&quot;:&quot;&quot;}\">Cliqueu la imatge i apunteu-vos hi &#8230;despr\u00e9s comenteu al blog!<\/span><br \/>\n<span data-keep-original-tag=\"false\" data-original-attrs=\"{&quot;style&quot;:&quot;&quot;}\">Una eco abra\u00e7ada!<\/span><\/p>\n<\/div>\n<hr \/>\n<h5 data-original-attrs=\"{&quot;style&quot;:&quot;&quot;}\">A CASA, TRIA EL COLOR I ENCERTA<\/h5>\n<p style=\"font-weight: 400;\" data-original-attrs=\"{&quot;style&quot;:&quot;&quot;}\">Els alumnes de la nostra escola han estat els segons que participaran en l\u2019activitat educativa que, a trav\u00e9s de<strong data-original-attrs=\"{&quot;style&quot;:&quot;&quot;}\"> \u201cA casa, tria el color i encerta\u201d<\/strong>, es dur\u00e0 a terme durant els mesos d\u2019octubre i novembre als centres educatius de la ciutat.<a href=\"https:\/\/www.blogger.com\/blog\/post\/edit\/555895493807465521\/1108002795341855219#\" data-original-attrs=\"{&quot;data-original-href&quot;:&quot;http:\/\/1.bp.blogspot.com\/-0gesgkk6MTI\/Uk6XtEZ5h-I\/AAAAAAAAAPs\/NFUCD5oVxzI\/s1600\/2013-10-03+10.09.30.jpg&quot;,&quot;style&quot;:&quot;&quot;}\"><span style=\"font-family: arial;\"><img loading=\"lazy\" decoding=\"async\" class=\"alignright\" src=\"http:\/\/1.bp.blogspot.com\/-0gesgkk6MTI\/Uk6XtEZ5h-I\/AAAAAAAAAPs\/NFUCD5oVxzI\/s320\/2013-10-03+10.09.30.jpg\" width=\"320\" height=\"240\" border=\"0\" \/><\/span><\/a><\/p>\n<p style=\"font-weight: 400;\" data-original-attrs=\"{&quot;style&quot;:&quot;&quot;}\">La proposta educativa de l\u2019Ajuntament de Rub\u00ed permetr\u00e0 treballar\u00a0<strong>la selecci\u00f3 de residus a l\u2019escola<\/strong>\u00a0amb activitats l\u00fadiques que introduiran les problem\u00e0tiques mediambientals que generen els residus, com el malbaratament alimentari, i incentivant la selecci\u00f3 correcta per tal que aquests materials es puguin recuperar de nou.<\/p>\n<p style=\"font-weight: 400;\" data-original-attrs=\"{&quot;style&quot;:&quot;&quot;}\">La finalitat d\u2019aquesta campanya \u00e9s arribar tamb\u00e9 a les llars dels nens i joves que participaran, per traspassar aquests coneixement a les fam\u00edlies.<\/p>\n<p style=\"font-weight: 400;\" data-original-attrs=\"{&quot;style&quot;:&quot;&quot;}\">Una de les activitats en qu\u00e8 han participat els alumnes d\u2019educaci\u00f3 infantil \u00e9s l\u2019escenificaci\u00f3 del conte<strong>\u00a0&#8216;El cuiner m\u00e0gic&#8217;,<\/strong>\u00a0on, a trav\u00e9s d\u2019una cuina feta amb materials reciclats (cartr\u00f3, cd, taps de pl\u00e0stic, etc.) que ens han portat a l&#8217;escoles, el protagonista del conte, en Pep Pa Sec, els explica de quina manera es seleccionen els residus que es manipulen a l&#8217;hora de fer el menjar a les respectives llars.<\/p>\n<p style=\"font-weight: 400;\" data-original-attrs=\"{&quot;style&quot;:&quot;&quot;}\">Els equips de docents d\u2019escoles i instituts disposaran d\u2019un CD que inclou un recull d\u2019activitats de continuaci\u00f3 a l\u2019aula per a treballar continguts sobre la selecci\u00f3 de residus. Est\u00e0 previst que la campanya arribi a m\u00e9s de 7.000 alumnes en els propers dos mesos.<br \/>\nAquest projecte est\u00e0 organitzat pel Servei Educatiu de Residus del consistori amb el suport d\u2019Ecoembes i Ecovidrio.<\/p>\n<p style=\"font-weight: 400;\" data-original-attrs=\"{&quot;style&quot;:&quot;&quot;}\">SI VOLEU JUGAR DES DE CASA HO PODEU FER AMB EL JOC ONLINE:<\/p>\n<p style=\"font-weight: 400;\" data-original-attrs=\"{&quot;style&quot;:&quot;&quot;}\"><strong data-original-attrs=\"{&quot;style&quot;:&quot;&quot;}\"><a href=\"https:\/\/www.blogger.com\/blog\/post\/edit\/555895493807465521\/1108002795341855219#\" data-original-attrs=\"{&quot;data-original-href&quot;:&quot;http:\/\/www.operationpoubellesvides.com\/ca\/node\/214&quot;,&quot;target&quot;:&quot;_blank&quot;}\">MISSI\u00d3 IMPOSSIBLE REDUIR ELS RESIDUS!!!<\/a><\/strong><\/p>\n<hr \/>\n<\/div>\n<div data-original-attrs=\"{&quot;style&quot;:&quot;&quot;}\">\n<p><span style=\"font-size: xx-large;\" data-keep-original-tag=\"false\" data-original-attrs=\"{&quot;style&quot;:&quot;&quot;}\"><span style=\"color: #800080;\" data-keep-original-tag=\"false\" data-original-attrs=\"{&quot;style&quot;:&quot;&quot;}\">L&#8217;ESCOLA 25 DE SETEMBRE HA GUANYAT EL PRIMER PREMI DE RECICLATGE DE CARTUXOS D&#8217;IMPRESI\u00d3 2013 AL PROJECTE D&#8217; ECOLIDER.<\/span><\/span><\/p>\n<p><span style=\"color: #ffa500; font-size: xx-large;\" data-keep-original-tag=\"false\" data-original-attrs=\"{&quot;style&quot;:&quot;&quot;}\">GR\u00c0CIES A TOTS PER LA VOSTRA COL\u00b7LABORACI\u00d3!!<\/span><\/p>\n<\/div>\n<hr \/>\n<h5 data-original-attrs=\"{&quot;style&quot;:&quot;&quot;}\">DIA MUNDIAL DE L&#8217;ESTALVI ENERG\u00c8TIC<\/h5>\n<div data-original-attrs=\"{&quot;style&quot;:&quot;&quot;}\"><span style=\"font-family: arial;\">AVUI DIMARTS\u00a0<u>5 DE MAR\u00c7<\/u>\u00a0\u00c9S EL\u00a0<b>DIA MUNDIAL DE L&#8217;ESTALVI ENERG\u00c8TIC<\/b><\/span><\/div>\n<div data-original-attrs=\"{&quot;style&quot;:&quot;&quot;}\"><span style=\"font-family: arial;\">I PER AQUEST MOTIU INICIEM EL CONCURS DE\u00a0<\/span><\/div>\n<div data-original-attrs=\"{&quot;style&quot;:&quot;&quot;}\"><span style=\"font-family: arial;\">L&#8217;<b><u>AULA VERDA 25<\/u><\/b>.<\/span><\/div>\n<hr \/>\n<h5>COMIT\u00c9 ENERG\u00c8TIC D&#8217;ADULTS<\/h5>\n<h5>Abans d&#8217;iniciar el projecte de l&#8217;aula verda vam iniciar una trobada amb els t\u00e8cnics de l&#8217;ajuntament i representants del consell energ\u00e8tic de l&#8217;escola. (05\/03\/13)<\/h5>\n<hr \/>\n<h5>CONSELL DEL MEDI AMBIENT<\/h5>\n<h5>El<strong data-original-attrs=\"{&quot;style&quot;:&quot;&quot;}\">\u00a021 de maig<\/strong>\u00a0es va iniciar\u00a0<strong data-original-attrs=\"{&quot;style&quot;:&quot;&quot;}\">la Recollida d\u2019oli a la nostra escola<\/strong>\u00a0i estem molt contents de la participaci\u00f3 de tots i totes i agra\u00efm la vostra col\u00b7laboraci\u00f3 des de la Comissi\u00f3 d\u2019Escoles Verdes de l\u2019escola, ja que\u00a0<strong data-original-attrs=\"{&quot;style&quot;:&quot;&quot;}\">m\u00e9s de cent fam\u00edlies<\/strong>\u00a0s\u2019han adherit a la primera convocat\u00f2ria i esperem que es multipliqui d\u2019ara en endavant.<\/h5>\n<p style=\"font-weight: 400;\" data-original-attrs=\"{&quot;style&quot;:&quot;&quot;}\">Recordar-vos que la recollida de l\u2019oli es fa en col\u00b7laboraci\u00f3 amb l\u2019escola i amb l\u2019alumnat del\u00a0<strong>Centre d\u2019Educaci\u00f3 Especial de Ca n\u2019Oriol,\u00a0\u00a0<\/strong>i<strong>\u00a0<\/strong>\u00a0que el\u00a0<strong>Consell de Medi Ambient Extraordinari\u00a0<\/strong>va venir a visitar-nos.<\/p>\n<p style=\"font-weight: 400;\" data-original-attrs=\"{&quot;style&quot;:&quot;&quot;}\">Ens van explicar\u00a0<strong>el projecte OLICLAK<\/strong>\u00a0i ens van fer saber com d\u2018emocionades estaven les escoles de Rub\u00ed per la bona rebuda del projecte i la rellev\u00e0ncia que aix\u00f2 suposava per a les seves vides.<\/p>\n<p style=\"font-weight: 400;\" data-original-attrs=\"{&quot;style&quot;:&quot;&quot;}\">Som conscients que tamb\u00e9 en un futur aquesta iniciativa permetr\u00e0 reduir la quantitat d\u2019oli que es llen\u00e7a a les clavegueres i que contamina l\u2019aigua.<\/p>\n<p style=\"font-weight: 400;\" data-original-attrs=\"{&quot;style&quot;:&quot;&quot;}\">Si es recull aquest oli i es converteix en Biodiesel, a m\u00e9s d\u2019evitar contaminar el mar, tamb\u00e9 s\u2019envia menys CO2\u00a0a l\u2019atmosfera perqu\u00e8 el biodi\u00e8sel \u00e9s menys contaminant.<\/p>\n<p style=\"font-weight: 400;\" data-original-attrs=\"{&quot;style&quot;:&quot;&quot;}\">Tamb\u00e9 vam entregar\u00a0<em>la carta de comprom\u00eds de l\u2019aigua<\/em>\u00a0i el\u00a0<em>Dec\u00e0leg de funcions de l\u2019ecodelegat,\u00a0<\/em>que hem treballat entre tots a cada Consell del Medi i que estem molt contents d\u2019haver realitzat a poc a poc. De part de tots els membres del Consell del medi, moltes felicitats per la tasca realitzada durant tot aquest curs.<\/p>\n<hr \/>\n<h5>L&#8217;OLI RECICLAT I LES CLAKIS<\/h5>\n<p>Com ja sabeu, aquest any ens hem proposat des de l&#8217;escola ajudar al medi ambient amb la recollida d&#8217;oli de cuina per tal d&#8217;evitar tants residus i donar-li un bon us creant biocombustible. Seguiu atents a la web perqu\u00e8 d&#8217;aqu\u00ed a pocs dies us informarem sobre com aconseguir un CLAKI per tal de col\u00b7laborar amb nosaltres en aquesta campanya!<\/p>\n<hr \/>\n<h5 data-original-attrs=\"{&quot;style&quot;:&quot;border-bottom: medium none; border-left: medium none; border-right: medium none; border-top: medium none;&quot;}\">RECOLLIDA DE TAPS PER L&#8217;AT\u00c0XIA<\/h5>\n<h5 data-original-attrs=\"{&quot;style&quot;:&quot;border-bottom: medium none; border-left: medium none; border-right: medium none; border-top: medium none;&quot;}\"><em><span style=\"font-family: 'Courier New';\" data-keep-original-tag=\"false\" data-original-attrs=\"{&quot;style&quot;:&quot;mso-bidi-font-style: italic;&quot;}\">TAPS DE PL\u00c0STIC SOLIDARIS: La copisteria Copymat de la nostra ciutat est\u00e0 recollint taps de pl\u00e0stic per una bona causa. I ens ho han vingut a explicar a <a href=\"https:\/\/www.blogger.com\/blog\/post\/edit\/555895493807465521\/6769216178647055996#\" data-original-attrs=\"{&quot;data-original-href&quot;:&quot;http:\/\/www.ajrubi.cat\/radiorubi\/radiotv\/detall.php?apartat=1435&amp;programa=6&amp;graella=1&quot;}\"><strong><i><span style=\"color: #0000ff; font-family: 'Courier New';\" data-keep-original-tag=\"false\" data-original-attrs=\"{&quot;style&quot;:&quot;&quot;}\">La vida continua<\/span><\/i><\/strong><\/a>. I \u00e9s que l\u2019empresa Escor, dedicada al reciclatge, recopilar\u00e0 aquest material i donar\u00e0 entre 50.000 i 60.000 euros perqu\u00e8 es pugui investigar l\u2019at\u00e0xia, una malaltia rara que afecta a unes 15 fam\u00edlies i que t\u00e9 s\u00edmptomes com l&#8217;envelliment prematur.<\/span><\/em><br \/>\n<em><span style=\"font-family: 'Courier New';\" data-keep-original-tag=\"false\" data-original-attrs=\"{&quot;style&quot;:&quot;&quot;}\">\u00a0 \u00a0 \u00a0 \u00a0 \u00a0 \u00a0 \u00a0 \u00a0 \u00a0 \u00a0 \u00a0 \u00a0 \u00a0 \u00a0 \u00a0 \u00a0 \u00a0 \u00a0 \u00a0 \u00a0Font: <a href=\"https:\/\/www.blogger.com\/blog\/post\/edit\/555895493807465521\/6769216178647055996#\" data-original-attrs=\"{&quot;data-original-href&quot;:&quot;http:\/\/www.ajrubi.cat\/radiorubi\/noticies\/detall.php?apartat=&amp;noticia=6327&quot;,&quot;target&quot;:&quot;_blank&quot;}\">R\u00e0dio Rub\u00ed<\/a><\/span><\/em><\/h5>\n<hr \/>\n<h5 data-original-attrs=\"{&quot;style&quot;:&quot;border-bottom: medium none; border-left: medium none; border-right: medium none; border-top: medium none;&quot;}\">PROMOCI\u00d3 CARTUTXOS BUITS<\/h5>\n<div style=\"text-align: left;\" data-original-attrs=\"{&quot;style&quot;:&quot;border-bottom: medium none; border-left: medium none; border-right: medium none; border-top: medium none;&quot;}\"><span style=\"font-family: arial; font-size: medium;\" data-keep-original-tag=\"false\" data-original-attrs=\"{&quot;style&quot;:&quot;&quot;}\">L&#8217;empresa Ecolider ha fet arribar a les escoles la &#8220;Promoci\u00f3 del cartutx buit&#8221;. Amb aquesta<a href=\"https:\/\/www.blogger.com\/blog\/post\/edit\/555895493807465521\/6899516805847897869#\" data-original-attrs=\"{&quot;data-original-href&quot;:&quot;https:\/\/picasaweb.google.com\/107987377518422986383\/20120206#5705983890085665938&quot;,&quot;style&quot;:&quot;cssfloat: right;&quot;}\"><img loading=\"lazy\" decoding=\"async\" class=\"alignright\" src=\"http:\/\/3.bp.blogspot.com\/--RHcyemaNh0\/Ty-6Hc6oXJI\/AAAAAAAAAFM\/VY0SeYWFU2k\/s200\/ecoBox.jpg\" width=\"200\" height=\"120\" border=\"0\" data-original-attrs=\"{&quot;sda&quot;:&quot;true&quot;}\" \/><\/a> promoci\u00f3 es pret\u00e9n oferir a les escoles una forma de recollir fons per ajudar a finan\u00e7ar diferents activitats de l&#8217;escola al mateix temps que es promou una col\u2022laboraci\u00f3 ecol\u00f2gica per part dels alumnes i de la pr\u00f2pia escola. Es tracta d&#8217;organitzar una recollida de cartutxos buits per part dels alumnes i de la pr\u00f2pia escola.<\/span><\/div>\n<div style=\"text-align: left;\" data-original-attrs=\"{&quot;style&quot;:&quot;&quot;}\"><span style=\"font-family: arial; font-size: medium;\" data-keep-original-tag=\"false\" data-original-attrs=\"{&quot;style&quot;:&quot;&quot;}\">Qui vulgui col\u00b7laborar amb nosaltres pot deixar els seus cartutxos buits a la capsa que trobareu davant de consergeria. Moltes gr\u00e0cies a tots!<\/span><\/div>\n<hr \/>\n<h5 data-original-attrs=\"{&quot;style&quot;:&quot;&quot;}\">ACTIVITATS D&#8217;APADRINAMENT DEL TORRENT DELS ALOUS<\/h5>\n<div data-original-attrs=\"{&quot;style&quot;:&quot;&quot;}\"><span style=\"font-family: arial; font-size: medium;\" data-keep-original-tag=\"false\" data-original-attrs=\"{&quot;style&quot;:&quot;&quot;}\">Durant aquest curs els mestres i els alumnes de l&#8217;escola estan portant a terme diferents activitats relacionades amb l&#8217;apadrinament del Torrent dels Alous i per aix\u00f2 hem programat diferents sortides per sensibilitzar-nos amb l&#8217;entorn. Aqu\u00ed teniu algunes de les activitats programades fins ara:<\/span><\/div>\n<div data-original-attrs=\"{&quot;style&quot;:&quot;&quot;}\"><span style=\"font-family: arial; font-size: medium;\" data-keep-original-tag=\"false\" data-original-attrs=\"{&quot;style&quot;:&quot;&quot;}\">\u00a0<\/span><\/div>\n<div data-original-attrs=\"{&quot;style&quot;:&quot;&quot;}\"><span style=\"font-family: arial; font-size: medium;\" data-keep-original-tag=\"false\" data-original-attrs=\"{&quot;style&quot;:&quot;&quot;}\">&#8211; Cicle Inicial: Esmorzar i cerca del Ti\u00f3 (Desembre 2011).<\/span><\/div>\n<div data-original-attrs=\"{&quot;style&quot;:&quot;&quot;}\"><span style=\"font-family: arial; font-size: medium;\" data-keep-original-tag=\"false\" data-original-attrs=\"{&quot;style&quot;:&quot;&quot;}\">&#8211; Cicle Mitj\u00e0 i Cinqu\u00e8: Esmorzar compartit (Dijous Gras).<\/span><\/div>\n<div data-original-attrs=\"{&quot;style&quot;:&quot;&quot;}\"><span style=\"font-family: arial; font-size: medium;\" data-keep-original-tag=\"false\" data-original-attrs=\"{&quot;style&quot;:&quot;&quot;}\">&#8211; Sis\u00e8 i 1r d&#8217;ESO: Esmorzar compartit (data encara per confirmar).<\/span><\/div>\n<hr \/>\n<h5 data-original-attrs=\"{&quot;style&quot;:&quot;&quot;}\">1r CONSELL D&#8217;ESCOLES VERDES DEL CURS 2011-12<\/h5>\n<h5 data-original-attrs=\"{&quot;style&quot;:&quot;&quot;}\">Representants del Consell de Medi Ambient:<\/h5>\n<p style=\"font-weight: 400;\" data-original-attrs=\"{&quot;style&quot;:&quot;&quot;}\">Ens plau convocar-vos a la reuni\u00f3 del Consell de Medi Ambient que tindr\u00e0 lloc el dia\u00a0<u>28 de novembre a les 11 h. del mat\u00ed<\/u>\u00a0a la sala d\u2019inform\u00e0tica del primer pis de l\u2019escola.<\/p>\n<p style=\"font-weight: 400;\" data-original-attrs=\"{&quot;style&quot;:&quot;&quot;}\">Ordre del dia que haur\u00edeu de treballar a la classe:<\/p>\n<p style=\"font-weight: 400;\" data-original-attrs=\"{&quot;style&quot;:&quot;&quot;}\">&#8211;\u00a0\u00a0\u00a0\u00a0\u00a0Recollida de propostes d\u2019activitat d\u2019Apadrinament del Torrent dels Alous<\/p>\n<p style=\"font-weight: 400;\" data-original-attrs=\"{&quot;style&quot;:&quot;&quot;}\">&#8211;\u00a0\u00a0\u00a0\u00a0\u00a0Recollida de propostes per la Carta de comprom\u00eds sobre el respecte a l\u2019aigua (mostra de poster al consell)<\/p>\n<p style=\"font-weight: 400;\" data-original-attrs=\"{&quot;style&quot;:&quot;&quot;}\">&#8211;\u00a0\u00a0\u00a0\u00a0\u00a0Quines s\u00f3n les funcions de l\u2019 Eco-delegat?<\/p>\n<p style=\"font-weight: 400;\" data-original-attrs=\"{&quot;style&quot;:&quot;&quot;}\">&#8211;\u00a0\u00a0\u00a0\u00a0\u00a0Propostes de millora<\/p>\n<p style=\"font-weight: 400;\" data-original-attrs=\"{&quot;style&quot;:&quot;&quot;}\">&#8211;\u00a0\u00a0\u00a0\u00a0\u00a0Precs i preguntes<\/p>\n<p style=\"font-weight: 400;\" data-original-attrs=\"{&quot;style&quot;:&quot;&quot;}\">\u00a0\u00a0\u00a0\u00a0\u00a0\u00a0\u00a0\u00a0\u00a0\u00a0\u00a0\u00a0\u00a0\u00a0\u00a0\u00a0\u00a0\u00a0\u00a0\u00a0\u00a0\u00a0\u00a0\u00a0\u00a0\u00a0\u00a0\u00a0\u00a0\u00a0\u00a0\u00a0\u00a0\u00a0\u00a0\u00a0\u00a0\u00a0\u00a0\u00a0\u00a0 Atentament,<\/p>\n<p style=\"font-weight: 400;\" data-original-attrs=\"{&quot;style&quot;:&quot;&quot;}\">\u00a0\u00a0\u00a0\u00a0\u00a0\u00a0\u00a0\u00a0\u00a0\u00a0\u00a0\u00a0\u00a0\u00a0\u00a0\u00a0\u00a0\u00a0\u00a0\u00a0\u00a0\u00a0\u00a0\u00a0\u00a0\u00a0\u00a0\u00a0\u00a0\u00a0\u00a0\u00a0\u00a0\u00a0\u00a0\u00a0\u00a0\u00a0\u00a0\u00a0\u00a0\u00a0\u00a0\u00a0\u00a0\u00a0\u00a0\u00a0\u00a0\u00a0\u00a0\u00a0\u00a0\u00a0\u00a0\u00a0\u00a0\u00a0\u00a0\u00a0\u00a0\u00a0\u00a0\u00a0\u00a0\u00a0\u00a0\u00a0\u00a0\u00a0\u00a0\u00a0\u00a0\u00a0\u00a0\u00a0\u00a0\u00a0\u00a0\u00a0\u00a0\u00a0\u00a0\u00a0\u00a0\u00a0\u00a0\u00a0\u00a0\u00a0\u00a0\u00a0\u00a0\u00a0\u00a0\u00a0\u00a0\u00a0\u00a0\u00a0\u00a0La Comissi\u00f3 de Medi Ambient<\/p>\n<hr \/>\n<h5 data-original-attrs=\"{&quot;style&quot;:&quot;&quot;}\">L&#8217;AIGUA \u00c9S VIDA<\/h5>\n<div data-original-attrs=\"{&quot;style&quot;:&quot;&quot;}\"><span style=\"font-family: arial; font-size: medium;\" data-keep-original-tag=\"false\" data-original-attrs=\"{&quot;style&quot;:&quot;&quot;}\">Benvinguts al curs 2011-2012! Durant aquest curs, l&#8217;Escola 25 de setembre treballar\u00e0 el projecte de l&#8217;aigua.<\/span><\/div>\n<div data-original-attrs=\"{&quot;style&quot;:&quot;&quot;}\"><span style=\"font-family: arial; font-size: medium;\" data-keep-original-tag=\"false\" data-original-attrs=\"{&quot;style&quot;:&quot;&quot;}\">L&#8217;aigua \u00e9s font i subst\u00e0ncia de vida. Totes les formes de vida necessiten aigua per a viure. L&#8217;aigua com a element fonamental ha d&#8217;\u00e9sser respectada i protegida. Tothom ha de ser conscient de que cadascun dels nostres gestos i fets tenen repercussi\u00f3 sobre els ecosistemes aqu\u00e0tics i sobre els \u00e9ssers vius que en ells habiten. Per aix\u00f2 un dels nostres objectius durant aquest curs ser\u00e0 elaborar una carta de compromisos amb el medi aqu\u00e0tic. Esperem la vostra col\u00b7laboraci\u00f3!<\/span><\/div>\n<hr \/>\n<h5>ECOSETMANA (21- 25 AL MAR\u00c7)<\/h5>\n<p><span data-keep-original-tag=\"false\" data-original-attrs=\"{&quot;style&quot;:&quot;&quot;,&quot;face&quot;:&quot;Arial, Helvetica, sans-serif&quot;}\">HA ESTAT\u00a0<b>UNA SETMANA PLENA D&#8217;ACTIVITATS<\/b>\u00a0PER CELEBRAR QUE JA SOM ESCOLA VERDA.<\/span><br \/>\n<a href=\"https:\/\/www.blogger.com\/blog\/post\/edit\/555895493807465521\/7053482336344507970#\" data-original-attrs=\"{&quot;data-original-href&quot;:&quot;http:\/\/2.bp.blogspot.com\/-27LNHRUgMlA\/TZMZ29ow7UI\/AAAAAAAAAE0\/8wrpnq7Hds8\/s1600\/DSCI1227.JPG&quot;,&quot;style&quot;:&quot;cssfloat: left;&quot;}\"><span style=\"font-size: x-large;\" data-keep-original-tag=\"false\" data-original-attrs=\"{&quot;style&quot;:&quot;&quot;}\"><img loading=\"lazy\" decoding=\"async\" src=\"http:\/\/2.bp.blogspot.com\/-27LNHRUgMlA\/TZMZ29ow7UI\/AAAAAAAAAE0\/8wrpnq7Hds8\/s400\/DSCI1227.JPG\" width=\"400\" height=\"300\" border=\"0\" data-original-attrs=\"{&quot;r6&quot;:&quot;true&quot;}\" \/><\/span><\/a><a href=\"https:\/\/www.blogger.com\/blog\/post\/edit\/555895493807465521\/7053482336344507970#\" data-original-attrs=\"{&quot;data-original-href&quot;:&quot;http:\/\/2.bp.blogspot.com\/-Y-Wnlo4_V4E\/TZMaS8hjVfI\/AAAAAAAAAE4\/Lj3-J2AMHlo\/s1600\/DSCI1232.JPG&quot;,&quot;style&quot;:&quot;cssfloat: left;&quot;}\"><img loading=\"lazy\" decoding=\"async\" src=\"http:\/\/2.bp.blogspot.com\/-Y-Wnlo4_V4E\/TZMaS8hjVfI\/AAAAAAAAAE4\/Lj3-J2AMHlo\/s400\/DSCI1232.JPG\" width=\"400\" height=\"300\" border=\"0\" data-original-attrs=\"{&quot;r6&quot;:&quot;true&quot;}\" \/><\/a><br \/>\n<span style=\"font-size: x-large;\" data-keep-original-tag=\"false\" data-original-attrs=\"{&quot;style&quot;:&quot;&quot;,&quot;face&quot;:&quot;Arial, Helvetica, sans-serif&quot;}\"><strong>DIMARTS 22 DE MAR\u00c7<\/strong>\u00a0VAREM REUNIR-NOS ELS MEMBRES DEL CONSELL DE MEDI AMBIENT I ALGUNS ANTICS ALUMNES DE L&#8217;ESCOLA (ALUMNES DE L&#8217;INSTITUT DE L&#8217;ESTATUT) PER FER LA\u00a0 DESCOBERTA DE LA PLACA.<\/span><\/p>\n<div data-original-attrs=\"{&quot;style&quot;:&quot;border-bottom: medium none; border-left: medium none; border-right: medium none; border-top: medium none;&quot;}\"><\/div>\n<div data-original-attrs=\"{&quot;style&quot;:&quot;border-bottom: medium none; border-left: medium none; border-right: medium none; border-top: medium none;&quot;}\"><a href=\"https:\/\/www.blogger.com\/blog\/post\/edit\/555895493807465521\/7053482336344507970#\" data-original-attrs=\"{&quot;data-original-href&quot;:&quot;http:\/\/4.bp.blogspot.com\/-R5H-qGyCC6o\/TZMb_gRws4I\/AAAAAAAAAFA\/JT7vUr61T9I\/s1600\/DSCI1247.JPG&quot;,&quot;style&quot;:&quot;&quot;}\"><img loading=\"lazy\" decoding=\"async\" src=\"http:\/\/4.bp.blogspot.com\/-R5H-qGyCC6o\/TZMb_gRws4I\/AAAAAAAAAFA\/JT7vUr61T9I\/s400\/DSCI1247.JPG\" width=\"400\" height=\"300\" border=\"0\" data-original-attrs=\"{&quot;r6&quot;:&quot;true&quot;}\" \/><\/a><\/div>\n<div data-original-attrs=\"{&quot;style&quot;:&quot;border-bottom: medium none; border-left: medium none; border-right: medium none; border-top: medium none;&quot;}\"><\/div>\n<div data-original-attrs=\"{&quot;style&quot;:&quot;border-bottom: medium none; border-left: medium none; border-right: medium none; border-top: medium none;&quot;}\"><b><span class=\"Apple-style-span\" style=\"color: #274e13;\" data-keep-original-tag=\"false\" data-original-attrs=\"{&quot;style&quot;:&quot;&quot;}\">\u00a0<\/span><\/b><\/div>\n<div data-original-attrs=\"{&quot;style&quot;:&quot;border-bottom: medium none; border-left: medium none; border-right: medium none; border-top: medium none;&quot;}\"><span class=\"Apple-style-span\" data-keep-original-tag=\"false\" data-original-attrs=\"{&quot;style&quot;:&quot;&quot;,&quot;face&quot;:&quot;Arial, Helvetica, sans-serif&quot;}\"><b><span class=\"Apple-style-span\" style=\"color: #274e13;\" data-keep-original-tag=\"false\" data-original-attrs=\"{&quot;style&quot;:&quot;&quot;}\">LES ACTIVITATS QUE VAREM FER:<\/span><\/b><\/span><\/div>\n<div data-original-attrs=\"{&quot;style&quot;:&quot;border-bottom: medium none; border-left: medium none; border-right: medium none; border-top: medium none;&quot;}\"><\/div>\n<div class=\"separator\" data-original-attrs=\"{&quot;style&quot;:&quot;&quot;}\"><a href=\"https:\/\/www.blogger.com\/blog\/post\/edit\/555895493807465521\/7053482336344507970#\" data-original-attrs=\"{&quot;data-original-href&quot;:&quot;http:\/\/3.bp.blogspot.com\/-HEfE3tGFmOw\/TZMbVTVwDkI\/AAAAAAAAAE8\/DUKV7UJ_abY\/s1600\/DSCI1194.JPG&quot;,&quot;style&quot;:&quot;&quot;}\"><img loading=\"lazy\" decoding=\"async\" src=\"http:\/\/3.bp.blogspot.com\/-HEfE3tGFmOw\/TZMbVTVwDkI\/AAAAAAAAAE8\/DUKV7UJ_abY\/s400\/DSCI1194.JPG\" width=\"400\" height=\"300\" border=\"0\" data-original-attrs=\"{&quot;r6&quot;:&quot;true&quot;}\" \/><\/a><\/div>\n<div class=\"separator\" data-original-attrs=\"{&quot;style&quot;:&quot;&quot;}\"><span data-keep-original-tag=\"false\" data-original-attrs=\"{&quot;style&quot;:&quot;&quot;,&quot;face&quot;:&quot;Arial, Helvetica, sans-serif&quot;}\"><strong>\u00a0<\/strong><\/span><\/div>\n<div class=\"separator\" data-original-attrs=\"{&quot;style&quot;:&quot;&quot;}\"><span class=\"Apple-style-span\" style=\"color: #38761d;\" data-keep-original-tag=\"false\" data-original-attrs=\"{&quot;style&quot;:&quot;&quot;}\"><span data-keep-original-tag=\"false\" data-original-attrs=\"{&quot;style&quot;:&quot;&quot;,&quot;face&quot;:&quot;Arial, Helvetica, sans-serif&quot;}\"><strong>\u00a0\u00a0 \u00a0 \u00a0\u00a0<u>\u00a0ECOINFLABLES<\/u><\/strong><\/span><\/span><\/div>\n<div class=\"separator\" data-original-attrs=\"{&quot;style&quot;:&quot;&quot;}\"><\/div>\n<div class=\"separator\" data-original-attrs=\"{&quot;style&quot;:&quot;&quot;}\"><\/div>\n<div class=\"separator\" data-original-attrs=\"{&quot;style&quot;:&quot;&quot;}\"><a href=\"https:\/\/www.blogger.com\/blog\/post\/edit\/555895493807465521\/7053482336344507970#\" data-original-attrs=\"{&quot;data-original-href&quot;:&quot;http:\/\/2.bp.blogspot.com\/-3CN9WWrjXmU\/TZMcqdQaw9I\/AAAAAAAAAFE\/7EtWzYb49Vc\/s1600\/DSCI1147.JPG&quot;,&quot;style&quot;:&quot;&quot;}\"><img loading=\"lazy\" decoding=\"async\" src=\"http:\/\/2.bp.blogspot.com\/-3CN9WWrjXmU\/TZMcqdQaw9I\/AAAAAAAAAFE\/7EtWzYb49Vc\/s400\/DSCI1147.JPG\" width=\"400\" height=\"300\" border=\"0\" data-original-attrs=\"{&quot;r6&quot;:&quot;true&quot;}\" \/><\/a><\/div>\n<div class=\"separator\" data-original-attrs=\"{&quot;style&quot;:&quot;&quot;}\"><span data-keep-original-tag=\"false\" data-original-attrs=\"{&quot;style&quot;:&quot;&quot;,&quot;face&quot;:&quot;Arial, Helvetica, sans-serif&quot;}\"><b>\u00a0<\/b><\/span><\/div>\n<div class=\"separator\" data-original-attrs=\"{&quot;style&quot;:&quot;&quot;}\"><span data-keep-original-tag=\"false\" data-original-attrs=\"{&quot;style&quot;:&quot;&quot;,&quot;face&quot;:&quot;Arial, Helvetica, sans-serif&quot;}\"><b>\u00a0\u00a0 \u00a0 \u00a0<u><span class=\"Apple-style-span\" style=\"color: #38761d;\" data-keep-original-tag=\"false\" data-original-attrs=\"{&quot;style&quot;:&quot;&quot;}\">EXPOSICIONS DE PROJECTES ENTRE DIFERENTS NIVELLS<\/span><\/u><\/b><\/span><\/div>\n<div class=\"separator\" data-original-attrs=\"{&quot;style&quot;:&quot;&quot;}\"><\/div>\n<p>&nbsp;<\/p>\n<hr \/>\n<h5>JA SOM ESCOLA VERDA<\/h5>\n<p style=\"font-weight: 400;\" data-original-attrs=\"{&quot;style&quot;:&quot;&quot;}\">El dimecres 10 de novembre de 2010,\u00a0<span data-original-attrs=\"{&quot;_moz-userdefined&quot;:&quot;&quot;,&quot;productid&quot;:&quot;la Maria&quot;,&quot;w:st&quot;:&quot;on&quot;}\" data-original-tag=\"ST1:PERSONNAME\">la Maria<\/span>\u00a0(cap d\u2019estudis),\u00a0<span data-original-attrs=\"{&quot;_moz-userdefined&quot;:&quot;&quot;,&quot;productid&quot;:&quot;la Maria Jos\uffe9&quot;,&quot;w:st&quot;:&quot;on&quot;}\" data-original-tag=\"ST1:PERSONNAME\">la Maria Jos\u00e9<\/span>\u00a0(professora),\u00a0<span data-original-attrs=\"{&quot;_moz-userdefined&quot;:&quot;&quot;,&quot;productid&quot;:&quot;la Marisol&quot;,&quot;w:st&quot;:&quot;on&quot;}\" data-original-tag=\"ST1:PERSONNAME\">la Marisol<\/span>\u00a0i\u00a0<span data-original-attrs=\"{&quot;_moz-userdefined&quot;:&quot;&quot;,&quot;productid&quot;:&quot;la Conxi&quot;,&quot;w:st&quot;:&quot;on&quot;}\" data-original-tag=\"ST1:PERSONNAME\">la Conxi<\/span>\u00a0(mares), l\u2019Eva (personal de neteja i mare), l\u2019Hector i\u00a0<span data-original-attrs=\"{&quot;_moz-userdefined&quot;:&quot;&quot;,&quot;productid&quot;:&quot;la Maria&quot;,&quot;w:st&quot;:&quot;on&quot;}\" data-original-tag=\"ST1:PERSONNAME\">la Maria<\/span>\u00a0(alumnes), vam anar al\u00a0<em>Cosmocaixa\u00a0<\/em>a recollir la placa d\u2019Escola Verda.<\/p>\n<p style=\"font-weight: 400;\" data-original-attrs=\"{&quot;style&quot;:&quot;&quot;}\">Una vegada all\u00e0 van anar cridant escola per escola per recollir el diploma (la placa no la tenien), quan va ser el nostre torn vam baixar a fer-nos una foto. Despr\u00e9s ens van felicitar i ens van donar les gr\u00e0cies per contribuir en la millora del medi ambient.<\/p>\n<p style=\"font-weight: 400;\" data-original-attrs=\"{&quot;style&quot;:&quot;&quot;}\">A continuaci\u00f3, unes noies ens van ensenyar un projecte sobre la import\u00e0ncia del medi ambient. Despr\u00e9s vam poder disfrutar d\u2019un bon espectacle que es titulava\u00a0<strong>\u201cL\u2019energia ni es crea ni es destrueix, es reutilitza\u201d<\/strong>, va ser una mica llarg, per\u00f2 vam aprendre coses sobre l\u2019energia.<\/p>\n<p style=\"font-weight: 400;\" data-original-attrs=\"{&quot;style&quot;:&quot;&quot;}\">Maria i H\u00e8ctor, ecodelegats de 6\u00e8<\/p>\n<hr \/>\n<h5>DEC\u00c0LEG ESCOLES VERDES<\/h5>\n<ul style=\"font-weight: 400;\">\n<li>Tanquem b\u00e9 les portes i finestres per tal d\u2019evitar que\u00a0 l\u2019escalfor s\u2019escapi (classe, passad\u00eds i porta de l&#8217;exterior). L&#8217;\u00faltim nen o l&#8217;encarregat del Medi Ambient s&#8217;ha d&#8217;encarregar de que aix\u00f2 es dugui a terme.<\/li>\n<li>Aprofitem al m\u00e0xim la llum natural. Si encenem les llums ens hem de recordar apagar-les abans de sortir.<\/li>\n<li>Embolcalls de l\u2019esmorzar. Compte amb el paper d\u2019alumini. Haur\u00edem de fer servir una carmanyola o una\u00a0bossa de pl\u00e0stic reutilitzable per l\u2019esmorzar.<\/li>\n<li>Col\u00b7laborem tots en la neteja i el manteniment de l\u2019entorn (utilitzem les papereres i contenidors del pati).<\/li>\n<li>Redu\u00efm el consum de paper, tot potenciant la seva reutilitzaci\u00f3 (fer servir el paper per les dues cares sempre que es pugui, utilitzar el paper per esborrany\u2026)<\/li>\n<li>Fem nom\u00e9s les fotoc\u00f2pies necess\u00e0ries.<\/li>\n<li>Separem les deixalles amb diferents contenidors.<\/li>\n<li>Respectem el nostre entorn i ajudem a que els altres tamb\u00e9 ho facin.<\/li>\n<li>Crear un encarregat de medi ambient<\/li>\n<li>Introduir a les classes activitats relacionades amb la sensibilitzaci\u00f3 pel medi ambient com per exemple:<\/li>\n<\/ul>\n<p>a) Tenir cura de les plantes (plantades de plantes arom\u00e0tiques, fer \u201cjardineres\u201d per cursos al\u00a0 \u00a0 \u00a0 \u00a0 \u00a0 \u00a0 \u00a0 \u00a0 \u00a0pati).<\/p>\n<p>b) Fer tallers i activitats amb materials de rebuig.<\/p>\n<p style=\"text-align: center;\" data-original-attrs=\"{&quot;style&quot;:&quot;&quot;}\">SI TOTS HI PARTICIPEM EL RESULTAT SER\u00c0 MILLOR I<\/p>\n<p style=\"text-align: center;\" data-original-attrs=\"{&quot;style&quot;:&quot;&quot;}\">TOTS I PODREM GAUDIR DEL NOSTRE ENTORN.<\/p>\n<\/div>\n","protected":false},"excerpt":{"rendered":"<p>&nbsp; 5 DE JUNY: DIA MUNDIAL DEL MEDI AMBIENT El dia 5 de juny es va celebrar a tot el m\u00f3n el Dia del Medi Ambient amb l&#8217;esl\u00f2gan TimeforNature (&#8220;Ara, la Natura&#8221; o &#8220;\u00c9s l&#8217;hora de la Natura&#8221;). Els nens i nenes de l&#8217;escola han recordat aquest dia tan important amb diferents activitats i manualitats. [&hellip;]<\/p>\n","protected":false},"author":1,"featured_media":4339,"comment_status":"open","ping_status":"closed","sticky":false,"template":"","format":"standard","meta":{"_bbp_topic_count":0,"_bbp_reply_count":0,"_bbp_total_topic_count":0,"_bbp_total_reply_count":0,"_bbp_voice_count":0,"_bbp_anonymous_reply_count":0,"_bbp_topic_count_hidden":0,"_bbp_reply_count_hidden":0,"_bbp_forum_subforum_count":0,"site-sidebar-layout":"default","site-content-layout":"","ast-site-content-layout":"","site-content-style":"default","site-sidebar-style":"default","ast-global-header-display":"","ast-banner-title-visibility":"","ast-main-header-display":"","ast-hfb-above-header-display":"","ast-hfb-below-header-display":"","ast-hfb-mobile-header-display":"","site-post-title":"","ast-breadcrumbs-content":"","ast-featured-img":"","footer-sml-layout":"","theme-transparent-header-meta":"","adv-header-id-meta":"","stick-header-meta":"","header-above-stick-meta":"","header-main-stick-meta":"","header-below-stick-meta":"","astra-migrate-meta-layouts":"default","ast-page-background-enabled":"default","ast-page-background-meta":{"desktop":{"background-color":"var(--ast-global-color-4)","background-image":"","background-repeat":"repeat","background-position":"center center","background-size":"auto","background-attachment":"scroll","background-type":"","background-media":"","overlay-type":"","overlay-color":"","overlay-opacity":"","overlay-gradient":""},"tablet":{"background-color":"","background-image":"","background-repeat":"repeat","background-position":"center center","background-size":"auto","background-attachment":"scroll","background-type":"","background-media":"","overlay-type":"","overlay-color":"","overlay-opacity":"","overlay-gradient":""},"mobile":{"background-color":"","background-image":"","background-repeat":"repeat","background-position":"center center","background-size":"auto","background-attachment":"scroll","background-type":"","background-media":"","overlay-type":"","overlay-color":"","overlay-opacity":"","overlay-gradient":""}},"ast-content-background-meta":{"desktop":{"background-color":"var(--ast-global-color-5)","background-image":"","background-repeat":"repeat","background-position":"center center","background-size":"auto","background-attachment":"scroll","background-type":"","background-media":"","overlay-type":"","overlay-color":"","overlay-opacity":"","overlay-gradient":""},"tablet":{"background-color":"var(--ast-global-color-5)","background-image":"","background-repeat":"repeat","background-position":"center center","background-size":"auto","background-attachment":"scroll","background-type":"","background-media":"","overlay-type":"","overlay-color":"","overlay-opacity":"","overlay-gradient":""},"mobile":{"background-color":"var(--ast-global-color-5)","background-image":"","background-repeat":"repeat","background-position":"center center","background-size":"auto","background-attachment":"scroll","background-type":"","background-media":"","overlay-type":"","overlay-color":"","overlay-opacity":"","overlay-gradient":""}},"footnotes":""},"categories":[123],"tags":[],"class_list":["post-4326","post","type-post","status-publish","format-standard","has-post-thumbnail","hentry","category-escoles_verdes"],"post_mailing_queue_ids":[],"_links":{"self":[{"href":"https:\/\/agora.xtec.cat\/ceip-25desetembre-rubi\/wp-json\/wp\/v2\/posts\/4326","targetHints":{"allow":["GET"]}}],"collection":[{"href":"https:\/\/agora.xtec.cat\/ceip-25desetembre-rubi\/wp-json\/wp\/v2\/posts"}],"about":[{"href":"https:\/\/agora.xtec.cat\/ceip-25desetembre-rubi\/wp-json\/wp\/v2\/types\/post"}],"author":[{"embeddable":true,"href":"https:\/\/agora.xtec.cat\/ceip-25desetembre-rubi\/wp-json\/wp\/v2\/users\/1"}],"replies":[{"embeddable":true,"href":"https:\/\/agora.xtec.cat\/ceip-25desetembre-rubi\/wp-json\/wp\/v2\/comments?post=4326"}],"version-history":[{"count":3,"href":"https:\/\/agora.xtec.cat\/ceip-25desetembre-rubi\/wp-json\/wp\/v2\/posts\/4326\/revisions"}],"predecessor-version":[{"id":4336,"href":"https:\/\/agora.xtec.cat\/ceip-25desetembre-rubi\/wp-json\/wp\/v2\/posts\/4326\/revisions\/4336"}],"wp:featuredmedia":[{"embeddable":true,"href":"https:\/\/agora.xtec.cat\/ceip-25desetembre-rubi\/wp-json\/wp\/v2\/media\/4339"}],"wp:attachment":[{"href":"https:\/\/agora.xtec.cat\/ceip-25desetembre-rubi\/wp-json\/wp\/v2\/media?parent=4326"}],"wp:term":[{"taxonomy":"category","embeddable":true,"href":"https:\/\/agora.xtec.cat\/ceip-25desetembre-rubi\/wp-json\/wp\/v2\/categories?post=4326"},{"taxonomy":"post_tag","embeddable":true,"href":"https:\/\/agora.xtec.cat\/ceip-25desetembre-rubi\/wp-json\/wp\/v2\/tags?post=4326"}],"curies":[{"name":"wp","href":"https:\/\/api.w.org\/{rel}","templated":true}]}}