{"id":4204,"date":"2021-06-26T16:39:32","date_gmt":"2021-06-26T14:39:32","guid":{"rendered":"http:\/\/agora.xtec.cat\/ceip-25desetembre-rubi\/?p=4204"},"modified":"2021-09-08T17:28:56","modified_gmt":"2021-09-08T15:28:56","slug":"informacions-i-documents-dinici-del-curs-2021-22","status":"publish","type":"post","link":"https:\/\/agora.xtec.cat\/ceip-25desetembre-rubi\/general\/informacions-i-documents-dinici-del-curs-2021-22\/","title":{"rendered":"<center>INFORMACIONS I DOCUMENTS D&#8217;INICI DEL CURS 2021-22 <\/center>"},"content":{"rendered":"<p><span style=\"font-size: 1.6875em; font-weight: bold;\">CURS 2021-22:<\/span><\/p>\n<h3><img loading=\"lazy\" decoding=\"async\" class=\"wp-image-3710 alignright\" src=\"https:\/\/agora.xtec.cat\/ceip-25desetembre-rubi\/wp-content\/uploads\/usu639\/2020\/09\/images.jpg\" alt=\"\" width=\"259\" height=\"172\" \/><\/h3>\n<ul>\n<li style=\"text-align: justify;\"><span style=\"font-family: inherit; font-size: 1em;\"><a href=\"https:\/\/agora.xtec.cat\/ceip-25desetembre-rubi\/wp-content\/uploads\/usu639\/2021\/06\/Calendari-curs-2021-22-1.pdf\" target=\"_blank\" rel=\"noopener noreferrer\">Calendari <\/a>del curs 2021-22.<\/span><\/li>\n<li>Pagament de la <a href=\"https:\/\/agora.xtec.cat\/ceip-25desetembre-rubi\/wp-content\/uploads\/usu639\/2021\/06\/Quota-\u00fanica-curs-2021-2022-Documents-de-Google.pdf\" target=\"_blank\" rel=\"noopener noreferrer\">quota \u00fanica escolar<\/a>.<\/li>\n<li>Sol\u00b7licitud d&#8217;<a href=\"https:\/\/agora.xtec.cat\/ceip-25desetembre-rubi\/wp-content\/uploads\/usu639\/2021\/06\/Sol\u00b7licitud-d\u2019inscripci\u00f3-de-socis-2021_2022.pdf\" target=\"_blank\" rel=\"noopener noreferrer\">inscripci\u00f3 de socis i s\u00f2cies<\/a> de l&#8217;AFA (omplir un per fam\u00edlia).<\/li>\n<li>Serveis del bon dia i bona tarda (es podr\u00e0 fer la inscripci\u00f3 a partir del 5 juliol, penjarem la informaci\u00f3 en uns dies).<\/li>\n<li>Servei del <a href=\"https:\/\/agora.xtec.cat\/ceip-25desetembre-rubi\/wp-content\/uploads\/usu639\/2021\/06\/MENJADOR-Benvinguda-Escola-25-setembre.pdf\" target=\"_blank\" rel=\"noopener noreferrer\">menjador<\/a> escolar.<\/li>\n<li>Informaci\u00f3 per comprar la <a href=\"https:\/\/agora.xtec.cat\/ceip-25desetembre-rubi\/wp-content\/uploads\/usu639\/2021\/06\/ROBA-ESCOLAR-BOTIGA.pdf\" target=\"_blank\" rel=\"noopener noreferrer\">roba escolar<\/a>.<\/li>\n<li>Declaraci\u00f3 responsable COVID19, <a href=\"https:\/\/agora.xtec.cat\/ceip-25desetembre-rubi\/wp-content\/uploads\/usu639\/2021\/06\/COVID-ALUMNES-DEDUCACI\u00d3-INFANTIL.pdf\" target=\"_blank\" rel=\"noopener noreferrer\">fam\u00edlies d&#8217;infantil<\/a>.<\/li>\n<li>Declaraci\u00f3 responsable COVID19, <a href=\"https:\/\/agora.xtec.cat\/ceip-25desetembre-rubi\/wp-content\/uploads\/usu639\/2021\/06\/COVID-ALUMNES-EDUCACI\u00d3-PRIM\u00c0RIA.pdf\" target=\"_blank\" rel=\"noopener noreferrer\">fam\u00edlies de prim\u00e0ria<\/a>.<\/li>\n<li>Llistat de materials que cal portar el 13 de setembre:<img loading=\"lazy\" decoding=\"async\" class=\"wp-image-4252 alignright\" src=\"https:\/\/agora.xtec.cat\/ceip-25desetembre-rubi\/wp-content\/uploads\/usu639\/2021\/06\/images.jpg\" alt=\"\" width=\"239\" height=\"251\" \/><\/li>\n<\/ul>\n<table style=\"height: 109px; width: 417px;\" border=\"1\" width=\"450\">\n<tbody>\n<tr>\n<td style=\"width: 95.4545px; text-align: center;\">\n<h4><a href=\"https:\/\/agora.xtec.cat\/ceip-25desetembre-rubi\/wp-content\/uploads\/usu639\/2021\/06\/P3-MATERIAL-INICI-DE-CURS.pdf\" target=\"_blank\" rel=\"noopener noreferrer\">P3<\/a><\/h4>\n<\/td>\n<td style=\"width: 95.4545px; text-align: center;\">\n<h4><a href=\"https:\/\/agora.xtec.cat\/ceip-25desetembre-rubi\/wp-content\/uploads\/usu639\/2021\/06\/P4-MATERIAL-INICI-DE-CURS-2.pdf\" target=\"_blank\" rel=\"noopener noreferrer\">P4<\/a><\/h4>\n<\/td>\n<td style=\"width: 101.818px; text-align: center;\">\n<h4><a href=\"https:\/\/agora.xtec.cat\/ceip-25desetembre-rubi\/wp-content\/uploads\/usu639\/2021\/06\/P5-MATERIAL-INICI-DE-CURS-2.pdf\" target=\"_blank\" rel=\"noopener noreferrer\">P5<\/a><\/h4>\n<\/td>\n<td style=\"width: 112.727px; text-align: center;\"><\/td>\n<\/tr>\n<tr>\n<td style=\"width: 95.4545px; text-align: center;\">\n<h4><a href=\"https:\/\/agora.xtec.cat\/ceip-25desetembre-rubi\/wp-content\/uploads\/usu639\/2021\/06\/1r-MATERIAL-INICI-DE-CURS.pdf\" target=\"_blank\" rel=\"noopener noreferrer\">1r<\/a><\/h4>\n<\/td>\n<td style=\"width: 95.4545px; text-align: center;\">\n<h4><a href=\"https:\/\/agora.xtec.cat\/ceip-25desetembre-rubi\/wp-content\/uploads\/usu639\/2021\/06\/2n-MATERIAL-INICI-DE-CURS.pdf\" target=\"_blank\" rel=\"noopener noreferrer\">2n<\/a><\/h4>\n<\/td>\n<td style=\"width: 101.818px; text-align: center;\">\n<h4><a href=\"https:\/\/agora.xtec.cat\/ceip-25desetembre-rubi\/wp-content\/uploads\/usu639\/2021\/06\/3r-i-4t-MATERIAL-INICI-DE-CURS.pdf\" target=\"_blank\" rel=\"noopener noreferrer\">3r i 4t<\/a><\/h4>\n<\/td>\n<td style=\"width: 112.727px; text-align: center;\">\n<h4><a href=\"https:\/\/agora.xtec.cat\/ceip-25desetembre-rubi\/wp-content\/uploads\/usu639\/2021\/06\/5\u00e8-i-6\u00e8-MATERIAL-INICI-DE-CURS.pdf\" target=\"_blank\" rel=\"noopener noreferrer\">5\u00e8 i 6\u00e8<\/a><\/h4>\n<\/td>\n<\/tr>\n<\/tbody>\n<\/table>\n<ul>\n<li>Informaci\u00f3 de les <a href=\"https:\/\/agora.xtec.cat\/ceip-25desetembre-rubi\/ampa\/extraescolars\/\" target=\"_blank\" rel=\"noopener\">extraescolars<\/a>.<\/li>\n<\/ul>\n<p>&nbsp;<\/p>\n","protected":false},"excerpt":{"rendered":"<p>CURS 2021-22: Calendari del curs 2021-22. Pagament de la quota \u00fanica escolar. Sol\u00b7licitud d&#8217;inscripci\u00f3 de socis i s\u00f2cies de l&#8217;AFA (omplir un per fam\u00edlia). Serveis del bon dia i bona tarda (es podr\u00e0 fer la inscripci\u00f3 a partir del 5 juliol, penjarem la informaci\u00f3 en uns dies). Servei del menjador escolar. Informaci\u00f3 per comprar la [&hellip;]<\/p>\n","protected":false},"author":1,"featured_media":0,"comment_status":"open","ping_status":"closed","sticky":false,"template":"","format":"standard","meta":{"_bbp_topic_count":0,"_bbp_reply_count":0,"_bbp_total_topic_count":0,"_bbp_total_reply_count":0,"_bbp_voice_count":0,"_bbp_anonymous_reply_count":0,"_bbp_topic_count_hidden":0,"_bbp_reply_count_hidden":0,"_bbp_forum_subforum_count":0,"site-sidebar-layout":"default","site-content-layout":"","ast-site-content-layout":"","site-content-style":"default","site-sidebar-style":"default","ast-global-header-display":"","ast-banner-title-visibility":"","ast-main-header-display":"","ast-hfb-above-header-display":"","ast-hfb-below-header-display":"","ast-hfb-mobile-header-display":"","site-post-title":"","ast-breadcrumbs-content":"","ast-featured-img":"","footer-sml-layout":"","theme-transparent-header-meta":"","adv-header-id-meta":"","stick-header-meta":"","header-above-stick-meta":"","header-main-stick-meta":"","header-below-stick-meta":"","astra-migrate-meta-layouts":"default","ast-page-background-enabled":"default","ast-page-background-meta":{"desktop":{"background-color":"var(--ast-global-color-4)","background-image":"","background-repeat":"repeat","background-position":"center center","background-size":"auto","background-attachment":"scroll","background-type":"","background-media":"","overlay-type":"","overlay-color":"","overlay-opacity":"","overlay-gradient":""},"tablet":{"background-color":"","background-image":"","background-repeat":"repeat","background-position":"center center","background-size":"auto","background-attachment":"scroll","background-type":"","background-media":"","overlay-type":"","overlay-color":"","overlay-opacity":"","overlay-gradient":""},"mobile":{"background-color":"","background-image":"","background-repeat":"repeat","background-position":"center center","background-size":"auto","background-attachment":"scroll","background-type":"","background-media":"","overlay-type":"","overlay-color":"","overlay-opacity":"","overlay-gradient":""}},"ast-content-background-meta":{"desktop":{"background-color":"var(--ast-global-color-5)","background-image":"","background-repeat":"repeat","background-position":"center center","background-size":"auto","background-attachment":"scroll","background-type":"","background-media":"","overlay-type":"","overlay-color":"","overlay-opacity":"","overlay-gradient":""},"tablet":{"background-color":"var(--ast-global-color-5)","background-image":"","background-repeat":"repeat","background-position":"center center","background-size":"auto","background-attachment":"scroll","background-type":"","background-media":"","overlay-type":"","overlay-color":"","overlay-opacity":"","overlay-gradient":""},"mobile":{"background-color":"var(--ast-global-color-5)","background-image":"","background-repeat":"repeat","background-position":"center center","background-size":"auto","background-attachment":"scroll","background-type":"","background-media":"","overlay-type":"","overlay-color":"","overlay-opacity":"","overlay-gradient":""}},"footnotes":""},"categories":[1,4],"tags":[],"class_list":["post-4204","post","type-post","status-publish","format-standard","hentry","category-general","category-portada"],"post_mailing_queue_ids":[],"_links":{"self":[{"href":"https:\/\/agora.xtec.cat\/ceip-25desetembre-rubi\/wp-json\/wp\/v2\/posts\/4204","targetHints":{"allow":["GET"]}}],"collection":[{"href":"https:\/\/agora.xtec.cat\/ceip-25desetembre-rubi\/wp-json\/wp\/v2\/posts"}],"about":[{"href":"https:\/\/agora.xtec.cat\/ceip-25desetembre-rubi\/wp-json\/wp\/v2\/types\/post"}],"author":[{"embeddable":true,"href":"https:\/\/agora.xtec.cat\/ceip-25desetembre-rubi\/wp-json\/wp\/v2\/users\/1"}],"replies":[{"embeddable":true,"href":"https:\/\/agora.xtec.cat\/ceip-25desetembre-rubi\/wp-json\/wp\/v2\/comments?post=4204"}],"version-history":[{"count":3,"href":"https:\/\/agora.xtec.cat\/ceip-25desetembre-rubi\/wp-json\/wp\/v2\/posts\/4204\/revisions"}],"predecessor-version":[{"id":4451,"href":"https:\/\/agora.xtec.cat\/ceip-25desetembre-rubi\/wp-json\/wp\/v2\/posts\/4204\/revisions\/4451"}],"wp:attachment":[{"href":"https:\/\/agora.xtec.cat\/ceip-25desetembre-rubi\/wp-json\/wp\/v2\/media?parent=4204"}],"wp:term":[{"taxonomy":"category","embeddable":true,"href":"https:\/\/agora.xtec.cat\/ceip-25desetembre-rubi\/wp-json\/wp\/v2\/categories?post=4204"},{"taxonomy":"post_tag","embeddable":true,"href":"https:\/\/agora.xtec.cat\/ceip-25desetembre-rubi\/wp-json\/wp\/v2\/tags?post=4204"}],"curies":[{"name":"wp","href":"https:\/\/api.w.org\/{rel}","templated":true}]}}