{"id":4181,"date":"2021-06-07T09:30:55","date_gmt":"2021-06-07T07:30:55","guid":{"rendered":"http:\/\/agora.xtec.cat\/ceip-25desetembre-rubi\/?p=4181"},"modified":"2021-06-18T18:02:42","modified_gmt":"2021-06-18T16:02:42","slug":"matriculacio-p3-curs-2021-22","status":"publish","type":"post","link":"https:\/\/agora.xtec.cat\/ceip-25desetembre-rubi\/portada\/matriculacio-p3-curs-2021-22\/","title":{"rendered":"<center>MATRICULACI\u00d3 P3 CURS 2021-22 <\/center>"},"content":{"rendered":"<p>El proc\u00e9s de matriculaci\u00f3 ser\u00e0 presencial, del 14 al 18 de juny.<\/p>\n<h3><span style=\"color: #000000;\">Cal demanar cita pr\u00e8via, ho podeu fer seguint aquest <span style=\"color: #339966;\"><a style=\"color: #339966;\" href=\"https:\/\/aplicacions.gestioeducativa.gencat.cat\/pls\/apex\/f?p=CITA_PREVIA:4::::4:P4_TIPUS_CALENDARI,P4_DOMINI:03_Oblig,08032348\" target=\"_blank\" rel=\"noopener noreferrer\">enlla\u00e7<\/a> <\/span>o b\u00e9 trucant a l&#8217;escola al tel\u00e8fon 93 551 75 82.<\/span><\/h3>\n<p>El dia de la matr\u00edcula cal portar:<\/p>\n<ul>\n<li>Fotoc\u00f2pia del carnet de vacunes.<\/li>\n<li>Fotoc\u00f2pia de la targeta sanit\u00e0ria.<\/li>\n<li>4 fotos de carnet amb el nom escrit amb llapis al darrere.<\/li>\n<\/ul>\n<p><img loading=\"lazy\" decoding=\"async\" class=\"wp-image-4179 alignleft\" src=\"https:\/\/agora.xtec.cat\/ceip-25desetembre-rubi\/wp-content\/uploads\/usu639\/2021\/06\/23308815-little-man-is-looking-for-information-isolated-white-background.jpg\" alt=\"\" width=\"129\" height=\"149\" srcset=\"https:\/\/agora.xtec.cat\/ceip-25desetembre-rubi\/wp-content\/uploads\/usu639\/2021\/06\/23308815-little-man-is-looking-for-information-isolated-white-background.jpg 389w, https:\/\/agora.xtec.cat\/ceip-25desetembre-rubi\/wp-content\/uploads\/usu639\/2021\/06\/23308815-little-man-is-looking-for-information-isolated-white-background-259x300.jpg 259w\" sizes=\"auto, (max-width: 129px) 100vw, 129px\" \/><\/p>\n","protected":false},"excerpt":{"rendered":"<p>El proc\u00e9s de matriculaci\u00f3 ser\u00e0 presencial, del 14 al 18 de juny. Cal demanar cita pr\u00e8via, ho podeu fer seguint aquest enlla\u00e7 o b\u00e9 trucant a l&#8217;escola al tel\u00e8fon 93 551 75 82. El dia de la matr\u00edcula cal portar: Fotoc\u00f2pia del carnet de vacunes. Fotoc\u00f2pia de la targeta sanit\u00e0ria. 4 fotos de carnet amb [&hellip;]<\/p>\n","protected":false},"author":1,"featured_media":0,"comment_status":"open","ping_status":"closed","sticky":false,"template":"","format":"standard","meta":{"_bbp_topic_count":0,"_bbp_reply_count":0,"_bbp_total_topic_count":0,"_bbp_total_reply_count":0,"_bbp_voice_count":0,"_bbp_anonymous_reply_count":0,"_bbp_topic_count_hidden":0,"_bbp_reply_count_hidden":0,"_bbp_forum_subforum_count":0,"site-sidebar-layout":"default","site-content-layout":"","ast-site-content-layout":"","site-content-style":"default","site-sidebar-style":"default","ast-global-header-display":"","ast-banner-title-visibility":"","ast-main-header-display":"","ast-hfb-above-header-display":"","ast-hfb-below-header-display":"","ast-hfb-mobile-header-display":"","site-post-title":"","ast-breadcrumbs-content":"","ast-featured-img":"","footer-sml-layout":"","theme-transparent-header-meta":"","adv-header-id-meta":"","stick-header-meta":"","header-above-stick-meta":"","header-main-stick-meta":"","header-below-stick-meta":"","astra-migrate-meta-layouts":"default","ast-page-background-enabled":"default","ast-page-background-meta":{"desktop":{"background-color":"var(--ast-global-color-4)","background-image":"","background-repeat":"repeat","background-position":"center center","background-size":"auto","background-attachment":"scroll","background-type":"","background-media":"","overlay-type":"","overlay-color":"","overlay-opacity":"","overlay-gradient":""},"tablet":{"background-color":"","background-image":"","background-repeat":"repeat","background-position":"center center","background-size":"auto","background-attachment":"scroll","background-type":"","background-media":"","overlay-type":"","overlay-color":"","overlay-opacity":"","overlay-gradient":""},"mobile":{"background-color":"","background-image":"","background-repeat":"repeat","background-position":"center center","background-size":"auto","background-attachment":"scroll","background-type":"","background-media":"","overlay-type":"","overlay-color":"","overlay-opacity":"","overlay-gradient":""}},"ast-content-background-meta":{"desktop":{"background-color":"var(--ast-global-color-5)","background-image":"","background-repeat":"repeat","background-position":"center center","background-size":"auto","background-attachment":"scroll","background-type":"","background-media":"","overlay-type":"","overlay-color":"","overlay-opacity":"","overlay-gradient":""},"tablet":{"background-color":"var(--ast-global-color-5)","background-image":"","background-repeat":"repeat","background-position":"center center","background-size":"auto","background-attachment":"scroll","background-type":"","background-media":"","overlay-type":"","overlay-color":"","overlay-opacity":"","overlay-gradient":""},"mobile":{"background-color":"var(--ast-global-color-5)","background-image":"","background-repeat":"repeat","background-position":"center center","background-size":"auto","background-attachment":"scroll","background-type":"","background-media":"","overlay-type":"","overlay-color":"","overlay-opacity":"","overlay-gradient":""}},"footnotes":""},"categories":[4],"tags":[],"class_list":["post-4181","post","type-post","status-publish","format-standard","hentry","category-portada"],"post_mailing_queue_ids":[],"_links":{"self":[{"href":"https:\/\/agora.xtec.cat\/ceip-25desetembre-rubi\/wp-json\/wp\/v2\/posts\/4181","targetHints":{"allow":["GET"]}}],"collection":[{"href":"https:\/\/agora.xtec.cat\/ceip-25desetembre-rubi\/wp-json\/wp\/v2\/posts"}],"about":[{"href":"https:\/\/agora.xtec.cat\/ceip-25desetembre-rubi\/wp-json\/wp\/v2\/types\/post"}],"author":[{"embeddable":true,"href":"https:\/\/agora.xtec.cat\/ceip-25desetembre-rubi\/wp-json\/wp\/v2\/users\/1"}],"replies":[{"embeddable":true,"href":"https:\/\/agora.xtec.cat\/ceip-25desetembre-rubi\/wp-json\/wp\/v2\/comments?post=4181"}],"version-history":[{"count":3,"href":"https:\/\/agora.xtec.cat\/ceip-25desetembre-rubi\/wp-json\/wp\/v2\/posts\/4181\/revisions"}],"predecessor-version":[{"id":4191,"href":"https:\/\/agora.xtec.cat\/ceip-25desetembre-rubi\/wp-json\/wp\/v2\/posts\/4181\/revisions\/4191"}],"wp:attachment":[{"href":"https:\/\/agora.xtec.cat\/ceip-25desetembre-rubi\/wp-json\/wp\/v2\/media?parent=4181"}],"wp:term":[{"taxonomy":"category","embeddable":true,"href":"https:\/\/agora.xtec.cat\/ceip-25desetembre-rubi\/wp-json\/wp\/v2\/categories?post=4181"},{"taxonomy":"post_tag","embeddable":true,"href":"https:\/\/agora.xtec.cat\/ceip-25desetembre-rubi\/wp-json\/wp\/v2\/tags?post=4181"}],"curies":[{"name":"wp","href":"https:\/\/api.w.org\/{rel}","templated":true}]}}