{"id":3071,"date":"2019-06-16T19:09:18","date_gmt":"2019-06-16T17:09:18","guid":{"rendered":"http:\/\/agora.xtec.cat\/ceip-25desetembre-rubi\/?p=3071"},"modified":"2019-06-16T19:09:18","modified_gmt":"2019-06-16T17:09:18","slug":"apadrinemrubicity","status":"publish","type":"post","link":"https:\/\/agora.xtec.cat\/ceip-25desetembre-rubi\/portada\/apadrinemrubicity\/","title":{"rendered":"Apadrinem#Rub\u00edcity"},"content":{"rendered":"<p>El passat 5 de juny va tenir lloc la jornada inaugural de l&#8217;Exposici\u00f3 del Projecte Apadrinem#Rub\u00edcity al Museu Municipal del Castell de Rub\u00ed.<\/p>\n<p>Aquest \u00e9s un projecte dels centres educatius de la ciutat (prim\u00e0ria i secund\u00e0ria) que t\u00e9 per objectiu estimar i conservar el nostre patrimoni natural, cultural i arquitect\u00f2nic.<br \/>\nNosaltres des de fa molts anys apadrinem l&#8217;espai del Torrent dels Alous. \u00c9s per aix\u00f2 que una representaci\u00f3 d&#8217;alumnes ha presentat, d&#8217;una banda, les activitats que hi duem a terme, i per una altra, els actes de la Setmana de la Terra recollits en un vdeoclip final.<br \/>\nUs convidem a tots\/es a coneixe&#8217;ls a trav\u00e9s del joc: <a href=\"https:\/\/ja.cat\/apadrinemrubicity\" target=\"_blank\" rel=\"noopener noreferrer\">https:\/\/ja.cat\/apadrinemrubicity<\/a><img loading=\"lazy\" decoding=\"async\" class=\"alignright  wp-image-3076\" src=\"https:\/\/agora.xtec.cat\/ceip-25desetembre-rubi\/wp-content\/uploads\/usu639\/2019\/06\/Captura\u00b42.jpg\" alt=\"\" width=\"415\" height=\"424\" srcset=\"https:\/\/agora.xtec.cat\/ceip-25desetembre-rubi\/wp-content\/uploads\/usu639\/2019\/06\/Captura\u00b42.jpg 596w, https:\/\/agora.xtec.cat\/ceip-25desetembre-rubi\/wp-content\/uploads\/usu639\/2019\/06\/Captura\u00b42-294x300.jpg 294w\" sizes=\"auto, (max-width: 415px) 100vw, 415px\" \/><\/p>\n<p><img loading=\"lazy\" decoding=\"async\" class=\"wp-image-3078 aligncenter\" src=\"https:\/\/agora.xtec.cat\/ceip-25desetembre-rubi\/wp-content\/uploads\/usu639\/2019\/06\/Captura4.jpg\" alt=\"\" width=\"368\" height=\"295\" srcset=\"https:\/\/agora.xtec.cat\/ceip-25desetembre-rubi\/wp-content\/uploads\/usu639\/2019\/06\/Captura4.jpg 751w, https:\/\/agora.xtec.cat\/ceip-25desetembre-rubi\/wp-content\/uploads\/usu639\/2019\/06\/Captura4-300x240.jpg 300w\" sizes=\"auto, (max-width: 368px) 100vw, 368px\" \/><\/p>\n<p>&nbsp;<\/p>\n<p>&nbsp;<\/p>\n<p>&nbsp;<\/p>\n<p><img loading=\"lazy\" decoding=\"async\" class=\"wp-image-3079 aligncenter\" src=\"https:\/\/agora.xtec.cat\/ceip-25desetembre-rubi\/wp-content\/uploads\/usu639\/2019\/06\/Captura-1024x487.jpg\" alt=\"\" width=\"413\" height=\"196\" srcset=\"https:\/\/agora.xtec.cat\/ceip-25desetembre-rubi\/wp-content\/uploads\/usu639\/2019\/06\/Captura-1024x487.jpg 1024w, https:\/\/agora.xtec.cat\/ceip-25desetembre-rubi\/wp-content\/uploads\/usu639\/2019\/06\/Captura-300x143.jpg 300w, https:\/\/agora.xtec.cat\/ceip-25desetembre-rubi\/wp-content\/uploads\/usu639\/2019\/06\/Captura-768x366.jpg 768w, https:\/\/agora.xtec.cat\/ceip-25desetembre-rubi\/wp-content\/uploads\/usu639\/2019\/06\/Captura.jpg 1061w\" sizes=\"auto, (max-width: 413px) 100vw, 413px\" \/><\/p>\n<p><img loading=\"lazy\" decoding=\"async\" class=\"wp-image-3073 alignleft\" src=\"https:\/\/agora.xtec.cat\/ceip-25desetembre-rubi\/wp-content\/uploads\/usu639\/2019\/06\/IMG_5727-1024x768.jpg\" alt=\"\" width=\"345\" height=\"259\" srcset=\"https:\/\/agora.xtec.cat\/ceip-25desetembre-rubi\/wp-content\/uploads\/usu639\/2019\/06\/IMG_5727-1024x768.jpg 1024w, https:\/\/agora.xtec.cat\/ceip-25desetembre-rubi\/wp-content\/uploads\/usu639\/2019\/06\/IMG_5727-300x225.jpg 300w, https:\/\/agora.xtec.cat\/ceip-25desetembre-rubi\/wp-content\/uploads\/usu639\/2019\/06\/IMG_5727-768x576.jpg 768w, https:\/\/agora.xtec.cat\/ceip-25desetembre-rubi\/wp-content\/uploads\/usu639\/2019\/06\/IMG_5727-200x150.jpg 200w\" sizes=\"auto, (max-width: 345px) 100vw, 345px\" \/><\/p>\n<p><img loading=\"lazy\" decoding=\"async\" class=\"wp-image-3077 alignright\" src=\"https:\/\/agora.xtec.cat\/ceip-25desetembre-rubi\/wp-content\/uploads\/usu639\/2019\/06\/Captura3.jpg\" alt=\"\" width=\"377\" height=\"320\" srcset=\"https:\/\/agora.xtec.cat\/ceip-25desetembre-rubi\/wp-content\/uploads\/usu639\/2019\/06\/Captura3.jpg 721w, https:\/\/agora.xtec.cat\/ceip-25desetembre-rubi\/wp-content\/uploads\/usu639\/2019\/06\/Captura3-300x255.jpg 300w\" sizes=\"auto, (max-width: 377px) 100vw, 377px\" \/><\/p>\n<p>&nbsp;<\/p>\n<p>&nbsp;<\/p>\n<p>&nbsp;<\/p>\n<p>&nbsp;<\/p>\n<p>&nbsp;<\/p>\n<p>&nbsp;<\/p>\n<p>&nbsp;<\/p>\n<p>&nbsp;<\/p>\n","protected":false},"excerpt":{"rendered":"<p>El passat 5 de juny va tenir lloc la jornada inaugural de l&#8217;Exposici\u00f3 del Projecte Apadrinem#Rub\u00edcity al Museu Municipal del Castell de Rub\u00ed. Aquest \u00e9s un projecte dels centres educatius de la ciutat (prim\u00e0ria i secund\u00e0ria) que t\u00e9 per objectiu estimar i conservar el nostre patrimoni natural, cultural i arquitect\u00f2nic. Nosaltres des de fa molts [&hellip;]<\/p>\n","protected":false},"author":1,"featured_media":3074,"comment_status":"open","ping_status":"closed","sticky":false,"template":"","format":"standard","meta":{"_bbp_topic_count":0,"_bbp_reply_count":0,"_bbp_total_topic_count":0,"_bbp_total_reply_count":0,"_bbp_voice_count":0,"_bbp_anonymous_reply_count":0,"_bbp_topic_count_hidden":0,"_bbp_reply_count_hidden":0,"_bbp_forum_subforum_count":0,"site-sidebar-layout":"default","site-content-layout":"","ast-site-content-layout":"","site-content-style":"default","site-sidebar-style":"default","ast-global-header-display":"","ast-banner-title-visibility":"","ast-main-header-display":"","ast-hfb-above-header-display":"","ast-hfb-below-header-display":"","ast-hfb-mobile-header-display":"","site-post-title":"","ast-breadcrumbs-content":"","ast-featured-img":"","footer-sml-layout":"","theme-transparent-header-meta":"","adv-header-id-meta":"","stick-header-meta":"","header-above-stick-meta":"","header-main-stick-meta":"","header-below-stick-meta":"","astra-migrate-meta-layouts":"default","ast-page-background-enabled":"default","ast-page-background-meta":{"desktop":{"background-color":"var(--ast-global-color-4)","background-image":"","background-repeat":"repeat","background-position":"center center","background-size":"auto","background-attachment":"scroll","background-type":"","background-media":"","overlay-type":"","overlay-color":"","overlay-opacity":"","overlay-gradient":""},"tablet":{"background-color":"","background-image":"","background-repeat":"repeat","background-position":"center center","background-size":"auto","background-attachment":"scroll","background-type":"","background-media":"","overlay-type":"","overlay-color":"","overlay-opacity":"","overlay-gradient":""},"mobile":{"background-color":"","background-image":"","background-repeat":"repeat","background-position":"center center","background-size":"auto","background-attachment":"scroll","background-type":"","background-media":"","overlay-type":"","overlay-color":"","overlay-opacity":"","overlay-gradient":""}},"ast-content-background-meta":{"desktop":{"background-color":"var(--ast-global-color-5)","background-image":"","background-repeat":"repeat","background-position":"center center","background-size":"auto","background-attachment":"scroll","background-type":"","background-media":"","overlay-type":"","overlay-color":"","overlay-opacity":"","overlay-gradient":""},"tablet":{"background-color":"var(--ast-global-color-5)","background-image":"","background-repeat":"repeat","background-position":"center center","background-size":"auto","background-attachment":"scroll","background-type":"","background-media":"","overlay-type":"","overlay-color":"","overlay-opacity":"","overlay-gradient":""},"mobile":{"background-color":"var(--ast-global-color-5)","background-image":"","background-repeat":"repeat","background-position":"center center","background-size":"auto","background-attachment":"scroll","background-type":"","background-media":"","overlay-type":"","overlay-color":"","overlay-opacity":"","overlay-gradient":""}},"footnotes":""},"categories":[93,4],"tags":[118,69],"class_list":["post-3071","post","type-post","status-publish","format-standard","has-post-thumbnail","hentry","category-infonodes","category-portada","tag-apadrinem","tag-infonodes"],"post_mailing_queue_ids":[],"_links":{"self":[{"href":"https:\/\/agora.xtec.cat\/ceip-25desetembre-rubi\/wp-json\/wp\/v2\/posts\/3071","targetHints":{"allow":["GET"]}}],"collection":[{"href":"https:\/\/agora.xtec.cat\/ceip-25desetembre-rubi\/wp-json\/wp\/v2\/posts"}],"about":[{"href":"https:\/\/agora.xtec.cat\/ceip-25desetembre-rubi\/wp-json\/wp\/v2\/types\/post"}],"author":[{"embeddable":true,"href":"https:\/\/agora.xtec.cat\/ceip-25desetembre-rubi\/wp-json\/wp\/v2\/users\/1"}],"replies":[{"embeddable":true,"href":"https:\/\/agora.xtec.cat\/ceip-25desetembre-rubi\/wp-json\/wp\/v2\/comments?post=3071"}],"version-history":[{"count":3,"href":"https:\/\/agora.xtec.cat\/ceip-25desetembre-rubi\/wp-json\/wp\/v2\/posts\/3071\/revisions"}],"predecessor-version":[{"id":3082,"href":"https:\/\/agora.xtec.cat\/ceip-25desetembre-rubi\/wp-json\/wp\/v2\/posts\/3071\/revisions\/3082"}],"wp:featuredmedia":[{"embeddable":true,"href":"https:\/\/agora.xtec.cat\/ceip-25desetembre-rubi\/wp-json\/wp\/v2\/media\/3074"}],"wp:attachment":[{"href":"https:\/\/agora.xtec.cat\/ceip-25desetembre-rubi\/wp-json\/wp\/v2\/media?parent=3071"}],"wp:term":[{"taxonomy":"category","embeddable":true,"href":"https:\/\/agora.xtec.cat\/ceip-25desetembre-rubi\/wp-json\/wp\/v2\/categories?post=3071"},{"taxonomy":"post_tag","embeddable":true,"href":"https:\/\/agora.xtec.cat\/ceip-25desetembre-rubi\/wp-json\/wp\/v2\/tags?post=3071"}],"curies":[{"name":"wp","href":"https:\/\/api.w.org\/{rel}","templated":true}]}}