{"id":2173,"date":"2018-01-13T18:11:19","date_gmt":"2018-01-13T17:11:19","guid":{"rendered":"http:\/\/agora.xtec.cat\/ceip-25desetembre-rubi\/?p=2173"},"modified":"2018-01-13T18:12:57","modified_gmt":"2018-01-13T17:12:57","slug":"afrucat","status":"publish","type":"post","link":"https:\/\/agora.xtec.cat\/ceip-25desetembre-rubi\/portada\/afrucat\/","title":{"rendered":"Afrucat"},"content":{"rendered":"<p>Pla de consum de fruita a les escoles:<\/p>\n<p>El passat dimecres dia 10 de gener es va dur a terme el primer Afrucat de l&#8217;any, agra\u00efm la col\u00b7laboraci\u00f3 de totes les fam\u00edlies que ho van fer possible.<\/p>\n<div class=\"col-xs-6 col-md-9\">\n<div id=\"m_-2403875246078031102gmail-bloc2\" class=\"m_-2403875246078031102gmail-panel-collapse m_-2403875246078031102gmail-collapse m_-2403875246078031102gmail-in\">\n<div class=\"m_-2403875246078031102gmail-col-xs-12\">\n<div class=\"m_-2403875246078031102gmail-cos_bloc m_-2403875246078031102gmail-basic_text_peq m_-2403875246078031102gmail-pd-15\">\n<p><img loading=\"lazy\" decoding=\"async\" class=\"alignleft wp-image-2174 size-medium\" src=\"http:\/\/agora.xtec.cat\/ceip-25desetembre-rubi\/wp-content\/uploads\/usu639\/2018\/01\/26231845_1517574325004704_7506877792869828038_n-300x225.jpg\" alt=\"\" width=\"300\" height=\"225\" srcset=\"https:\/\/agora.xtec.cat\/ceip-25desetembre-rubi\/wp-content\/uploads\/usu639\/2018\/01\/26231845_1517574325004704_7506877792869828038_n-300x225.jpg 300w, https:\/\/agora.xtec.cat\/ceip-25desetembre-rubi\/wp-content\/uploads\/usu639\/2018\/01\/26231845_1517574325004704_7506877792869828038_n-768x576.jpg 768w, https:\/\/agora.xtec.cat\/ceip-25desetembre-rubi\/wp-content\/uploads\/usu639\/2018\/01\/26231845_1517574325004704_7506877792869828038_n-200x150.jpg 200w, https:\/\/agora.xtec.cat\/ceip-25desetembre-rubi\/wp-content\/uploads\/usu639\/2018\/01\/26231845_1517574325004704_7506877792869828038_n.jpg 960w\" sizes=\"auto, (max-width: 300px) 100vw, 300px\" \/><\/p>\n<p><img loading=\"lazy\" decoding=\"async\" class=\"aligncenter wp-image-2176 size-medium\" src=\"http:\/\/agora.xtec.cat\/ceip-25desetembre-rubi\/wp-content\/uploads\/usu639\/2018\/01\/26804875_1517574231671380_8931641921378197876_n-225x300.jpg\" alt=\"\" width=\"225\" height=\"300\" srcset=\"https:\/\/agora.xtec.cat\/ceip-25desetembre-rubi\/wp-content\/uploads\/usu639\/2018\/01\/26804875_1517574231671380_8931641921378197876_n-225x300.jpg 225w, https:\/\/agora.xtec.cat\/ceip-25desetembre-rubi\/wp-content\/uploads\/usu639\/2018\/01\/26804875_1517574231671380_8931641921378197876_n.jpg 720w\" sizes=\"auto, (max-width: 225px) 100vw, 225px\" \/>Qu\u00e8 \u00e9s l&#8217;Afrucat?<\/p>\n<\/div>\n<\/div>\n<div class=\"m_-2403875246078031102gmail-col-xs-12\">\n<div class=\"m_-2403875246078031102gmail-cos_bloc m_-2403875246078031102gmail-basic_text_peq m_-2403875246078031102gmail-pd-15\">\n<p>El Departament d&#8217;Agricultura, Ramaderia, Pesca i Alimentaci\u00f3 reparteix gratu\u00eftament fruita i verdura fresca als escolars de segon cicle d\u2019educaci\u00f3 infantil i de prim\u00e0ria (infants de 3 a 12 anys) de centres educatius que ho demanin.<\/p>\n<\/div>\n<div class=\"m_-2403875246078031102gmail-cos_bloc m_-2403875246078031102gmail-basic_text_peq m_-2403875246078031102gmail-pd-15\">\n<p>\u00c9s una iniciativa de la Uni\u00f3 Europea amb l&#8217;acci\u00f3 conjunta dels departaments d\u2019Agricultura, Salut i Ensenyament.<\/p>\n<p>Els objectius s\u00f3n:<\/p>\n<ul>\n<li>Oferir fruita gratu\u00efta en els esmorzars i\/o berenars dins del centre escolar.<\/li>\n<li>Informar sobre els beneficis de pujar el consum de fruites i verdures, i sobre la seva diversitat, trets, producci\u00f3, estacionalitat, etc.<\/li>\n<li>Proposar el consum de fruites com una alternativa excel\u00b7lent al consum d\u2019altres aliments amb menys qualitat nutricional.<\/li>\n<\/ul>\n<p>Es pret\u00e9n amb aix\u00f2 afavorir la salut dels infants i promoure el consum de fruites, verdures, fruita seca, llegums, aigua i joc actiu.<\/p>\n<p>I tamb\u00e9 reduir el consum llaminadures, begudes refrescants, brioxeria i videojocs sedentaris.<\/p>\n<p><a href=\"http:\/\/agricultura.gencat.cat\/ca\/ambits\/alimentacio\/fruites-hortalisses\/fruita-escoles\/\">http:\/\/agricultura.gencat.cat\/ca\/ambits\/alimentacio\/fruites-hortalisses\/fruita-escoles\/<\/a><\/p>\n<\/div>\n<\/div>\n<\/div>\n<\/div>\n","protected":false},"excerpt":{"rendered":"<p>Pla de consum de fruita a les escoles: El passat dimecres dia 10 de gener es va dur a terme el primer Afrucat de l&#8217;any, agra\u00efm la col\u00b7laboraci\u00f3 de totes les fam\u00edlies que ho van fer possible. Qu\u00e8 \u00e9s l&#8217;Afrucat? El Departament d&#8217;Agricultura, Ramaderia, Pesca i Alimentaci\u00f3 reparteix gratu\u00eftament fruita i verdura fresca als escolars [&hellip;]<\/p>\n","protected":false},"author":1,"featured_media":2175,"comment_status":"open","ping_status":"closed","sticky":false,"template":"","format":"standard","meta":{"_bbp_topic_count":0,"_bbp_reply_count":0,"_bbp_total_topic_count":0,"_bbp_total_reply_count":0,"_bbp_voice_count":0,"_bbp_anonymous_reply_count":0,"_bbp_topic_count_hidden":0,"_bbp_reply_count_hidden":0,"_bbp_forum_subforum_count":0,"site-sidebar-layout":"default","site-content-layout":"","ast-site-content-layout":"","site-content-style":"default","site-sidebar-style":"default","ast-global-header-display":"","ast-banner-title-visibility":"","ast-main-header-display":"","ast-hfb-above-header-display":"","ast-hfb-below-header-display":"","ast-hfb-mobile-header-display":"","site-post-title":"","ast-breadcrumbs-content":"","ast-featured-img":"","footer-sml-layout":"","theme-transparent-header-meta":"","adv-header-id-meta":"","stick-header-meta":"","header-above-stick-meta":"","header-main-stick-meta":"","header-below-stick-meta":"","astra-migrate-meta-layouts":"default","ast-page-background-enabled":"default","ast-page-background-meta":{"desktop":{"background-color":"var(--ast-global-color-4)","background-image":"","background-repeat":"repeat","background-position":"center center","background-size":"auto","background-attachment":"scroll","background-type":"","background-media":"","overlay-type":"","overlay-color":"","overlay-opacity":"","overlay-gradient":""},"tablet":{"background-color":"","background-image":"","background-repeat":"repeat","background-position":"center center","background-size":"auto","background-attachment":"scroll","background-type":"","background-media":"","overlay-type":"","overlay-color":"","overlay-opacity":"","overlay-gradient":""},"mobile":{"background-color":"","background-image":"","background-repeat":"repeat","background-position":"center center","background-size":"auto","background-attachment":"scroll","background-type":"","background-media":"","overlay-type":"","overlay-color":"","overlay-opacity":"","overlay-gradient":""}},"ast-content-background-meta":{"desktop":{"background-color":"var(--ast-global-color-5)","background-image":"","background-repeat":"repeat","background-position":"center center","background-size":"auto","background-attachment":"scroll","background-type":"","background-media":"","overlay-type":"","overlay-color":"","overlay-opacity":"","overlay-gradient":""},"tablet":{"background-color":"var(--ast-global-color-5)","background-image":"","background-repeat":"repeat","background-position":"center center","background-size":"auto","background-attachment":"scroll","background-type":"","background-media":"","overlay-type":"","overlay-color":"","overlay-opacity":"","overlay-gradient":""},"mobile":{"background-color":"var(--ast-global-color-5)","background-image":"","background-repeat":"repeat","background-position":"center center","background-size":"auto","background-attachment":"scroll","background-type":"","background-media":"","overlay-type":"","overlay-color":"","overlay-opacity":"","overlay-gradient":""}},"footnotes":""},"categories":[4],"tags":[],"class_list":["post-2173","post","type-post","status-publish","format-standard","has-post-thumbnail","hentry","category-portada"],"post_mailing_queue_ids":[],"_links":{"self":[{"href":"https:\/\/agora.xtec.cat\/ceip-25desetembre-rubi\/wp-json\/wp\/v2\/posts\/2173","targetHints":{"allow":["GET"]}}],"collection":[{"href":"https:\/\/agora.xtec.cat\/ceip-25desetembre-rubi\/wp-json\/wp\/v2\/posts"}],"about":[{"href":"https:\/\/agora.xtec.cat\/ceip-25desetembre-rubi\/wp-json\/wp\/v2\/types\/post"}],"author":[{"embeddable":true,"href":"https:\/\/agora.xtec.cat\/ceip-25desetembre-rubi\/wp-json\/wp\/v2\/users\/1"}],"replies":[{"embeddable":true,"href":"https:\/\/agora.xtec.cat\/ceip-25desetembre-rubi\/wp-json\/wp\/v2\/comments?post=2173"}],"version-history":[{"count":3,"href":"https:\/\/agora.xtec.cat\/ceip-25desetembre-rubi\/wp-json\/wp\/v2\/posts\/2173\/revisions"}],"predecessor-version":[{"id":2179,"href":"https:\/\/agora.xtec.cat\/ceip-25desetembre-rubi\/wp-json\/wp\/v2\/posts\/2173\/revisions\/2179"}],"wp:featuredmedia":[{"embeddable":true,"href":"https:\/\/agora.xtec.cat\/ceip-25desetembre-rubi\/wp-json\/wp\/v2\/media\/2175"}],"wp:attachment":[{"href":"https:\/\/agora.xtec.cat\/ceip-25desetembre-rubi\/wp-json\/wp\/v2\/media?parent=2173"}],"wp:term":[{"taxonomy":"category","embeddable":true,"href":"https:\/\/agora.xtec.cat\/ceip-25desetembre-rubi\/wp-json\/wp\/v2\/categories?post=2173"},{"taxonomy":"post_tag","embeddable":true,"href":"https:\/\/agora.xtec.cat\/ceip-25desetembre-rubi\/wp-json\/wp\/v2\/tags?post=2173"}],"curies":[{"name":"wp","href":"https:\/\/api.w.org\/{rel}","templated":true}]}}