{"id":4304,"date":"2023-05-24T12:54:39","date_gmt":"2023-05-24T10:54:39","guid":{"rendered":"https:\/\/agora.xtec.cat\/ceenostrasradelmar\/?p=4304"},"modified":"2023-05-24T12:54:53","modified_gmt":"2023-05-24T10:54:53","slug":"lhortet-de-la-mar","status":"publish","type":"post","link":"https:\/\/agora.xtec.cat\/ceenostrasradelmar\/general\/lhortet-de-la-mar\/","title":{"rendered":"L\u2019HORTET DE LA MAR"},"content":{"rendered":"<p><span style=\"font-weight: 400;\">\u00a0El\u00a0 divendres abans de les vacances de Setmana Santa\u00a0 els alumnes de la classe Calipso vam obrir, per primera vegada \u201cL\u2019HORTET DE LA MAR\u201d.<\/span><\/p>\n<p><span style=\"font-weight: 400;\">I qu\u00e8 \u00e8s aix\u00f2?\u00a0 Doncs L\u2019HORTET DE LA MAR \u00e9s una botigueta on venem les verdures que produ\u00efm a l\u2019hort de l\u2019escola i, com que el nostre hort \u00e9s bastant petit,\u00a0 ho complementem amb verdures\u00a0 produ\u00efdes a l\u2019Institut d\u2019Horticultura. Amb els beneficis de la botiga\u00a0 comprarem planter, material\u00a0 i eines per a l\u2019hort escolar.<\/span><\/p>\n<p><span style=\"font-weight: 400;\">L\u2019HORTET DE LA MAR\u00a0 va ser un \u00e8xit, vam poder vendre totes les hortalisses\u00a0 que teniem. Hem d\u2019agrair la participaci\u00f3 de les fam\u00edlies, alumnes i professores i professors de l\u2019escola que van venir a comprar a la nostra botiga i esperem tornar-la a obrir d\u2019aqu\u00ed\u00a0 a poc temps.<\/span><\/p>\n<p><a href=\"https:\/\/agora.xtec.cat\/ceenostrasradelmar\/wp-content\/uploads\/usu1306\/2023\/05\/calipso-hortet.png\"><img loading=\"lazy\" decoding=\"async\" class=\"size-full wp-image-4305 aligncenter\" src=\"https:\/\/agora.xtec.cat\/ceenostrasradelmar\/wp-content\/uploads\/usu1306\/2023\/05\/calipso-hortet.png\" alt=\"\" width=\"512\" height=\"384\" \/><\/a><\/p>\n","protected":false},"excerpt":{"rendered":"<p>\u00a0El\u00a0 divendres abans de les vacances de Setmana Santa\u00a0 els alumnes de la classe Calipso vam obrir, per primera vegada \u201cL\u2019HORTET DE LA MAR\u201d. I qu\u00e8 \u00e8s aix\u00f2?\u00a0 Doncs L\u2019HORTET DE LA MAR \u00e9s una botigueta on venem les verdures que produ\u00efm a l\u2019hort de l\u2019escola i, com que el nostre hort \u00e9s bastant petit,\u00a0 [&hellip;]<\/p>\n","protected":false},"author":1,"featured_media":4305,"comment_status":"open","ping_status":"closed","sticky":false,"template":"","format":"standard","meta":{"_bbp_topic_count":0,"_bbp_reply_count":0,"_bbp_total_topic_count":0,"_bbp_total_reply_count":0,"_bbp_voice_count":0,"_bbp_anonymous_reply_count":0,"_bbp_topic_count_hidden":0,"_bbp_reply_count_hidden":0,"_bbp_forum_subforum_count":0,"site-sidebar-layout":"default","site-content-layout":"","ast-site-content-layout":"","site-content-style":"default","site-sidebar-style":"default","ast-global-header-display":"","ast-banner-title-visibility":"","ast-main-header-display":"","ast-hfb-above-header-display":"","ast-hfb-below-header-display":"","ast-hfb-mobile-header-display":"","site-post-title":"","ast-breadcrumbs-content":"","ast-featured-img":"","footer-sml-layout":"","theme-transparent-header-meta":"","adv-header-id-meta":"","stick-header-meta":"","header-above-stick-meta":"","header-main-stick-meta":"","header-below-stick-meta":"","astra-migrate-meta-layouts":"default","ast-page-background-enabled":"default","ast-page-background-meta":{"desktop":{"background-color":"var(--ast-global-color-4)","background-image":"","background-repeat":"repeat","background-position":"center center","background-size":"auto","background-attachment":"scroll","background-type":"","background-media":"","overlay-type":"","overlay-color":"","overlay-opacity":"","overlay-gradient":""},"tablet":{"background-color":"","background-image":"","background-repeat":"repeat","background-position":"center center","background-size":"auto","background-attachment":"scroll","background-type":"","background-media":"","overlay-type":"","overlay-color":"","overlay-opacity":"","overlay-gradient":""},"mobile":{"background-color":"","background-image":"","background-repeat":"repeat","background-position":"center center","background-size":"auto","background-attachment":"scroll","background-type":"","background-media":"","overlay-type":"","overlay-color":"","overlay-opacity":"","overlay-gradient":""}},"ast-content-background-meta":{"desktop":{"background-color":"var(--ast-global-color-5)","background-image":"","background-repeat":"repeat","background-position":"center center","background-size":"auto","background-attachment":"scroll","background-type":"","background-media":"","overlay-type":"","overlay-color":"","overlay-opacity":"","overlay-gradient":""},"tablet":{"background-color":"var(--ast-global-color-5)","background-image":"","background-repeat":"repeat","background-position":"center center","background-size":"auto","background-attachment":"scroll","background-type":"","background-media":"","overlay-type":"","overlay-color":"","overlay-opacity":"","overlay-gradient":""},"mobile":{"background-color":"var(--ast-global-color-5)","background-image":"","background-repeat":"repeat","background-position":"center center","background-size":"auto","background-attachment":"scroll","background-type":"","background-media":"","overlay-type":"","overlay-color":"","overlay-opacity":"","overlay-gradient":""}},"footnotes":""},"categories":[1,4,14],"tags":[],"class_list":["post-4304","post","type-post","status-publish","format-standard","has-post-thumbnail","hentry","category-general","category-portada","category-trapezi"],"post_mailing_queue_ids":[],"_links":{"self":[{"href":"https:\/\/agora.xtec.cat\/ceenostrasradelmar\/wp-json\/wp\/v2\/posts\/4304","targetHints":{"allow":["GET"]}}],"collection":[{"href":"https:\/\/agora.xtec.cat\/ceenostrasradelmar\/wp-json\/wp\/v2\/posts"}],"about":[{"href":"https:\/\/agora.xtec.cat\/ceenostrasradelmar\/wp-json\/wp\/v2\/types\/post"}],"author":[{"embeddable":true,"href":"https:\/\/agora.xtec.cat\/ceenostrasradelmar\/wp-json\/wp\/v2\/users\/1"}],"replies":[{"embeddable":true,"href":"https:\/\/agora.xtec.cat\/ceenostrasradelmar\/wp-json\/wp\/v2\/comments?post=4304"}],"version-history":[{"count":1,"href":"https:\/\/agora.xtec.cat\/ceenostrasradelmar\/wp-json\/wp\/v2\/posts\/4304\/revisions"}],"predecessor-version":[{"id":4306,"href":"https:\/\/agora.xtec.cat\/ceenostrasradelmar\/wp-json\/wp\/v2\/posts\/4304\/revisions\/4306"}],"wp:featuredmedia":[{"embeddable":true,"href":"https:\/\/agora.xtec.cat\/ceenostrasradelmar\/wp-json\/wp\/v2\/media\/4305"}],"wp:attachment":[{"href":"https:\/\/agora.xtec.cat\/ceenostrasradelmar\/wp-json\/wp\/v2\/media?parent=4304"}],"wp:term":[{"taxonomy":"category","embeddable":true,"href":"https:\/\/agora.xtec.cat\/ceenostrasradelmar\/wp-json\/wp\/v2\/categories?post=4304"},{"taxonomy":"post_tag","embeddable":true,"href":"https:\/\/agora.xtec.cat\/ceenostrasradelmar\/wp-json\/wp\/v2\/tags?post=4304"}],"curies":[{"name":"wp","href":"https:\/\/api.w.org\/{rel}","templated":true}]}}