{"id":4298,"date":"2023-05-23T20:55:30","date_gmt":"2023-05-23T18:55:30","guid":{"rendered":"https:\/\/agora.xtec.cat\/ceenostrasradelmar\/?p=4298"},"modified":"2023-05-24T12:55:47","modified_gmt":"2023-05-24T10:55:47","slug":"el-dia-internacional-dels-boscos","status":"publish","type":"post","link":"https:\/\/agora.xtec.cat\/ceenostrasradelmar\/general\/el-dia-internacional-dels-boscos\/","title":{"rendered":"EL DIA INTERNACIONAL DELS BOSCOS"},"content":{"rendered":"<p><span style=\"font-weight: 400;\">El dimarts 21 de mar\u00e7 va ser el Dia Internacional dels Boscos. A l\u2019escola, despr\u00e9s del pati, ens vam reunir totes les classes davant del nostre bosc.<\/span><\/p>\n<p><span style=\"font-weight: 400;\">Vam inaugurar una instal\u00b7laci\u00f3 que vam fer la classe CALIPSO.\u00a0\u00a0<\/span><\/p>\n<p><span style=\"font-weight: 400;\">La instal\u00b7laci\u00f3 \u00e9s un marc de porta de color rosa. Al damunt del marc hi ha un cartell, fet amb fusta reciclada d\u2019un palet, amb el nom del bosc \u00abEL BOSQUET DEL MAR\u00bb. Als laterals hi ha cartells m\u00e9s petits, fets amb llistons, amb el nom de totes les classes de l&#8217;escola i dels costats del marc\u00a0 pengen unes cordes guarnides amb robes de colors.\u00a0<\/span><\/p>\n<p><span style=\"font-weight: 400;\">Per inaugurar la instal\u00b7laci\u00f3 primer vam fer una petita presentaci\u00f3 explicant el motiu d\u2019aquest acte. Despr\u00e9s vam destapar l\u2019estructura, que pr\u00e8viament hav\u00edem cobert amb una tela. Per \u00faltim els alumnes de la classe Calipso vam anar anomenant cada classe perqu\u00e8 pengessin el cartell amb el seu nom i es fessin una foto davant de la instal\u00b7laci\u00f3.<\/span><a href=\"https:\/\/agora.xtec.cat\/ceenostrasradelmar\/wp-content\/uploads\/usu1306\/2023\/05\/CALIPSO1.png\"><img loading=\"lazy\" decoding=\"async\" class=\"alignleft size-full wp-image-4299\" src=\"https:\/\/agora.xtec.cat\/ceenostrasradelmar\/wp-content\/uploads\/usu1306\/2023\/05\/CALIPSO1.png\" alt=\"\" width=\"777\" height=\"530\" \/><\/a><\/p>\n","protected":false},"excerpt":{"rendered":"<p>El dimarts 21 de mar\u00e7 va ser el Dia Internacional dels Boscos. A l\u2019escola, despr\u00e9s del pati, ens vam reunir totes les classes davant del nostre bosc. Vam inaugurar una instal\u00b7laci\u00f3 que vam fer la classe CALIPSO.\u00a0\u00a0 La instal\u00b7laci\u00f3 \u00e9s un marc de porta de color rosa. Al damunt del marc hi ha un cartell, [&hellip;]<\/p>\n","protected":false},"author":1,"featured_media":4299,"comment_status":"open","ping_status":"closed","sticky":false,"template":"","format":"standard","meta":{"_bbp_topic_count":0,"_bbp_reply_count":0,"_bbp_total_topic_count":0,"_bbp_total_reply_count":0,"_bbp_voice_count":0,"_bbp_anonymous_reply_count":0,"_bbp_topic_count_hidden":0,"_bbp_reply_count_hidden":0,"_bbp_forum_subforum_count":0,"site-sidebar-layout":"default","site-content-layout":"","ast-site-content-layout":"","site-content-style":"default","site-sidebar-style":"default","ast-global-header-display":"","ast-banner-title-visibility":"","ast-main-header-display":"","ast-hfb-above-header-display":"","ast-hfb-below-header-display":"","ast-hfb-mobile-header-display":"","site-post-title":"","ast-breadcrumbs-content":"","ast-featured-img":"","footer-sml-layout":"","theme-transparent-header-meta":"","adv-header-id-meta":"","stick-header-meta":"","header-above-stick-meta":"","header-main-stick-meta":"","header-below-stick-meta":"","astra-migrate-meta-layouts":"default","ast-page-background-enabled":"default","ast-page-background-meta":{"desktop":{"background-color":"var(--ast-global-color-4)","background-image":"","background-repeat":"repeat","background-position":"center center","background-size":"auto","background-attachment":"scroll","background-type":"","background-media":"","overlay-type":"","overlay-color":"","overlay-opacity":"","overlay-gradient":""},"tablet":{"background-color":"","background-image":"","background-repeat":"repeat","background-position":"center center","background-size":"auto","background-attachment":"scroll","background-type":"","background-media":"","overlay-type":"","overlay-color":"","overlay-opacity":"","overlay-gradient":""},"mobile":{"background-color":"","background-image":"","background-repeat":"repeat","background-position":"center center","background-size":"auto","background-attachment":"scroll","background-type":"","background-media":"","overlay-type":"","overlay-color":"","overlay-opacity":"","overlay-gradient":""}},"ast-content-background-meta":{"desktop":{"background-color":"var(--ast-global-color-5)","background-image":"","background-repeat":"repeat","background-position":"center center","background-size":"auto","background-attachment":"scroll","background-type":"","background-media":"","overlay-type":"","overlay-color":"","overlay-opacity":"","overlay-gradient":""},"tablet":{"background-color":"var(--ast-global-color-5)","background-image":"","background-repeat":"repeat","background-position":"center center","background-size":"auto","background-attachment":"scroll","background-type":"","background-media":"","overlay-type":"","overlay-color":"","overlay-opacity":"","overlay-gradient":""},"mobile":{"background-color":"var(--ast-global-color-5)","background-image":"","background-repeat":"repeat","background-position":"center center","background-size":"auto","background-attachment":"scroll","background-type":"","background-media":"","overlay-type":"","overlay-color":"","overlay-opacity":"","overlay-gradient":""}},"footnotes":""},"categories":[1,4,14],"tags":[],"class_list":["post-4298","post","type-post","status-publish","format-standard","has-post-thumbnail","hentry","category-general","category-portada","category-trapezi"],"post_mailing_queue_ids":[],"_links":{"self":[{"href":"https:\/\/agora.xtec.cat\/ceenostrasradelmar\/wp-json\/wp\/v2\/posts\/4298","targetHints":{"allow":["GET"]}}],"collection":[{"href":"https:\/\/agora.xtec.cat\/ceenostrasradelmar\/wp-json\/wp\/v2\/posts"}],"about":[{"href":"https:\/\/agora.xtec.cat\/ceenostrasradelmar\/wp-json\/wp\/v2\/types\/post"}],"author":[{"embeddable":true,"href":"https:\/\/agora.xtec.cat\/ceenostrasradelmar\/wp-json\/wp\/v2\/users\/1"}],"replies":[{"embeddable":true,"href":"https:\/\/agora.xtec.cat\/ceenostrasradelmar\/wp-json\/wp\/v2\/comments?post=4298"}],"version-history":[{"count":1,"href":"https:\/\/agora.xtec.cat\/ceenostrasradelmar\/wp-json\/wp\/v2\/posts\/4298\/revisions"}],"predecessor-version":[{"id":4300,"href":"https:\/\/agora.xtec.cat\/ceenostrasradelmar\/wp-json\/wp\/v2\/posts\/4298\/revisions\/4300"}],"wp:featuredmedia":[{"embeddable":true,"href":"https:\/\/agora.xtec.cat\/ceenostrasradelmar\/wp-json\/wp\/v2\/media\/4299"}],"wp:attachment":[{"href":"https:\/\/agora.xtec.cat\/ceenostrasradelmar\/wp-json\/wp\/v2\/media?parent=4298"}],"wp:term":[{"taxonomy":"category","embeddable":true,"href":"https:\/\/agora.xtec.cat\/ceenostrasradelmar\/wp-json\/wp\/v2\/categories?post=4298"},{"taxonomy":"post_tag","embeddable":true,"href":"https:\/\/agora.xtec.cat\/ceenostrasradelmar\/wp-json\/wp\/v2\/tags?post=4298"}],"curies":[{"name":"wp","href":"https:\/\/api.w.org\/{rel}","templated":true}]}}