{"id":4197,"date":"2023-02-24T22:02:55","date_gmt":"2023-02-24T21:02:55","guid":{"rendered":"https:\/\/agora.xtec.cat\/ceenostrasradelmar\/?p=4197"},"modified":"2023-02-24T22:05:15","modified_gmt":"2023-02-24T21:05:15","slug":"festa-de-carnaval-rocker-i-calcotada","status":"publish","type":"post","link":"https:\/\/agora.xtec.cat\/ceenostrasradelmar\/general\/festa-de-carnaval-rocker-i-calcotada\/","title":{"rendered":"FESTA DE CARNAVAL ROCKER I CAL\u00c7OTADA"},"content":{"rendered":"<p align=\"justify\"><span style=\"font-family: Arial, serif;\"><span lang=\"ca-ES\">La tem\u00e0tica del Carnaval d\u2019aquest curs ha sigut el \u201cRock and Roll\u201d.<\/span><\/span><\/p>\n<p align=\"justify\"><span style=\"font-family: Arial, serif;\"><span lang=\"ca-ES\">Durant tota la setmana, el rei Carnestoltes rocker ens ha anat indicant les ordres que tots i totes hav\u00edem de seguir cada dia:<\/span><\/span><\/p>\n<table style=\"border-collapse: collapse; width: 100%;\">\n<tbody>\n<tr>\n<td style=\"width: 20%;\"><a href=\"https:\/\/agora.xtec.cat\/ceenostrasradelmar\/wp-content\/uploads\/usu1306\/2023\/02\/pdf_20230209_110458_0000_page-0001-scaled.jpg\"><img loading=\"lazy\" decoding=\"async\" class=\"alignleft size-large wp-image-4178\" src=\"https:\/\/agora.xtec.cat\/ceenostrasradelmar\/wp-content\/uploads\/usu1306\/2023\/02\/pdf_20230209_110458_0000_page-0001-1024x576.jpg\" alt=\"\" width=\"1024\" height=\"576\" srcset=\"https:\/\/agora.xtec.cat\/ceenostrasradelmar\/wp-content\/uploads\/usu1306\/2023\/02\/pdf_20230209_110458_0000_page-0001-1024x576.jpg 1024w, https:\/\/agora.xtec.cat\/ceenostrasradelmar\/wp-content\/uploads\/usu1306\/2023\/02\/pdf_20230209_110458_0000_page-0001-300x169.jpg 300w, https:\/\/agora.xtec.cat\/ceenostrasradelmar\/wp-content\/uploads\/usu1306\/2023\/02\/pdf_20230209_110458_0000_page-0001-768x432.jpg 768w, https:\/\/agora.xtec.cat\/ceenostrasradelmar\/wp-content\/uploads\/usu1306\/2023\/02\/pdf_20230209_110458_0000_page-0001-1536x864.jpg 1536w, https:\/\/agora.xtec.cat\/ceenostrasradelmar\/wp-content\/uploads\/usu1306\/2023\/02\/pdf_20230209_110458_0000_page-0001-2048x1152.jpg 2048w\" sizes=\"auto, (max-width: 1024px) 100vw, 1024px\" \/><\/a><\/td>\n<td style=\"width: 20%;\"><a href=\"https:\/\/agora.xtec.cat\/ceenostrasradelmar\/wp-content\/uploads\/usu1306\/2023\/02\/pdf_20230209_110458_0000_page-0002-scaled.jpg\"><img loading=\"lazy\" decoding=\"async\" class=\"alignleft size-large wp-image-4179\" src=\"https:\/\/agora.xtec.cat\/ceenostrasradelmar\/wp-content\/uploads\/usu1306\/2023\/02\/pdf_20230209_110458_0000_page-0002-1024x576.jpg\" alt=\"\" width=\"1024\" height=\"576\" srcset=\"https:\/\/agora.xtec.cat\/ceenostrasradelmar\/wp-content\/uploads\/usu1306\/2023\/02\/pdf_20230209_110458_0000_page-0002-1024x576.jpg 1024w, https:\/\/agora.xtec.cat\/ceenostrasradelmar\/wp-content\/uploads\/usu1306\/2023\/02\/pdf_20230209_110458_0000_page-0002-300x169.jpg 300w, https:\/\/agora.xtec.cat\/ceenostrasradelmar\/wp-content\/uploads\/usu1306\/2023\/02\/pdf_20230209_110458_0000_page-0002-768x432.jpg 768w, https:\/\/agora.xtec.cat\/ceenostrasradelmar\/wp-content\/uploads\/usu1306\/2023\/02\/pdf_20230209_110458_0000_page-0002-1536x864.jpg 1536w, https:\/\/agora.xtec.cat\/ceenostrasradelmar\/wp-content\/uploads\/usu1306\/2023\/02\/pdf_20230209_110458_0000_page-0002-2048x1152.jpg 2048w\" sizes=\"auto, (max-width: 1024px) 100vw, 1024px\" \/><\/a><\/td>\n<td style=\"width: 20%;\"><a href=\"https:\/\/agora.xtec.cat\/ceenostrasradelmar\/wp-content\/uploads\/usu1306\/2023\/02\/pdf_20230209_110458_0000_page-0003-scaled.jpg\"><img loading=\"lazy\" decoding=\"async\" class=\"alignleft size-large wp-image-4177\" src=\"https:\/\/agora.xtec.cat\/ceenostrasradelmar\/wp-content\/uploads\/usu1306\/2023\/02\/pdf_20230209_110458_0000_page-0003-1024x576.jpg\" alt=\"\" width=\"1024\" height=\"576\" srcset=\"https:\/\/agora.xtec.cat\/ceenostrasradelmar\/wp-content\/uploads\/usu1306\/2023\/02\/pdf_20230209_110458_0000_page-0003-1024x576.jpg 1024w, https:\/\/agora.xtec.cat\/ceenostrasradelmar\/wp-content\/uploads\/usu1306\/2023\/02\/pdf_20230209_110458_0000_page-0003-300x169.jpg 300w, https:\/\/agora.xtec.cat\/ceenostrasradelmar\/wp-content\/uploads\/usu1306\/2023\/02\/pdf_20230209_110458_0000_page-0003-768x432.jpg 768w, https:\/\/agora.xtec.cat\/ceenostrasradelmar\/wp-content\/uploads\/usu1306\/2023\/02\/pdf_20230209_110458_0000_page-0003-1536x864.jpg 1536w, https:\/\/agora.xtec.cat\/ceenostrasradelmar\/wp-content\/uploads\/usu1306\/2023\/02\/pdf_20230209_110458_0000_page-0003-2048x1152.jpg 2048w\" sizes=\"auto, (max-width: 1024px) 100vw, 1024px\" \/><\/a><\/td>\n<td style=\"width: 20%;\"><a href=\"https:\/\/agora.xtec.cat\/ceenostrasradelmar\/wp-content\/uploads\/usu1306\/2023\/02\/pdf_20230209_110458_0000_page-0004-scaled.jpg\"><img loading=\"lazy\" decoding=\"async\" class=\"alignleft size-large wp-image-4176\" src=\"https:\/\/agora.xtec.cat\/ceenostrasradelmar\/wp-content\/uploads\/usu1306\/2023\/02\/pdf_20230209_110458_0000_page-0004-1024x576.jpg\" alt=\"\" width=\"1024\" height=\"576\" srcset=\"https:\/\/agora.xtec.cat\/ceenostrasradelmar\/wp-content\/uploads\/usu1306\/2023\/02\/pdf_20230209_110458_0000_page-0004-1024x576.jpg 1024w, https:\/\/agora.xtec.cat\/ceenostrasradelmar\/wp-content\/uploads\/usu1306\/2023\/02\/pdf_20230209_110458_0000_page-0004-300x169.jpg 300w, https:\/\/agora.xtec.cat\/ceenostrasradelmar\/wp-content\/uploads\/usu1306\/2023\/02\/pdf_20230209_110458_0000_page-0004-768x432.jpg 768w, https:\/\/agora.xtec.cat\/ceenostrasradelmar\/wp-content\/uploads\/usu1306\/2023\/02\/pdf_20230209_110458_0000_page-0004-1536x864.jpg 1536w, https:\/\/agora.xtec.cat\/ceenostrasradelmar\/wp-content\/uploads\/usu1306\/2023\/02\/pdf_20230209_110458_0000_page-0004-2048x1152.jpg 2048w\" sizes=\"auto, (max-width: 1024px) 100vw, 1024px\" \/><\/a><\/td>\n<td style=\"width: 20%;\"><a href=\"https:\/\/agora.xtec.cat\/ceenostrasradelmar\/wp-content\/uploads\/usu1306\/2023\/02\/ROCK.jpg\"><img loading=\"lazy\" decoding=\"async\" class=\"alignleft size-full wp-image-4198\" src=\"https:\/\/agora.xtec.cat\/ceenostrasradelmar\/wp-content\/uploads\/usu1306\/2023\/02\/ROCK.jpg\" alt=\"\" width=\"988\" height=\"563\" srcset=\"https:\/\/agora.xtec.cat\/ceenostrasradelmar\/wp-content\/uploads\/usu1306\/2023\/02\/ROCK.jpg 988w, https:\/\/agora.xtec.cat\/ceenostrasradelmar\/wp-content\/uploads\/usu1306\/2023\/02\/ROCK-300x171.jpg 300w, https:\/\/agora.xtec.cat\/ceenostrasradelmar\/wp-content\/uploads\/usu1306\/2023\/02\/ROCK-768x438.jpg 768w\" sizes=\"auto, (max-width: 988px) 100vw, 988px\" \/><\/a><\/td>\n<\/tr>\n<\/tbody>\n<\/table>\n<p align=\"justify\"><span style=\"font-family: Arial, serif;\"><span lang=\"ca-ES\">El divendres 17 de febrer tots vam venir vestits de negre, ens vam posar el mocador al cap i alguns es van pintar la cara i d\u2019altres es van posar les ulleres de sol. A m\u00e9s, cadasc\u00fa va agafar la seva guitarra i aix\u00ed ens vam convertir en rockers i rockeres.<\/span><\/span><\/p>\n<p align=\"justify\"><span style=\"font-family: Arial, serif;\"><span lang=\"ca-ES\">Els grups de Balenes, Pops, Ping\u00fcins, Mariners i Dofins es van reunir al vest\u00edbul de l\u2019escola i van participar en una s\u00e8rie de sis racons de Carnaval. Cada grup havia de completar tots els racons per aconseguir omplir la targeta corresponent. Quan tots els grups van tenir les targetes completes, van obtenir unes peces d\u2019un trencaclosques que posteriorment van resoldre conjuntament.<\/span><\/span><\/p>\n<p>&nbsp;<\/p>\n<table style=\"border-collapse: collapse; width: 100%;\">\n<tbody>\n<tr>\n<td style=\"width: 33.3333%;\"><a href=\"https:\/\/agora.xtec.cat\/ceenostrasradelmar\/wp-content\/uploads\/usu1306\/2023\/02\/ROCK1.png\"><img loading=\"lazy\" decoding=\"async\" class=\"wp-image-4199 aligncenter\" src=\"https:\/\/agora.xtec.cat\/ceenostrasradelmar\/wp-content\/uploads\/usu1306\/2023\/02\/ROCK1.png\" alt=\"\" width=\"227\" height=\"183\" srcset=\"https:\/\/agora.xtec.cat\/ceenostrasradelmar\/wp-content\/uploads\/usu1306\/2023\/02\/ROCK1.png 582w, https:\/\/agora.xtec.cat\/ceenostrasradelmar\/wp-content\/uploads\/usu1306\/2023\/02\/ROCK1-300x241.png 300w\" sizes=\"auto, (max-width: 227px) 100vw, 227px\" \/><\/a><\/td>\n<td style=\"width: 33.3333%;\"><a href=\"https:\/\/agora.xtec.cat\/ceenostrasradelmar\/wp-content\/uploads\/usu1306\/2023\/02\/ROCK2.png\"><img loading=\"lazy\" decoding=\"async\" class=\"size-full wp-image-4200 aligncenter\" src=\"https:\/\/agora.xtec.cat\/ceenostrasradelmar\/wp-content\/uploads\/usu1306\/2023\/02\/ROCK2.png\" alt=\"\" width=\"693\" height=\"468\" srcset=\"https:\/\/agora.xtec.cat\/ceenostrasradelmar\/wp-content\/uploads\/usu1306\/2023\/02\/ROCK2.png 693w, https:\/\/agora.xtec.cat\/ceenostrasradelmar\/wp-content\/uploads\/usu1306\/2023\/02\/ROCK2-300x203.png 300w\" sizes=\"auto, (max-width: 693px) 100vw, 693px\" \/><\/a><\/td>\n<td style=\"width: 33.3333%; text-align: center;\"><a href=\"https:\/\/agora.xtec.cat\/ceenostrasradelmar\/wp-content\/uploads\/usu1306\/2023\/02\/ROCK3.jpg\"><img loading=\"lazy\" decoding=\"async\" class=\"alignleft size-full wp-image-4201\" src=\"https:\/\/agora.xtec.cat\/ceenostrasradelmar\/wp-content\/uploads\/usu1306\/2023\/02\/ROCK3.jpg\" alt=\"\" width=\"1024\" height=\"768\" srcset=\"https:\/\/agora.xtec.cat\/ceenostrasradelmar\/wp-content\/uploads\/usu1306\/2023\/02\/ROCK3.jpg 1024w, https:\/\/agora.xtec.cat\/ceenostrasradelmar\/wp-content\/uploads\/usu1306\/2023\/02\/ROCK3-300x225.jpg 300w, https:\/\/agora.xtec.cat\/ceenostrasradelmar\/wp-content\/uploads\/usu1306\/2023\/02\/ROCK3-768x576.jpg 768w, https:\/\/agora.xtec.cat\/ceenostrasradelmar\/wp-content\/uploads\/usu1306\/2023\/02\/ROCK3-200x150.jpg 200w\" sizes=\"auto, (max-width: 1024px) 100vw, 1024px\" \/><\/a><\/td>\n<\/tr>\n<tr>\n<td style=\"width: 33.3333%;\"><a href=\"https:\/\/agora.xtec.cat\/ceenostrasradelmar\/wp-content\/uploads\/usu1306\/2023\/02\/ROCK4.jpg\"><img loading=\"lazy\" decoding=\"async\" class=\"size-full wp-image-4202 aligncenter\" src=\"https:\/\/agora.xtec.cat\/ceenostrasradelmar\/wp-content\/uploads\/usu1306\/2023\/02\/ROCK4.jpg\" alt=\"\" width=\"351\" height=\"467\" srcset=\"https:\/\/agora.xtec.cat\/ceenostrasradelmar\/wp-content\/uploads\/usu1306\/2023\/02\/ROCK4.jpg 351w, https:\/\/agora.xtec.cat\/ceenostrasradelmar\/wp-content\/uploads\/usu1306\/2023\/02\/ROCK4-225x300.jpg 225w\" sizes=\"auto, (max-width: 351px) 100vw, 351px\" \/><\/a><\/td>\n<td style=\"width: 33.3333%;\"><a href=\"https:\/\/agora.xtec.cat\/ceenostrasradelmar\/wp-content\/uploads\/usu1306\/2023\/02\/ROCK6.png\"><img loading=\"lazy\" decoding=\"async\" class=\" wp-image-4205 aligncenter\" src=\"https:\/\/agora.xtec.cat\/ceenostrasradelmar\/wp-content\/uploads\/usu1306\/2023\/02\/ROCK6.png\" alt=\"\" width=\"273\" height=\"313\" srcset=\"https:\/\/agora.xtec.cat\/ceenostrasradelmar\/wp-content\/uploads\/usu1306\/2023\/02\/ROCK6.png 409w, https:\/\/agora.xtec.cat\/ceenostrasradelmar\/wp-content\/uploads\/usu1306\/2023\/02\/ROCK6-262x300.png 262w\" sizes=\"auto, (max-width: 273px) 100vw, 273px\" \/><\/a><\/td>\n<td style=\"width: 33.3333%;\"><a href=\"https:\/\/agora.xtec.cat\/ceenostrasradelmar\/wp-content\/uploads\/usu1306\/2023\/02\/ROCK5.jpg\"><img loading=\"lazy\" decoding=\"async\" class=\"size-full wp-image-4203 aligncenter\" src=\"https:\/\/agora.xtec.cat\/ceenostrasradelmar\/wp-content\/uploads\/usu1306\/2023\/02\/ROCK5.jpg\" alt=\"\" width=\"351\" height=\"467\" srcset=\"https:\/\/agora.xtec.cat\/ceenostrasradelmar\/wp-content\/uploads\/usu1306\/2023\/02\/ROCK5.jpg 351w, https:\/\/agora.xtec.cat\/ceenostrasradelmar\/wp-content\/uploads\/usu1306\/2023\/02\/ROCK5-225x300.jpg 225w\" sizes=\"auto, (max-width: 351px) 100vw, 351px\" \/><\/a><\/td>\n<\/tr>\n<tr>\n<td style=\"width: 33.3333%;\"><\/td>\n<td style=\"width: 33.3333%;\"><a href=\"https:\/\/agora.xtec.cat\/ceenostrasradelmar\/wp-content\/uploads\/usu1306\/2023\/02\/ROCK6.jpg\"><img loading=\"lazy\" decoding=\"async\" class=\"wp-image-4204 aligncenter\" src=\"https:\/\/agora.xtec.cat\/ceenostrasradelmar\/wp-content\/uploads\/usu1306\/2023\/02\/ROCK6-1024x1024.jpg\" alt=\"\" width=\"211\" height=\"211\" \/><\/a><\/td>\n<td style=\"width: 33.3333%;\"><\/td>\n<\/tr>\n<\/tbody>\n<\/table>\n<p align=\"justify\"><span style=\"font-family: Arial, serif;\"><span lang=\"ca-ES\">Va ser molt divertit!<\/span><\/span><\/p>\n<p align=\"justify\"><span style=\"font-family: Arial, serif;\"><span lang=\"ca-ES\">Tot seguit, vam celebrar la festa de Carnaval. Vam lluir la nostra disfressa, vam posar m\u00fasica i vam ballar al ritme del Rock.<\/span><\/span><a href=\"https:\/\/agora.xtec.cat\/ceenostrasradelmar\/wp-content\/uploads\/usu1306\/2023\/02\/rock7.jpg\"><img loading=\"lazy\" decoding=\"async\" class=\"wp-image-4207 aligncenter\" src=\"https:\/\/agora.xtec.cat\/ceenostrasradelmar\/wp-content\/uploads\/usu1306\/2023\/02\/rock7-1024x768.jpg\" alt=\"\" width=\"288\" height=\"216\" srcset=\"https:\/\/agora.xtec.cat\/ceenostrasradelmar\/wp-content\/uploads\/usu1306\/2023\/02\/rock7-1024x768.jpg 1024w, https:\/\/agora.xtec.cat\/ceenostrasradelmar\/wp-content\/uploads\/usu1306\/2023\/02\/rock7-300x225.jpg 300w, https:\/\/agora.xtec.cat\/ceenostrasradelmar\/wp-content\/uploads\/usu1306\/2023\/02\/rock7-768x576.jpg 768w, https:\/\/agora.xtec.cat\/ceenostrasradelmar\/wp-content\/uploads\/usu1306\/2023\/02\/rock7-200x150.jpg 200w, https:\/\/agora.xtec.cat\/ceenostrasradelmar\/wp-content\/uploads\/usu1306\/2023\/02\/rock7.jpg 1035w\" sizes=\"auto, (max-width: 288px) 100vw, 288px\" \/><\/a><\/p>\n<p align=\"justify\"><span style=\"font-family: Arial, serif;\"><span lang=\"ca-ES\">Per altra banda, els grups d\u2019Ones, Coralls i Calipso van preparar una cal\u00e7otada amb els cal\u00e7ots que havien collit a l\u2019hort de l\u2019escola. Entre tots es van repartir la feina. <\/span><\/span><span style=\"font-family: DejaVu Sans, sans-serif;\"><span style=\"font-size: medium;\">Els alumnes de la classe Calipso vam fer el foc amb branques d\u2019oliveres que haviem podat i vam coure els cal\u00e7ots al pati al costat de la nostra classe, una vegada fets els vam embolicar amb paper de diari per mantindre\u2019ls calents.<\/span><\/span><\/p>\n<p align=\"justify\"><span style=\"font-family: DejaVu Sans, sans-serif;\"><span style=\"font-size: medium;\"> Les classes Ones i Coralls van fer la salsa de cal\u00e7ots. Quan van acabar van repartir cal\u00e7ots i salsa a tots els alumnes i profes de l\u2019escola que en volien. ESTAVEN BONISSIMS!!!<\/span><\/span><\/p>\n<table style=\"border-collapse: collapse; width: 100%;\">\n<tbody>\n<tr>\n<td style=\"width: 25%;\"><a href=\"https:\/\/agora.xtec.cat\/ceenostrasradelmar\/wp-content\/uploads\/usu1306\/2023\/02\/PHOTO-2023-02-24-13-16-19-1.jpg\"><img loading=\"lazy\" decoding=\"async\" class=\"alignleft size-large wp-image-4215\" src=\"https:\/\/agora.xtec.cat\/ceenostrasradelmar\/wp-content\/uploads\/usu1306\/2023\/02\/PHOTO-2023-02-24-13-16-19-1-769x1024.jpg\" alt=\"\" width=\"769\" height=\"1024\" srcset=\"https:\/\/agora.xtec.cat\/ceenostrasradelmar\/wp-content\/uploads\/usu1306\/2023\/02\/PHOTO-2023-02-24-13-16-19-1-769x1024.jpg 769w, https:\/\/agora.xtec.cat\/ceenostrasradelmar\/wp-content\/uploads\/usu1306\/2023\/02\/PHOTO-2023-02-24-13-16-19-1-225x300.jpg 225w, https:\/\/agora.xtec.cat\/ceenostrasradelmar\/wp-content\/uploads\/usu1306\/2023\/02\/PHOTO-2023-02-24-13-16-19-1-768x1023.jpg 768w, https:\/\/agora.xtec.cat\/ceenostrasradelmar\/wp-content\/uploads\/usu1306\/2023\/02\/PHOTO-2023-02-24-13-16-19-1-1153x1536.jpg 1153w, https:\/\/agora.xtec.cat\/ceenostrasradelmar\/wp-content\/uploads\/usu1306\/2023\/02\/PHOTO-2023-02-24-13-16-19-1.jpg 1201w\" sizes=\"auto, (max-width: 769px) 100vw, 769px\" \/><\/a><\/td>\n<td style=\"width: 25%;\"><a href=\"https:\/\/agora.xtec.cat\/ceenostrasradelmar\/wp-content\/uploads\/usu1306\/2023\/02\/calcotada2.jpg\"><img loading=\"lazy\" decoding=\"async\" class=\"alignleft size-full wp-image-4220\" src=\"https:\/\/agora.xtec.cat\/ceenostrasradelmar\/wp-content\/uploads\/usu1306\/2023\/02\/calcotada2.jpg\" alt=\"\" width=\"557\" height=\"744\" srcset=\"https:\/\/agora.xtec.cat\/ceenostrasradelmar\/wp-content\/uploads\/usu1306\/2023\/02\/calcotada2.jpg 557w, https:\/\/agora.xtec.cat\/ceenostrasradelmar\/wp-content\/uploads\/usu1306\/2023\/02\/calcotada2-225x300.jpg 225w\" sizes=\"auto, (max-width: 557px) 100vw, 557px\" \/><\/a><\/td>\n<td style=\"width: 25%;\"><a href=\"https:\/\/agora.xtec.cat\/ceenostrasradelmar\/wp-content\/uploads\/usu1306\/2023\/02\/PHOTO-2023-02-24-13-16-18-1.jpg\"><img loading=\"lazy\" decoding=\"async\" class=\"alignleft size-large wp-image-4213\" src=\"https:\/\/agora.xtec.cat\/ceenostrasradelmar\/wp-content\/uploads\/usu1306\/2023\/02\/PHOTO-2023-02-24-13-16-18-1-769x1024.jpg\" alt=\"\" width=\"769\" height=\"1024\" srcset=\"https:\/\/agora.xtec.cat\/ceenostrasradelmar\/wp-content\/uploads\/usu1306\/2023\/02\/PHOTO-2023-02-24-13-16-18-1-769x1024.jpg 769w, https:\/\/agora.xtec.cat\/ceenostrasradelmar\/wp-content\/uploads\/usu1306\/2023\/02\/PHOTO-2023-02-24-13-16-18-1-225x300.jpg 225w, https:\/\/agora.xtec.cat\/ceenostrasradelmar\/wp-content\/uploads\/usu1306\/2023\/02\/PHOTO-2023-02-24-13-16-18-1-768x1023.jpg 768w, https:\/\/agora.xtec.cat\/ceenostrasradelmar\/wp-content\/uploads\/usu1306\/2023\/02\/PHOTO-2023-02-24-13-16-18-1-1153x1536.jpg 1153w, https:\/\/agora.xtec.cat\/ceenostrasradelmar\/wp-content\/uploads\/usu1306\/2023\/02\/PHOTO-2023-02-24-13-16-18-1.jpg 1201w\" sizes=\"auto, (max-width: 769px) 100vw, 769px\" \/><\/a><\/td>\n<td style=\"width: 25%;\"><a href=\"https:\/\/agora.xtec.cat\/ceenostrasradelmar\/wp-content\/uploads\/usu1306\/2023\/02\/PHOTO-2023-02-24-13-16-18.jpg\"><img loading=\"lazy\" decoding=\"async\" class=\"alignleft size-large wp-image-4212\" src=\"https:\/\/agora.xtec.cat\/ceenostrasradelmar\/wp-content\/uploads\/usu1306\/2023\/02\/PHOTO-2023-02-24-13-16-18-769x1024.jpg\" alt=\"\" width=\"769\" height=\"1024\" srcset=\"https:\/\/agora.xtec.cat\/ceenostrasradelmar\/wp-content\/uploads\/usu1306\/2023\/02\/PHOTO-2023-02-24-13-16-18-769x1024.jpg 769w, https:\/\/agora.xtec.cat\/ceenostrasradelmar\/wp-content\/uploads\/usu1306\/2023\/02\/PHOTO-2023-02-24-13-16-18-225x300.jpg 225w, https:\/\/agora.xtec.cat\/ceenostrasradelmar\/wp-content\/uploads\/usu1306\/2023\/02\/PHOTO-2023-02-24-13-16-18-768x1023.jpg 768w, https:\/\/agora.xtec.cat\/ceenostrasradelmar\/wp-content\/uploads\/usu1306\/2023\/02\/PHOTO-2023-02-24-13-16-18-1153x1536.jpg 1153w, https:\/\/agora.xtec.cat\/ceenostrasradelmar\/wp-content\/uploads\/usu1306\/2023\/02\/PHOTO-2023-02-24-13-16-18.jpg 1201w\" sizes=\"auto, (max-width: 769px) 100vw, 769px\" \/><\/a><\/td>\n<\/tr>\n<tr>\n<td style=\"width: 25%;\"><a href=\"https:\/\/agora.xtec.cat\/ceenostrasradelmar\/wp-content\/uploads\/usu1306\/2023\/02\/PHOTO-2023-02-24-13-16-13.jpg\"><img loading=\"lazy\" decoding=\"async\" class=\"alignleft size-large wp-image-4211\" src=\"https:\/\/agora.xtec.cat\/ceenostrasradelmar\/wp-content\/uploads\/usu1306\/2023\/02\/PHOTO-2023-02-24-13-16-13-769x1024.jpg\" alt=\"\" width=\"769\" height=\"1024\" srcset=\"https:\/\/agora.xtec.cat\/ceenostrasradelmar\/wp-content\/uploads\/usu1306\/2023\/02\/PHOTO-2023-02-24-13-16-13-769x1024.jpg 769w, https:\/\/agora.xtec.cat\/ceenostrasradelmar\/wp-content\/uploads\/usu1306\/2023\/02\/PHOTO-2023-02-24-13-16-13-225x300.jpg 225w, https:\/\/agora.xtec.cat\/ceenostrasradelmar\/wp-content\/uploads\/usu1306\/2023\/02\/PHOTO-2023-02-24-13-16-13-768x1023.jpg 768w, https:\/\/agora.xtec.cat\/ceenostrasradelmar\/wp-content\/uploads\/usu1306\/2023\/02\/PHOTO-2023-02-24-13-16-13-1153x1536.jpg 1153w, https:\/\/agora.xtec.cat\/ceenostrasradelmar\/wp-content\/uploads\/usu1306\/2023\/02\/PHOTO-2023-02-24-13-16-13.jpg 1201w\" sizes=\"auto, (max-width: 769px) 100vw, 769px\" \/><\/a><\/td>\n<td style=\"width: 25%;\"><a href=\"https:\/\/agora.xtec.cat\/ceenostrasradelmar\/wp-content\/uploads\/usu1306\/2023\/02\/PHOTO-2023-02-24-13-16-11.jpg\"><img loading=\"lazy\" decoding=\"async\" class=\"alignleft size-large wp-image-4210\" src=\"https:\/\/agora.xtec.cat\/ceenostrasradelmar\/wp-content\/uploads\/usu1306\/2023\/02\/PHOTO-2023-02-24-13-16-11-769x1024.jpg\" alt=\"\" width=\"769\" height=\"1024\" srcset=\"https:\/\/agora.xtec.cat\/ceenostrasradelmar\/wp-content\/uploads\/usu1306\/2023\/02\/PHOTO-2023-02-24-13-16-11-769x1024.jpg 769w, https:\/\/agora.xtec.cat\/ceenostrasradelmar\/wp-content\/uploads\/usu1306\/2023\/02\/PHOTO-2023-02-24-13-16-11-225x300.jpg 225w, https:\/\/agora.xtec.cat\/ceenostrasradelmar\/wp-content\/uploads\/usu1306\/2023\/02\/PHOTO-2023-02-24-13-16-11-768x1023.jpg 768w, https:\/\/agora.xtec.cat\/ceenostrasradelmar\/wp-content\/uploads\/usu1306\/2023\/02\/PHOTO-2023-02-24-13-16-11-1153x1536.jpg 1153w, https:\/\/agora.xtec.cat\/ceenostrasradelmar\/wp-content\/uploads\/usu1306\/2023\/02\/PHOTO-2023-02-24-13-16-11.jpg 1201w\" sizes=\"auto, (max-width: 769px) 100vw, 769px\" \/><\/a><\/td>\n<td style=\"width: 25%;\"><a href=\"https:\/\/agora.xtec.cat\/ceenostrasradelmar\/wp-content\/uploads\/usu1306\/2023\/02\/PHOTO-2023-02-24-13-16-19-3.jpg\"><img loading=\"lazy\" decoding=\"async\" class=\"alignleft size-large wp-image-4217\" src=\"https:\/\/agora.xtec.cat\/ceenostrasradelmar\/wp-content\/uploads\/usu1306\/2023\/02\/PHOTO-2023-02-24-13-16-19-3-769x1024.jpg\" alt=\"\" width=\"769\" height=\"1024\" srcset=\"https:\/\/agora.xtec.cat\/ceenostrasradelmar\/wp-content\/uploads\/usu1306\/2023\/02\/PHOTO-2023-02-24-13-16-19-3-769x1024.jpg 769w, https:\/\/agora.xtec.cat\/ceenostrasradelmar\/wp-content\/uploads\/usu1306\/2023\/02\/PHOTO-2023-02-24-13-16-19-3-225x300.jpg 225w, https:\/\/agora.xtec.cat\/ceenostrasradelmar\/wp-content\/uploads\/usu1306\/2023\/02\/PHOTO-2023-02-24-13-16-19-3-768x1023.jpg 768w, https:\/\/agora.xtec.cat\/ceenostrasradelmar\/wp-content\/uploads\/usu1306\/2023\/02\/PHOTO-2023-02-24-13-16-19-3-1153x1536.jpg 1153w, https:\/\/agora.xtec.cat\/ceenostrasradelmar\/wp-content\/uploads\/usu1306\/2023\/02\/PHOTO-2023-02-24-13-16-19-3.jpg 1201w\" sizes=\"auto, (max-width: 769px) 100vw, 769px\" \/><\/a><\/td>\n<td style=\"width: 25%;\"><a href=\"https:\/\/agora.xtec.cat\/ceenostrasradelmar\/wp-content\/uploads\/usu1306\/2023\/02\/PHOTO-2023-02-24-13-16-06.jpg\"><img loading=\"lazy\" decoding=\"async\" class=\"alignleft size-large wp-image-4208\" src=\"https:\/\/agora.xtec.cat\/ceenostrasradelmar\/wp-content\/uploads\/usu1306\/2023\/02\/PHOTO-2023-02-24-13-16-06-769x1024.jpg\" alt=\"\" width=\"769\" height=\"1024\" srcset=\"https:\/\/agora.xtec.cat\/ceenostrasradelmar\/wp-content\/uploads\/usu1306\/2023\/02\/PHOTO-2023-02-24-13-16-06-769x1024.jpg 769w, https:\/\/agora.xtec.cat\/ceenostrasradelmar\/wp-content\/uploads\/usu1306\/2023\/02\/PHOTO-2023-02-24-13-16-06-225x300.jpg 225w, https:\/\/agora.xtec.cat\/ceenostrasradelmar\/wp-content\/uploads\/usu1306\/2023\/02\/PHOTO-2023-02-24-13-16-06-768x1023.jpg 768w, https:\/\/agora.xtec.cat\/ceenostrasradelmar\/wp-content\/uploads\/usu1306\/2023\/02\/PHOTO-2023-02-24-13-16-06-1153x1536.jpg 1153w, https:\/\/agora.xtec.cat\/ceenostrasradelmar\/wp-content\/uploads\/usu1306\/2023\/02\/PHOTO-2023-02-24-13-16-06.jpg 1201w\" sizes=\"auto, (max-width: 769px) 100vw, 769px\" \/><\/a><\/td>\n<\/tr>\n<\/tbody>\n<\/table>\n<p align=\"justify\"><span style=\"font-family: Arial, serif;\"><span lang=\"ca-ES\">Despr\u00e9s de tota aquesta feina, tamb\u00e9 van poder gaudir de la festa de Carnaval al pati de l\u2019escola.<\/span><\/span><\/p>\n<p align=\"justify\"><span style=\"font-family: Arial, serif;\"><span lang=\"ca-ES\">VISCA EL CARNAVAL, LA GRESCA I LA XERINOLA!<\/span><\/span><\/p>\n<table style=\"border-collapse: collapse; width: 100%;\">\n<tbody>\n<tr>\n<td style=\"width: 60.399%;\"><a href=\"https:\/\/agora.xtec.cat\/ceenostrasradelmar\/wp-content\/uploads\/usu1306\/2023\/02\/fi1.jpg\"><img loading=\"lazy\" decoding=\"async\" class=\"alignleft wp-image-4221\" src=\"https:\/\/agora.xtec.cat\/ceenostrasradelmar\/wp-content\/uploads\/usu1306\/2023\/02\/fi1-1024x576.jpg\" alt=\"\" width=\"530\" height=\"298\" srcset=\"https:\/\/agora.xtec.cat\/ceenostrasradelmar\/wp-content\/uploads\/usu1306\/2023\/02\/fi1-1024x576.jpg 1024w, https:\/\/agora.xtec.cat\/ceenostrasradelmar\/wp-content\/uploads\/usu1306\/2023\/02\/fi1-300x169.jpg 300w, https:\/\/agora.xtec.cat\/ceenostrasradelmar\/wp-content\/uploads\/usu1306\/2023\/02\/fi1-768x432.jpg 768w, https:\/\/agora.xtec.cat\/ceenostrasradelmar\/wp-content\/uploads\/usu1306\/2023\/02\/fi1.jpg 1140w\" sizes=\"auto, (max-width: 530px) 100vw, 530px\" \/><\/a><\/td>\n<td style=\"width: 39.601%;\"><a href=\"https:\/\/agora.xtec.cat\/ceenostrasradelmar\/wp-content\/uploads\/usu1306\/2023\/02\/fi2.jpg\"><img loading=\"lazy\" decoding=\"async\" class=\"alignleft wp-image-4222\" src=\"https:\/\/agora.xtec.cat\/ceenostrasradelmar\/wp-content\/uploads\/usu1306\/2023\/02\/fi2.jpg\" alt=\"\" width=\"272\" height=\"363\" srcset=\"https:\/\/agora.xtec.cat\/ceenostrasradelmar\/wp-content\/uploads\/usu1306\/2023\/02\/fi2.jpg 768w, https:\/\/agora.xtec.cat\/ceenostrasradelmar\/wp-content\/uploads\/usu1306\/2023\/02\/fi2-225x300.jpg 225w\" sizes=\"auto, (max-width: 272px) 100vw, 272px\" \/><\/a><\/td>\n<\/tr>\n<\/tbody>\n<\/table>\n<p align=\"justify\">\n","protected":false},"excerpt":{"rendered":"<p>La tem\u00e0tica del Carnaval d\u2019aquest curs ha sigut el \u201cRock and Roll\u201d.<\/p>\n","protected":false},"author":1,"featured_media":4204,"comment_status":"open","ping_status":"closed","sticky":false,"template":"","format":"standard","meta":{"_bbp_topic_count":0,"_bbp_reply_count":0,"_bbp_total_topic_count":0,"_bbp_total_reply_count":0,"_bbp_voice_count":0,"_bbp_anonymous_reply_count":0,"_bbp_topic_count_hidden":0,"_bbp_reply_count_hidden":0,"_bbp_forum_subforum_count":0,"site-sidebar-layout":"default","site-content-layout":"","ast-site-content-layout":"","site-content-style":"default","site-sidebar-style":"default","ast-global-header-display":"","ast-banner-title-visibility":"","ast-main-header-display":"","ast-hfb-above-header-display":"","ast-hfb-below-header-display":"","ast-hfb-mobile-header-display":"","site-post-title":"","ast-breadcrumbs-content":"","ast-featured-img":"","footer-sml-layout":"","theme-transparent-header-meta":"","adv-header-id-meta":"","stick-header-meta":"","header-above-stick-meta":"","header-main-stick-meta":"","header-below-stick-meta":"","astra-migrate-meta-layouts":"default","ast-page-background-enabled":"default","ast-page-background-meta":{"desktop":{"background-color":"var(--ast-global-color-4)","background-image":"","background-repeat":"repeat","background-position":"center center","background-size":"auto","background-attachment":"scroll","background-type":"","background-media":"","overlay-type":"","overlay-color":"","overlay-opacity":"","overlay-gradient":""},"tablet":{"background-color":"","background-image":"","background-repeat":"repeat","background-position":"center center","background-size":"auto","background-attachment":"scroll","background-type":"","background-media":"","overlay-type":"","overlay-color":"","overlay-opacity":"","overlay-gradient":""},"mobile":{"background-color":"","background-image":"","background-repeat":"repeat","background-position":"center center","background-size":"auto","background-attachment":"scroll","background-type":"","background-media":"","overlay-type":"","overlay-color":"","overlay-opacity":"","overlay-gradient":""}},"ast-content-background-meta":{"desktop":{"background-color":"var(--ast-global-color-5)","background-image":"","background-repeat":"repeat","background-position":"center center","background-size":"auto","background-attachment":"scroll","background-type":"","background-media":"","overlay-type":"","overlay-color":"","overlay-opacity":"","overlay-gradient":""},"tablet":{"background-color":"var(--ast-global-color-5)","background-image":"","background-repeat":"repeat","background-position":"center center","background-size":"auto","background-attachment":"scroll","background-type":"","background-media":"","overlay-type":"","overlay-color":"","overlay-opacity":"","overlay-gradient":""},"mobile":{"background-color":"var(--ast-global-color-5)","background-image":"","background-repeat":"repeat","background-position":"center center","background-size":"auto","background-attachment":"scroll","background-type":"","background-media":"","overlay-type":"","overlay-color":"","overlay-opacity":"","overlay-gradient":""}},"footnotes":""},"categories":[44,37,36,1,12,70,13,11,4,10,14],"tags":[],"class_list":["post-4197","post","type-post","status-publish","format-standard","has-post-thumbnail","hentry","category-blogs","category-equilibris","category-forcuts","category-general","category-magics","category-malabaristes","category-mims","category-els-musics","category-portada","category-saltimbanquis","category-trapezi"],"post_mailing_queue_ids":[],"_links":{"self":[{"href":"https:\/\/agora.xtec.cat\/ceenostrasradelmar\/wp-json\/wp\/v2\/posts\/4197","targetHints":{"allow":["GET"]}}],"collection":[{"href":"https:\/\/agora.xtec.cat\/ceenostrasradelmar\/wp-json\/wp\/v2\/posts"}],"about":[{"href":"https:\/\/agora.xtec.cat\/ceenostrasradelmar\/wp-json\/wp\/v2\/types\/post"}],"author":[{"embeddable":true,"href":"https:\/\/agora.xtec.cat\/ceenostrasradelmar\/wp-json\/wp\/v2\/users\/1"}],"replies":[{"embeddable":true,"href":"https:\/\/agora.xtec.cat\/ceenostrasradelmar\/wp-json\/wp\/v2\/comments?post=4197"}],"version-history":[{"count":2,"href":"https:\/\/agora.xtec.cat\/ceenostrasradelmar\/wp-json\/wp\/v2\/posts\/4197\/revisions"}],"predecessor-version":[{"id":4224,"href":"https:\/\/agora.xtec.cat\/ceenostrasradelmar\/wp-json\/wp\/v2\/posts\/4197\/revisions\/4224"}],"wp:featuredmedia":[{"embeddable":true,"href":"https:\/\/agora.xtec.cat\/ceenostrasradelmar\/wp-json\/wp\/v2\/media\/4204"}],"wp:attachment":[{"href":"https:\/\/agora.xtec.cat\/ceenostrasradelmar\/wp-json\/wp\/v2\/media?parent=4197"}],"wp:term":[{"taxonomy":"category","embeddable":true,"href":"https:\/\/agora.xtec.cat\/ceenostrasradelmar\/wp-json\/wp\/v2\/categories?post=4197"},{"taxonomy":"post_tag","embeddable":true,"href":"https:\/\/agora.xtec.cat\/ceenostrasradelmar\/wp-json\/wp\/v2\/tags?post=4197"}],"curies":[{"name":"wp","href":"https:\/\/api.w.org\/{rel}","templated":true}]}}