{"id":4115,"date":"2022-11-29T22:27:27","date_gmt":"2022-11-29T21:27:27","guid":{"rendered":"https:\/\/agora.xtec.cat\/ceenostrasradelmar\/?p=4115"},"modified":"2022-11-29T22:32:11","modified_gmt":"2022-11-29T21:32:11","slug":"taller-de-coeducacio-pels-grans","status":"publish","type":"post","link":"https:\/\/agora.xtec.cat\/ceenostrasradelmar\/general\/taller-de-coeducacio-pels-grans\/","title":{"rendered":"Taller de coeducaci\u00f3 pels grans !!!"},"content":{"rendered":"<p><span style=\"font-weight: 400;\">Aquest novembre vam convidar a la Mariona a fer un Taller sobre coeducaci\u00f3.<\/span><\/p>\n<p><span style=\"font-weight: 400;\">Mariona forma part de l\u2019Associaci\u00f3 Hero\u00efnes An\u00f2nimes i ens va plantejar tres sessions amb els alumnes de Calipso, Coralls i Ones.<\/span><\/p>\n<p><span style=\"font-weight: 400;\">Mariona ens va explicar perqu\u00e8 el 25 de novembre \u00e9s el Dia Internacional de l\u2019eliminaci\u00f3 de la Viol\u00e8ncia de contra la dona.<\/span><\/p>\n<p><span style=\"font-weight: 400;\">Vam fer diferents din\u00e0miques: escollir un globus blau o rosa, c\u00f3rrer com corre una noia, fer una teranyina entre tots, ..<\/span><\/p>\n<p><span style=\"font-weight: 400;\">Tamb\u00e9 vam anar per l\u2019escola fent fotos entre tots en situacions on compartim tot tipus d\u2019experi\u00e8ncies: nois ficant una rentadora, nois i noies col\u00b7laborant a la cuina, nois i noies jugant a futbol, noies agafant maquin\u00e0ria agr\u00edcola,&#8230; Amb aix\u00f2 vam fer un mural: tots podem conviure junts, respectant-nos. El mural est\u00e0\u00a0 penjat al vest\u00edbul de l\u2019escola !!!<\/span><\/p>\n<p><span style=\"font-weight: 400;\">Vam veure el video \u201cSara y las goleadoras\u201d i vam comentar que tothom pot jugar a futbol.<\/span><\/p>\n<p><span style=\"font-weight: 400;\">Per acabar el taller vam fer un homenatge a les 70 dones mortes a Espanya durant un any: una ofrena de flors i cantar la \u201cpuerta violeta\u201d.<\/span><\/p>\n<p><span style=\"font-weight: 400;\">Gr\u00e0cies, Mariona,\u00a0 per recordar-nos com ens hem de respectar dones i homes !!!<\/span><\/p>\n<p><a href=\"https:\/\/agora.xtec.cat\/ceenostrasradelmar\/wp-content\/uploads\/usu1306\/2022\/11\/Ofrena-Taller-coeducacio.jpg\"><img loading=\"lazy\" decoding=\"async\" class=\"alignleft  wp-image-4116\" src=\"https:\/\/agora.xtec.cat\/ceenostrasradelmar\/wp-content\/uploads\/usu1306\/2022\/11\/Ofrena-Taller-coeducacio-771x1024.jpg\" alt=\"\" width=\"235\" height=\"312\" srcset=\"https:\/\/agora.xtec.cat\/ceenostrasradelmar\/wp-content\/uploads\/usu1306\/2022\/11\/Ofrena-Taller-coeducacio-771x1024.jpg 771w, https:\/\/agora.xtec.cat\/ceenostrasradelmar\/wp-content\/uploads\/usu1306\/2022\/11\/Ofrena-Taller-coeducacio-226x300.jpg 226w, https:\/\/agora.xtec.cat\/ceenostrasradelmar\/wp-content\/uploads\/usu1306\/2022\/11\/Ofrena-Taller-coeducacio-768x1021.jpg 768w, https:\/\/agora.xtec.cat\/ceenostrasradelmar\/wp-content\/uploads\/usu1306\/2022\/11\/Ofrena-Taller-coeducacio-1156x1536.jpg 1156w, https:\/\/agora.xtec.cat\/ceenostrasradelmar\/wp-content\/uploads\/usu1306\/2022\/11\/Ofrena-Taller-coeducacio.jpg 1204w\" sizes=\"auto, (max-width: 235px) 100vw, 235px\" \/><\/a><a href=\"https:\/\/agora.xtec.cat\/ceenostrasradelmar\/wp-content\/uploads\/usu1306\/2022\/11\/Homenatge-Taller-coeducacio.jpg\"><img loading=\"lazy\" decoding=\"async\" class=\"alignleft  wp-image-4117\" src=\"https:\/\/agora.xtec.cat\/ceenostrasradelmar\/wp-content\/uploads\/usu1306\/2022\/11\/Homenatge-Taller-coeducacio-1024x771.jpg\" alt=\"\" width=\"412\" height=\"310\" srcset=\"https:\/\/agora.xtec.cat\/ceenostrasradelmar\/wp-content\/uploads\/usu1306\/2022\/11\/Homenatge-Taller-coeducacio-1024x771.jpg 1024w, https:\/\/agora.xtec.cat\/ceenostrasradelmar\/wp-content\/uploads\/usu1306\/2022\/11\/Homenatge-Taller-coeducacio-300x226.jpg 300w, https:\/\/agora.xtec.cat\/ceenostrasradelmar\/wp-content\/uploads\/usu1306\/2022\/11\/Homenatge-Taller-coeducacio-768x578.jpg 768w, https:\/\/agora.xtec.cat\/ceenostrasradelmar\/wp-content\/uploads\/usu1306\/2022\/11\/Homenatge-Taller-coeducacio-1536x1156.jpg 1536w, https:\/\/agora.xtec.cat\/ceenostrasradelmar\/wp-content\/uploads\/usu1306\/2022\/11\/Homenatge-Taller-coeducacio-200x150.jpg 200w, https:\/\/agora.xtec.cat\/ceenostrasradelmar\/wp-content\/uploads\/usu1306\/2022\/11\/Homenatge-Taller-coeducacio.jpg 1600w\" sizes=\"auto, (max-width: 412px) 100vw, 412px\" \/><\/a><\/p>\n<p>&nbsp;<\/p>\n<p>&nbsp;<\/p>\n<p>&nbsp;<\/p>\n<p>&nbsp;<\/p>\n<p>&nbsp;<\/p>\n<p>&nbsp;<\/p>\n<p><a href=\"https:\/\/agora.xtec.cat\/ceenostrasradelmar\/wp-content\/uploads\/usu1306\/2022\/11\/Mural-Taller-coeducacio-1-scaled-e1669757109642.jpg\"><img loading=\"lazy\" decoding=\"async\" class=\"wp-image-4118 aligncenter\" src=\"https:\/\/agora.xtec.cat\/ceenostrasradelmar\/wp-content\/uploads\/usu1306\/2022\/11\/Mural-Taller-coeducacio-1-scaled-e1669757109642-683x1024.jpg\" alt=\"\" width=\"383\" height=\"575\" srcset=\"https:\/\/agora.xtec.cat\/ceenostrasradelmar\/wp-content\/uploads\/usu1306\/2022\/11\/Mural-Taller-coeducacio-1-scaled-e1669757109642-683x1024.jpg 683w, https:\/\/agora.xtec.cat\/ceenostrasradelmar\/wp-content\/uploads\/usu1306\/2022\/11\/Mural-Taller-coeducacio-1-scaled-e1669757109642-200x300.jpg 200w, https:\/\/agora.xtec.cat\/ceenostrasradelmar\/wp-content\/uploads\/usu1306\/2022\/11\/Mural-Taller-coeducacio-1-scaled-e1669757109642-768x1151.jpg 768w, https:\/\/agora.xtec.cat\/ceenostrasradelmar\/wp-content\/uploads\/usu1306\/2022\/11\/Mural-Taller-coeducacio-1-scaled-e1669757109642-1025x1536.jpg 1025w, https:\/\/agora.xtec.cat\/ceenostrasradelmar\/wp-content\/uploads\/usu1306\/2022\/11\/Mural-Taller-coeducacio-1-scaled-e1669757109642-1366x2048.jpg 1366w, https:\/\/agora.xtec.cat\/ceenostrasradelmar\/wp-content\/uploads\/usu1306\/2022\/11\/Mural-Taller-coeducacio-1-scaled-e1669757109642.jpg 1708w\" sizes=\"auto, (max-width: 383px) 100vw, 383px\" \/><\/a><\/p>\n","protected":false},"excerpt":{"rendered":"<p>Aquest novembre vam convidar a la Mariona a fer un Taller sobre coeducaci\u00f3. Mariona forma part de l\u2019Associaci\u00f3 Hero\u00efnes An\u00f2nimes i ens va plantejar tres sessions amb els alumnes de Calipso, Coralls i Ones. Mariona ens va explicar perqu\u00e8 el 25 de novembre \u00e9s el Dia Internacional de l\u2019eliminaci\u00f3 de la Viol\u00e8ncia de contra la [&hellip;]<\/p>\n","protected":false},"author":1,"featured_media":4118,"comment_status":"open","ping_status":"closed","sticky":false,"template":"","format":"standard","meta":{"_bbp_topic_count":0,"_bbp_reply_count":0,"_bbp_total_topic_count":0,"_bbp_total_reply_count":0,"_bbp_voice_count":0,"_bbp_anonymous_reply_count":0,"_bbp_topic_count_hidden":0,"_bbp_reply_count_hidden":0,"_bbp_forum_subforum_count":0,"site-sidebar-layout":"default","site-content-layout":"","ast-site-content-layout":"","site-content-style":"default","site-sidebar-style":"default","ast-global-header-display":"","ast-banner-title-visibility":"","ast-main-header-display":"","ast-hfb-above-header-display":"","ast-hfb-below-header-display":"","ast-hfb-mobile-header-display":"","site-post-title":"","ast-breadcrumbs-content":"","ast-featured-img":"","footer-sml-layout":"","theme-transparent-header-meta":"","adv-header-id-meta":"","stick-header-meta":"","header-above-stick-meta":"","header-main-stick-meta":"","header-below-stick-meta":"","astra-migrate-meta-layouts":"default","ast-page-background-enabled":"default","ast-page-background-meta":{"desktop":{"background-color":"var(--ast-global-color-4)","background-image":"","background-repeat":"repeat","background-position":"center center","background-size":"auto","background-attachment":"scroll","background-type":"","background-media":"","overlay-type":"","overlay-color":"","overlay-opacity":"","overlay-gradient":""},"tablet":{"background-color":"","background-image":"","background-repeat":"repeat","background-position":"center center","background-size":"auto","background-attachment":"scroll","background-type":"","background-media":"","overlay-type":"","overlay-color":"","overlay-opacity":"","overlay-gradient":""},"mobile":{"background-color":"","background-image":"","background-repeat":"repeat","background-position":"center center","background-size":"auto","background-attachment":"scroll","background-type":"","background-media":"","overlay-type":"","overlay-color":"","overlay-opacity":"","overlay-gradient":""}},"ast-content-background-meta":{"desktop":{"background-color":"var(--ast-global-color-5)","background-image":"","background-repeat":"repeat","background-position":"center center","background-size":"auto","background-attachment":"scroll","background-type":"","background-media":"","overlay-type":"","overlay-color":"","overlay-opacity":"","overlay-gradient":""},"tablet":{"background-color":"var(--ast-global-color-5)","background-image":"","background-repeat":"repeat","background-position":"center center","background-size":"auto","background-attachment":"scroll","background-type":"","background-media":"","overlay-type":"","overlay-color":"","overlay-opacity":"","overlay-gradient":""},"mobile":{"background-color":"var(--ast-global-color-5)","background-image":"","background-repeat":"repeat","background-position":"center center","background-size":"auto","background-attachment":"scroll","background-type":"","background-media":"","overlay-type":"","overlay-color":"","overlay-opacity":"","overlay-gradient":""}},"footnotes":""},"categories":[1,12,70,4,14],"tags":[],"class_list":["post-4115","post","type-post","status-publish","format-standard","has-post-thumbnail","hentry","category-general","category-magics","category-malabaristes","category-portada","category-trapezi"],"post_mailing_queue_ids":[],"_links":{"self":[{"href":"https:\/\/agora.xtec.cat\/ceenostrasradelmar\/wp-json\/wp\/v2\/posts\/4115","targetHints":{"allow":["GET"]}}],"collection":[{"href":"https:\/\/agora.xtec.cat\/ceenostrasradelmar\/wp-json\/wp\/v2\/posts"}],"about":[{"href":"https:\/\/agora.xtec.cat\/ceenostrasradelmar\/wp-json\/wp\/v2\/types\/post"}],"author":[{"embeddable":true,"href":"https:\/\/agora.xtec.cat\/ceenostrasradelmar\/wp-json\/wp\/v2\/users\/1"}],"replies":[{"embeddable":true,"href":"https:\/\/agora.xtec.cat\/ceenostrasradelmar\/wp-json\/wp\/v2\/comments?post=4115"}],"version-history":[{"count":2,"href":"https:\/\/agora.xtec.cat\/ceenostrasradelmar\/wp-json\/wp\/v2\/posts\/4115\/revisions"}],"predecessor-version":[{"id":4120,"href":"https:\/\/agora.xtec.cat\/ceenostrasradelmar\/wp-json\/wp\/v2\/posts\/4115\/revisions\/4120"}],"wp:featuredmedia":[{"embeddable":true,"href":"https:\/\/agora.xtec.cat\/ceenostrasradelmar\/wp-json\/wp\/v2\/media\/4118"}],"wp:attachment":[{"href":"https:\/\/agora.xtec.cat\/ceenostrasradelmar\/wp-json\/wp\/v2\/media?parent=4115"}],"wp:term":[{"taxonomy":"category","embeddable":true,"href":"https:\/\/agora.xtec.cat\/ceenostrasradelmar\/wp-json\/wp\/v2\/categories?post=4115"},{"taxonomy":"post_tag","embeddable":true,"href":"https:\/\/agora.xtec.cat\/ceenostrasradelmar\/wp-json\/wp\/v2\/tags?post=4115"}],"curies":[{"name":"wp","href":"https:\/\/api.w.org\/{rel}","templated":true}]}}