{"id":4060,"date":"2022-11-15T20:50:22","date_gmt":"2022-11-15T19:50:22","guid":{"rendered":"https:\/\/agora.xtec.cat\/ceenostrasradelmar\/?p=4060"},"modified":"2022-11-15T20:50:22","modified_gmt":"2022-11-15T19:50:22","slug":"somniu-dansant","status":"publish","type":"post","link":"https:\/\/agora.xtec.cat\/ceenostrasradelmar\/general\/somniu-dansant\/","title":{"rendered":"SOMNIU DANSANT"},"content":{"rendered":"<p>La classe Mariners vam fer la setmana del 17 al 21 d\u2019octubre el taller \u201cSomNiu Dansant\u201d amb el Marc Jubete. Aquest taller forma part d\u2019un festival de moviment i teatre que es diu COS 2022, patrocinat per l\u2019\u00c0rea de Cultura de l\u2019Ajuntament de Reus.<\/p>\n<p>Ens va agradar molt!<\/p>\n<p><a href=\"https:\/\/agora.xtec.cat\/ceenostrasradelmar\/wp-content\/uploads\/usu1306\/2022\/11\/DANSA-1.jpg\"><img loading=\"lazy\" decoding=\"async\" class=\"alignleft wp-image-4073\" src=\"https:\/\/agora.xtec.cat\/ceenostrasradelmar\/wp-content\/uploads\/usu1306\/2022\/11\/DANSA-1.jpg\" alt=\"\" width=\"303\" height=\"251\" srcset=\"https:\/\/agora.xtec.cat\/ceenostrasradelmar\/wp-content\/uploads\/usu1306\/2022\/11\/DANSA-1.jpg 928w, https:\/\/agora.xtec.cat\/ceenostrasradelmar\/wp-content\/uploads\/usu1306\/2022\/11\/DANSA-1-300x250.jpg 300w, https:\/\/agora.xtec.cat\/ceenostrasradelmar\/wp-content\/uploads\/usu1306\/2022\/11\/DANSA-1-768x637.jpg 768w\" sizes=\"auto, (max-width: 303px) 100vw, 303px\" \/><\/a><\/p>\n<p>&nbsp;<\/p>\n<p>Va ser molt \u201cxulo\u201d perqu\u00e8 va venir el Marc a dansar amb nosaltres. El Marc \u00e9s un ballar\u00ed professional i balla molt b\u00e9!<\/p>\n<p>Ens va ensenyar a moure tot el cos. Mov\u00edem els dits, f\u00e8iem la croqueta i vam caminar amb m\u00fasica.<\/p>\n<p>La m\u00fasica per ballar era diferent, bonica, ex\u00f2tica, relaxant i tranquil\u00b7la. I qu\u00e8 els va semblar als Mariners??:<\/p>\n<p>&nbsp;<\/p>\n<p><a href=\"https:\/\/agora.xtec.cat\/ceenostrasradelmar\/wp-content\/uploads\/usu1306\/2022\/11\/DANSA-2.jpg\"><img loading=\"lazy\" decoding=\"async\" class=\"alignleft wp-image-4074\" src=\"https:\/\/agora.xtec.cat\/ceenostrasradelmar\/wp-content\/uploads\/usu1306\/2022\/11\/DANSA-2.jpg\" alt=\"\" width=\"333\" height=\"250\" srcset=\"https:\/\/agora.xtec.cat\/ceenostrasradelmar\/wp-content\/uploads\/usu1306\/2022\/11\/DANSA-2.jpg 866w, https:\/\/agora.xtec.cat\/ceenostrasradelmar\/wp-content\/uploads\/usu1306\/2022\/11\/DANSA-2-300x225.jpg 300w, https:\/\/agora.xtec.cat\/ceenostrasradelmar\/wp-content\/uploads\/usu1306\/2022\/11\/DANSA-2-768x576.jpg 768w, https:\/\/agora.xtec.cat\/ceenostrasradelmar\/wp-content\/uploads\/usu1306\/2022\/11\/DANSA-2-200x150.jpg 200w\" sizes=\"auto, (max-width: 333px) 100vw, 333px\" \/><\/a><\/p>\n<p>&nbsp;<\/p>\n<p>El moviment amb la \u201ccadera\u201d, s\u00ed! Em va agradar, s\u00ed!<\/p>\n<p>&nbsp;<\/p>\n<p>Em va agradar i tornaria a repetir-lo. Jo vaig ballar amb el Marc!<\/p>\n<p>&nbsp;<\/p>\n<p>&nbsp;<\/p>\n<p><a href=\"https:\/\/agora.xtec.cat\/ceenostrasradelmar\/wp-content\/uploads\/usu1306\/2022\/11\/DANSA-5-e1668538306844.jpg\"><img loading=\"lazy\" decoding=\"async\" class=\"alignleft wp-image-4077\" src=\"https:\/\/agora.xtec.cat\/ceenostrasradelmar\/wp-content\/uploads\/usu1306\/2022\/11\/DANSA-5-e1668538306844.jpg\" alt=\"\" width=\"215\" height=\"287\" srcset=\"https:\/\/agora.xtec.cat\/ceenostrasradelmar\/wp-content\/uploads\/usu1306\/2022\/11\/DANSA-5-e1668538306844.jpg 650w, https:\/\/agora.xtec.cat\/ceenostrasradelmar\/wp-content\/uploads\/usu1306\/2022\/11\/DANSA-5-e1668538306844-225x300.jpg 225w\" sizes=\"auto, (max-width: 215px) 100vw, 215px\" \/><\/a><a href=\"https:\/\/agora.xtec.cat\/ceenostrasradelmar\/wp-content\/uploads\/usu1306\/2022\/11\/DANSA-4-e1668538319379.jpg\"><img loading=\"lazy\" decoding=\"async\" class=\"wp-image-4076 alignleft\" src=\"https:\/\/agora.xtec.cat\/ceenostrasradelmar\/wp-content\/uploads\/usu1306\/2022\/11\/DANSA-4-e1668538319379.jpg\" alt=\"\" width=\"216\" height=\"287\" srcset=\"https:\/\/agora.xtec.cat\/ceenostrasradelmar\/wp-content\/uploads\/usu1306\/2022\/11\/DANSA-4-e1668538319379.jpg 650w, https:\/\/agora.xtec.cat\/ceenostrasradelmar\/wp-content\/uploads\/usu1306\/2022\/11\/DANSA-4-e1668538319379-225x300.jpg 225w\" sizes=\"auto, (max-width: 216px) 100vw, 216px\" \/><\/a><img loading=\"lazy\" decoding=\"async\" class=\"wp-image-4075 alignleft\" src=\"https:\/\/agora.xtec.cat\/ceenostrasradelmar\/wp-content\/uploads\/usu1306\/2022\/11\/DANSA-3.jpg\" alt=\"\" width=\"337\" height=\"253\" srcset=\"https:\/\/agora.xtec.cat\/ceenostrasradelmar\/wp-content\/uploads\/usu1306\/2022\/11\/DANSA-3.jpg 866w, https:\/\/agora.xtec.cat\/ceenostrasradelmar\/wp-content\/uploads\/usu1306\/2022\/11\/DANSA-3-300x225.jpg 300w, https:\/\/agora.xtec.cat\/ceenostrasradelmar\/wp-content\/uploads\/usu1306\/2022\/11\/DANSA-3-768x576.jpg 768w, https:\/\/agora.xtec.cat\/ceenostrasradelmar\/wp-content\/uploads\/usu1306\/2022\/11\/DANSA-3-200x150.jpg 200w\" sizes=\"auto, (max-width: 337px) 100vw, 337px\" \/><\/p>\n<p>&nbsp;<\/p>\n<p>&nbsp;<\/p>\n<p>&nbsp;<\/p>\n<p>&nbsp;<\/p>\n<p>&nbsp;<\/p>\n<p>&nbsp;<\/p>\n<p>&nbsp;<\/p>\n<p>Em va agradar ballar, m\u2019ho vaig passar bomba!\u00a0 \u00a0 \u00a0 \u00a0 <a href=\"https:\/\/agora.xtec.cat\/ceenostrasradelmar\/wp-content\/uploads\/usu1306\/2022\/11\/DANSA-6.jpg\"><img loading=\"lazy\" decoding=\"async\" class=\"wp-image-4078 alignright\" src=\"https:\/\/agora.xtec.cat\/ceenostrasradelmar\/wp-content\/uploads\/usu1306\/2022\/11\/DANSA-6-1024x746.jpg\" alt=\"\" width=\"308\" height=\"224\" srcset=\"https:\/\/agora.xtec.cat\/ceenostrasradelmar\/wp-content\/uploads\/usu1306\/2022\/11\/DANSA-6-1024x746.jpg 1024w, https:\/\/agora.xtec.cat\/ceenostrasradelmar\/wp-content\/uploads\/usu1306\/2022\/11\/DANSA-6-300x219.jpg 300w, https:\/\/agora.xtec.cat\/ceenostrasradelmar\/wp-content\/uploads\/usu1306\/2022\/11\/DANSA-6-768x559.jpg 768w, https:\/\/agora.xtec.cat\/ceenostrasradelmar\/wp-content\/uploads\/usu1306\/2022\/11\/DANSA-6.jpg 1189w\" sizes=\"auto, (max-width: 308px) 100vw, 308px\" \/><\/a><\/p>\n<p>Va ser dif\u00edcil, per\u00f2 em va agradar!<\/p>\n<p>Era molt bonic i m\u2019ho passava molt b\u00e9!<\/p>\n<p>Em feia riure el que feiem!<\/p>\n<p>Va ser molt divertit i m\u2019ha agradat molt!<\/p>\n<p>&nbsp;<\/p>\n<p><a style=\"color: #2795b6;\" href=\"https:\/\/agora.xtec.cat\/ceenostrasradelmar\/wp-content\/uploads\/usu1306\/2022\/11\/DANSA-7-e1668538291496.jpg\"><img loading=\"lazy\" decoding=\"async\" class=\"wp-image-4079 alignright\" src=\"https:\/\/agora.xtec.cat\/ceenostrasradelmar\/wp-content\/uploads\/usu1306\/2022\/11\/DANSA-7-e1668538291496.jpg\" alt=\"\" width=\"223\" height=\"297\" srcset=\"https:\/\/agora.xtec.cat\/ceenostrasradelmar\/wp-content\/uploads\/usu1306\/2022\/11\/DANSA-7-e1668538291496.jpg 650w, https:\/\/agora.xtec.cat\/ceenostrasradelmar\/wp-content\/uploads\/usu1306\/2022\/11\/DANSA-7-e1668538291496-225x300.jpg 225w\" sizes=\"auto, (max-width: 223px) 100vw, 223px\" \/><\/a><\/p>\n<p>&nbsp;<\/p>\n<p>A mi em va agradar tot! El Marc era guapo i ballava \u201cun poco raro\u201d\u2026<\/p>\n<p>&nbsp;<\/p>\n<p>&nbsp;<\/p>\n<p>&nbsp;<\/p>\n<p>&nbsp;<\/p>\n<p>&nbsp;<\/p>\n<p>&nbsp;<\/p>\n<p><a href=\"https:\/\/agora.xtec.cat\/ceenostrasradelmar\/wp-content\/uploads\/usu1306\/2022\/11\/DANSA-8.jpg\"><img loading=\"lazy\" decoding=\"async\" class=\"wp-image-4080 alignleft\" src=\"https:\/\/agora.xtec.cat\/ceenostrasradelmar\/wp-content\/uploads\/usu1306\/2022\/11\/DANSA-8-1024x771.jpg\" alt=\"\" width=\"437\" height=\"330\" srcset=\"https:\/\/agora.xtec.cat\/ceenostrasradelmar\/wp-content\/uploads\/usu1306\/2022\/11\/DANSA-8-1024x771.jpg 1024w, https:\/\/agora.xtec.cat\/ceenostrasradelmar\/wp-content\/uploads\/usu1306\/2022\/11\/DANSA-8-300x226.jpg 300w, https:\/\/agora.xtec.cat\/ceenostrasradelmar\/wp-content\/uploads\/usu1306\/2022\/11\/DANSA-8-768x578.jpg 768w, https:\/\/agora.xtec.cat\/ceenostrasradelmar\/wp-content\/uploads\/usu1306\/2022\/11\/DANSA-8-1536x1157.jpg 1536w, https:\/\/agora.xtec.cat\/ceenostrasradelmar\/wp-content\/uploads\/usu1306\/2022\/11\/DANSA-8-200x150.jpg 200w, https:\/\/agora.xtec.cat\/ceenostrasradelmar\/wp-content\/uploads\/usu1306\/2022\/11\/DANSA-8.jpg 2040w\" sizes=\"auto, (max-width: 437px) 100vw, 437px\" \/><\/a><\/p>\n<p>Aqu\u00ed teniu un v\u00eddeo de com va quedar el nostre ball despr\u00e9s de tota una setmana treballant i experimentant amb el Marc!<\/p>\n<p><a href=\"https:\/\/drive.google.com\/file\/d\/1M1CaelO4baIAIRrII7bflMbplxnYWy-z\/view?usp=sharing\" target=\"_blank\" rel=\"noopener\">TEATRE DE DANSA SOMNIU<\/a><\/p>\n<p>&nbsp;<\/p>\n<p>&nbsp;<\/p>\n<p>&nbsp;<\/p>\n<p>&nbsp;<\/p>\n<p>&nbsp;<\/p>\n","protected":false},"excerpt":{"rendered":"<p>TALLER DANSA SOMNIU<\/p>\n","protected":false},"author":1,"featured_media":4080,"comment_status":"open","ping_status":"closed","sticky":false,"template":"","format":"standard","meta":{"_bbp_topic_count":0,"_bbp_reply_count":0,"_bbp_total_topic_count":0,"_bbp_total_reply_count":0,"_bbp_voice_count":0,"_bbp_anonymous_reply_count":0,"_bbp_topic_count_hidden":0,"_bbp_reply_count_hidden":0,"_bbp_forum_subforum_count":0,"site-sidebar-layout":"default","site-content-layout":"","ast-site-content-layout":"","site-content-style":"default","site-sidebar-style":"default","ast-global-header-display":"","ast-banner-title-visibility":"","ast-main-header-display":"","ast-hfb-above-header-display":"","ast-hfb-below-header-display":"","ast-hfb-mobile-header-display":"","site-post-title":"","ast-breadcrumbs-content":"","ast-featured-img":"","footer-sml-layout":"","theme-transparent-header-meta":"","adv-header-id-meta":"","stick-header-meta":"","header-above-stick-meta":"","header-main-stick-meta":"","header-below-stick-meta":"","astra-migrate-meta-layouts":"default","ast-page-background-enabled":"default","ast-page-background-meta":{"desktop":{"background-color":"var(--ast-global-color-4)","background-image":"","background-repeat":"repeat","background-position":"center center","background-size":"auto","background-attachment":"scroll","background-type":"","background-media":"","overlay-type":"","overlay-color":"","overlay-opacity":"","overlay-gradient":""},"tablet":{"background-color":"","background-image":"","background-repeat":"repeat","background-position":"center center","background-size":"auto","background-attachment":"scroll","background-type":"","background-media":"","overlay-type":"","overlay-color":"","overlay-opacity":"","overlay-gradient":""},"mobile":{"background-color":"","background-image":"","background-repeat":"repeat","background-position":"center center","background-size":"auto","background-attachment":"scroll","background-type":"","background-media":"","overlay-type":"","overlay-color":"","overlay-opacity":"","overlay-gradient":""}},"ast-content-background-meta":{"desktop":{"background-color":"var(--ast-global-color-5)","background-image":"","background-repeat":"repeat","background-position":"center center","background-size":"auto","background-attachment":"scroll","background-type":"","background-media":"","overlay-type":"","overlay-color":"","overlay-opacity":"","overlay-gradient":""},"tablet":{"background-color":"var(--ast-global-color-5)","background-image":"","background-repeat":"repeat","background-position":"center center","background-size":"auto","background-attachment":"scroll","background-type":"","background-media":"","overlay-type":"","overlay-color":"","overlay-opacity":"","overlay-gradient":""},"mobile":{"background-color":"var(--ast-global-color-5)","background-image":"","background-repeat":"repeat","background-position":"center center","background-size":"auto","background-attachment":"scroll","background-type":"","background-media":"","overlay-type":"","overlay-color":"","overlay-opacity":"","overlay-gradient":""}},"footnotes":""},"categories":[37,1,4],"tags":[],"class_list":["post-4060","post","type-post","status-publish","format-standard","has-post-thumbnail","hentry","category-equilibris","category-general","category-portada"],"post_mailing_queue_ids":[],"_links":{"self":[{"href":"https:\/\/agora.xtec.cat\/ceenostrasradelmar\/wp-json\/wp\/v2\/posts\/4060","targetHints":{"allow":["GET"]}}],"collection":[{"href":"https:\/\/agora.xtec.cat\/ceenostrasradelmar\/wp-json\/wp\/v2\/posts"}],"about":[{"href":"https:\/\/agora.xtec.cat\/ceenostrasradelmar\/wp-json\/wp\/v2\/types\/post"}],"author":[{"embeddable":true,"href":"https:\/\/agora.xtec.cat\/ceenostrasradelmar\/wp-json\/wp\/v2\/users\/1"}],"replies":[{"embeddable":true,"href":"https:\/\/agora.xtec.cat\/ceenostrasradelmar\/wp-json\/wp\/v2\/comments?post=4060"}],"version-history":[{"count":3,"href":"https:\/\/agora.xtec.cat\/ceenostrasradelmar\/wp-json\/wp\/v2\/posts\/4060\/revisions"}],"predecessor-version":[{"id":4089,"href":"https:\/\/agora.xtec.cat\/ceenostrasradelmar\/wp-json\/wp\/v2\/posts\/4060\/revisions\/4089"}],"wp:featuredmedia":[{"embeddable":true,"href":"https:\/\/agora.xtec.cat\/ceenostrasradelmar\/wp-json\/wp\/v2\/media\/4080"}],"wp:attachment":[{"href":"https:\/\/agora.xtec.cat\/ceenostrasradelmar\/wp-json\/wp\/v2\/media?parent=4060"}],"wp:term":[{"taxonomy":"category","embeddable":true,"href":"https:\/\/agora.xtec.cat\/ceenostrasradelmar\/wp-json\/wp\/v2\/categories?post=4060"},{"taxonomy":"post_tag","embeddable":true,"href":"https:\/\/agora.xtec.cat\/ceenostrasradelmar\/wp-json\/wp\/v2\/tags?post=4060"}],"curies":[{"name":"wp","href":"https:\/\/api.w.org\/{rel}","templated":true}]}}