{"id":3846,"date":"2022-03-21T10:10:44","date_gmt":"2022-03-21T09:10:44","guid":{"rendered":"https:\/\/agora.xtec.cat\/ceenostrasradelmar\/?p=3846"},"modified":"2022-03-21T10:10:44","modified_gmt":"2022-03-21T09:10:44","slug":"world-padel-tour-2022-costa-daurada","status":"publish","type":"post","link":"https:\/\/agora.xtec.cat\/ceenostrasradelmar\/portada\/world-padel-tour-2022-costa-daurada\/","title":{"rendered":"WORLD PADEL TOUR 2022-COSTA DAURADA"},"content":{"rendered":"<p>ELS PASSAT DIMECRES DIA 9 DE MAR\u00c7, LES CLASSES DE CORALLS, CALIPSO, MARINERS I ONES, VAM ANAR AL PAVELL\u00d3 OL\u00cdMPIC DE REUS A VEURE UN PARTIT DE PADEL. ENS VA CONVIDAR REUS ESPORT I LLEURE.<\/p>\n<p>AL PAVELL\u00d2 VAM VEURE A L&#8217;ARIANA SANCHEZ, JUGADORA DE REUS. ENS VA SALUDAR I ES VA FER UNA FOTO AMB TOTS NOSALTRES. MOLTES GR\u00c0CIES ARI!!!<\/p>\n<p><a href=\"https:\/\/agora.xtec.cat\/ceenostrasradelmar\/wp-content\/uploads\/usu1306\/2022\/03\/110b88fb-8bfd-41b5-b26e-400c858b667c.jpg\"><img loading=\"lazy\" decoding=\"async\" class=\"wp-image-3848 aligncenter\" src=\"https:\/\/agora.xtec.cat\/ceenostrasradelmar\/wp-content\/uploads\/usu1306\/2022\/03\/110b88fb-8bfd-41b5-b26e-400c858b667c-1024x768.jpg\" alt=\"\" width=\"547\" height=\"410\" srcset=\"https:\/\/agora.xtec.cat\/ceenostrasradelmar\/wp-content\/uploads\/usu1306\/2022\/03\/110b88fb-8bfd-41b5-b26e-400c858b667c-1024x768.jpg 1024w, https:\/\/agora.xtec.cat\/ceenostrasradelmar\/wp-content\/uploads\/usu1306\/2022\/03\/110b88fb-8bfd-41b5-b26e-400c858b667c-300x225.jpg 300w, https:\/\/agora.xtec.cat\/ceenostrasradelmar\/wp-content\/uploads\/usu1306\/2022\/03\/110b88fb-8bfd-41b5-b26e-400c858b667c-768x576.jpg 768w, https:\/\/agora.xtec.cat\/ceenostrasradelmar\/wp-content\/uploads\/usu1306\/2022\/03\/110b88fb-8bfd-41b5-b26e-400c858b667c-1536x1152.jpg 1536w, https:\/\/agora.xtec.cat\/ceenostrasradelmar\/wp-content\/uploads\/usu1306\/2022\/03\/110b88fb-8bfd-41b5-b26e-400c858b667c-200x150.jpg 200w, https:\/\/agora.xtec.cat\/ceenostrasradelmar\/wp-content\/uploads\/usu1306\/2022\/03\/110b88fb-8bfd-41b5-b26e-400c858b667c.jpg 2016w\" sizes=\"auto, (max-width: 547px) 100vw, 547px\" \/><\/a><\/p>\n","protected":false},"excerpt":{"rendered":"<p>ELS PASSAT DIMECRES DIA 9 DE MAR\u00c7, LES CLASSES DE CORALLS, CALIPSO, MARINERS I ONES, VAM ANAR AL PAVELL\u00d3 OL\u00cdMPIC DE REUS A VEURE UN PARTIT DE PADEL. ENS VA CONVIDAR REUS ESPORT I LLEURE. AL PAVELL\u00d2 VAM VEURE A L&#8217;ARIANA SANCHEZ, JUGADORA DE REUS. ENS VA SALUDAR I ES VA FER UNA FOTO AMB [&hellip;]<\/p>\n","protected":false},"author":1,"featured_media":3849,"comment_status":"open","ping_status":"closed","sticky":false,"template":"","format":"standard","meta":{"_bbp_topic_count":0,"_bbp_reply_count":0,"_bbp_total_topic_count":0,"_bbp_total_reply_count":0,"_bbp_voice_count":0,"_bbp_anonymous_reply_count":0,"_bbp_topic_count_hidden":0,"_bbp_reply_count_hidden":0,"_bbp_forum_subforum_count":0,"site-sidebar-layout":"default","site-content-layout":"","ast-site-content-layout":"","site-content-style":"default","site-sidebar-style":"default","ast-global-header-display":"","ast-banner-title-visibility":"","ast-main-header-display":"","ast-hfb-above-header-display":"","ast-hfb-below-header-display":"","ast-hfb-mobile-header-display":"","site-post-title":"","ast-breadcrumbs-content":"","ast-featured-img":"","footer-sml-layout":"","theme-transparent-header-meta":"","adv-header-id-meta":"","stick-header-meta":"","header-above-stick-meta":"","header-main-stick-meta":"","header-below-stick-meta":"","astra-migrate-meta-layouts":"default","ast-page-background-enabled":"default","ast-page-background-meta":{"desktop":{"background-color":"var(--ast-global-color-4)","background-image":"","background-repeat":"repeat","background-position":"center center","background-size":"auto","background-attachment":"scroll","background-type":"","background-media":"","overlay-type":"","overlay-color":"","overlay-opacity":"","overlay-gradient":""},"tablet":{"background-color":"","background-image":"","background-repeat":"repeat","background-position":"center center","background-size":"auto","background-attachment":"scroll","background-type":"","background-media":"","overlay-type":"","overlay-color":"","overlay-opacity":"","overlay-gradient":""},"mobile":{"background-color":"","background-image":"","background-repeat":"repeat","background-position":"center center","background-size":"auto","background-attachment":"scroll","background-type":"","background-media":"","overlay-type":"","overlay-color":"","overlay-opacity":"","overlay-gradient":""}},"ast-content-background-meta":{"desktop":{"background-color":"var(--ast-global-color-5)","background-image":"","background-repeat":"repeat","background-position":"center center","background-size":"auto","background-attachment":"scroll","background-type":"","background-media":"","overlay-type":"","overlay-color":"","overlay-opacity":"","overlay-gradient":""},"tablet":{"background-color":"var(--ast-global-color-5)","background-image":"","background-repeat":"repeat","background-position":"center center","background-size":"auto","background-attachment":"scroll","background-type":"","background-media":"","overlay-type":"","overlay-color":"","overlay-opacity":"","overlay-gradient":""},"mobile":{"background-color":"var(--ast-global-color-5)","background-image":"","background-repeat":"repeat","background-position":"center center","background-size":"auto","background-attachment":"scroll","background-type":"","background-media":"","overlay-type":"","overlay-color":"","overlay-opacity":"","overlay-gradient":""}},"footnotes":""},"categories":[37,12,70,4,14],"tags":[],"class_list":["post-3846","post","type-post","status-publish","format-standard","has-post-thumbnail","hentry","category-equilibris","category-magics","category-malabaristes","category-portada","category-trapezi"],"post_mailing_queue_ids":[],"_links":{"self":[{"href":"https:\/\/agora.xtec.cat\/ceenostrasradelmar\/wp-json\/wp\/v2\/posts\/3846","targetHints":{"allow":["GET"]}}],"collection":[{"href":"https:\/\/agora.xtec.cat\/ceenostrasradelmar\/wp-json\/wp\/v2\/posts"}],"about":[{"href":"https:\/\/agora.xtec.cat\/ceenostrasradelmar\/wp-json\/wp\/v2\/types\/post"}],"author":[{"embeddable":true,"href":"https:\/\/agora.xtec.cat\/ceenostrasradelmar\/wp-json\/wp\/v2\/users\/1"}],"replies":[{"embeddable":true,"href":"https:\/\/agora.xtec.cat\/ceenostrasradelmar\/wp-json\/wp\/v2\/comments?post=3846"}],"version-history":[{"count":1,"href":"https:\/\/agora.xtec.cat\/ceenostrasradelmar\/wp-json\/wp\/v2\/posts\/3846\/revisions"}],"predecessor-version":[{"id":3850,"href":"https:\/\/agora.xtec.cat\/ceenostrasradelmar\/wp-json\/wp\/v2\/posts\/3846\/revisions\/3850"}],"wp:featuredmedia":[{"embeddable":true,"href":"https:\/\/agora.xtec.cat\/ceenostrasradelmar\/wp-json\/wp\/v2\/media\/3849"}],"wp:attachment":[{"href":"https:\/\/agora.xtec.cat\/ceenostrasradelmar\/wp-json\/wp\/v2\/media?parent=3846"}],"wp:term":[{"taxonomy":"category","embeddable":true,"href":"https:\/\/agora.xtec.cat\/ceenostrasradelmar\/wp-json\/wp\/v2\/categories?post=3846"},{"taxonomy":"post_tag","embeddable":true,"href":"https:\/\/agora.xtec.cat\/ceenostrasradelmar\/wp-json\/wp\/v2\/tags?post=3846"}],"curies":[{"name":"wp","href":"https:\/\/api.w.org\/{rel}","templated":true}]}}