{"id":3816,"date":"2022-01-24T10:47:08","date_gmt":"2022-01-24T09:47:08","guid":{"rendered":"https:\/\/agora.xtec.cat\/ceenostrasradelmar\/?p=3816"},"modified":"2022-01-24T10:49:13","modified_gmt":"2022-01-24T09:49:13","slug":"ja-tenim-aula-multisensorial","status":"publish","type":"post","link":"https:\/\/agora.xtec.cat\/ceenostrasradelmar\/general\/ja-tenim-aula-multisensorial\/","title":{"rendered":"JA TENIM AULA MULTISENSORIAL!!!"},"content":{"rendered":"<p lang=\"ca-ES\" align=\"justify\"><span style=\"font-family: DejaVuSans, serif; font-size: medium;\">El 30 de setembre vam inaugurar l&#8217;aula multisensorial.<\/span><\/p>\n<p class=\"western\" lang=\"ca-ES\" align=\"justify\"><span style=\"font-family: DejaVuSans, serif;\"><span style=\"font-size: medium;\">Les experi\u00e8ncies sensorials s\u00f3n el principal canal que transmeten al cervell tota la<\/span><\/span><\/p>\n<p class=\"western\" lang=\"ca-ES\" align=\"justify\"><span style=\"font-family: DejaVuSans, serif;\"><span style=\"font-size: medium;\">informaci\u00f3 de l\u2019entorn, per tal que la persona sigui capa\u00e7 de fixar la seva posici\u00f3 respecte<\/span><\/span><\/p>\n<p class=\"western\" lang=\"ca-ES\" align=\"justify\"><span style=\"font-family: DejaVuSans, serif;\"><span style=\"font-size: medium;\">al medi que l\u2019envolta i respecte si mateix.\u00a0<\/span><\/span><\/p>\n<p class=\"western\" lang=\"ca-ES\" align=\"justify\"><span style=\"font-family: DejaVuSans, serif;\"><span style=\"font-size: medium;\">A causa de les necessitats espec\u00edfiques de l\u2019alumnat del centre, la majoria t\u00e9 moltes<\/span><\/span><\/p>\n<p class=\"western\" lang=\"ca-ES\" align=\"justify\"><span style=\"font-family: DejaVuSans, serif;\"><span style=\"font-size: medium;\">dificultats per transformar les sensacions que capten en percepcions significatives de la<\/span><\/span><\/p>\n<p class=\"western\" lang=\"ca-ES\" align=\"justify\"><span style=\"font-family: DejaVuSans, serif;\"><span style=\"font-size: medium;\">realitat, a m\u00e9s les adaptacions f\u00edsiques i metodol\u00f2giques sovint no els s\u00f3n suficients.<\/span><\/span><\/p>\n<p class=\"western\" lang=\"ca-ES\" align=\"justify\"><span style=\"font-family: DejaVuSans, serif;\"><span style=\"font-size: medium;\">Per aquesta ra\u00f3, \u00e9s tant important la creaci\u00f3 d\u2019un espai d\u2019estimulaci\u00f3 sensorial.<\/span><\/span><\/p>\n<p class=\"western\" lang=\"ca-ES\" align=\"justify\"><span style=\"font-family: DejaVuSans, serif;\"><span style=\"font-size: medium;\">Actualment aquesta alternativa educativa i terap\u00e8utica afavoreix la recepci\u00f3 sensitiva<\/span><\/span><\/p>\n<p class=\"western\" lang=\"ca-ES\" align=\"justify\"><span style=\"font-family: DejaVuSans, serif;\"><span style=\"font-size: medium;\">d\u2019est\u00edmuls controlats.<\/span><\/span><\/p>\n<p class=\"western\" lang=\"ca-ES\" align=\"justify\"><span style=\"font-family: DejaVuSans, serif;\"><span style=\"font-size: medium;\">Assegurarem una millora i el desenvolupament de les capacitats sensorials, de l\u2019atenci\u00f3,<\/span><\/span><\/p>\n<p class=\"western\" lang=\"ca-ES\" align=\"justify\"><span style=\"font-family: DejaVuSans, serif;\"><span style=\"font-size: medium;\">la concentraci\u00f3, la comunicaci\u00f3 i interacci\u00f3 del nostre alumnat.<\/span><\/span><\/p>\n<p class=\"western\" lang=\"ca-ES\" align=\"justify\"><span style=\"font-family: DejaVuSans, serif;\"><span style=\"font-size: medium;\">L\u2019adquisici\u00f3 d\u2019aquesta sala promou el benestar personal i la seva qualitat de vida, a<\/span><\/span><\/p>\n<p class=\"western\" lang=\"ca-ES\" align=\"justify\"><span style=\"font-family: DejaVuSans, serif;\"><span style=\"font-size: medium;\">trav\u00e9s d\u2019aprenentatges basats en el descobriment i l\u2019exploraci\u00f3.<\/span><\/span><\/p>\n<p class=\"western\" lang=\"ca-ES\" align=\"justify\"><span style=\"font-family: DejaVuSans, serif;\"><span style=\"font-size: medium;\">Actualment s\u2019est\u00e0 duent a terme una intervenci\u00f3 amb activitats cognitives i relaxaci\u00f3 amb grups redu\u00efts i estimulaci\u00f3 multisensorial amb alumnat concret.<\/span><\/span><\/p>\n<p class=\"western\" lang=\"ca-ES\" align=\"justify\"><span style=\"font-family: DejaVuSans, serif;\"><span style=\"font-size: medium;\">Gr\u00e0cies a la col\u00b7laboraci\u00f3 de les seg\u00fcents empreses que ho han fet possible.<\/span><\/span><\/p>\n<table style=\"border-collapse: collapse; width: 100%; height: 437px;\">\n<tbody>\n<tr style=\"height: 262px;\">\n<td style=\"width: 33.3333%; height: 262px;\"><a href=\"https:\/\/agora.xtec.cat\/ceenostrasradelmar\/wp-content\/uploads\/usu1306\/2022\/01\/aula3.jpg\"><img loading=\"lazy\" decoding=\"async\" class=\"wp-image-3811 aligncenter\" src=\"https:\/\/agora.xtec.cat\/ceenostrasradelmar\/wp-content\/uploads\/usu1306\/2022\/01\/aula3.jpg\" alt=\"\" width=\"194\" height=\"145\" srcset=\"https:\/\/agora.xtec.cat\/ceenostrasradelmar\/wp-content\/uploads\/usu1306\/2022\/01\/aula3.jpg 818w, https:\/\/agora.xtec.cat\/ceenostrasradelmar\/wp-content\/uploads\/usu1306\/2022\/01\/aula3-300x224.jpg 300w, https:\/\/agora.xtec.cat\/ceenostrasradelmar\/wp-content\/uploads\/usu1306\/2022\/01\/aula3-768x574.jpg 768w, https:\/\/agora.xtec.cat\/ceenostrasradelmar\/wp-content\/uploads\/usu1306\/2022\/01\/aula3-200x150.jpg 200w\" sizes=\"auto, (max-width: 194px) 100vw, 194px\" \/><\/a><\/td>\n<td style=\"width: 33.3333%; height: 262px;\"><a href=\"https:\/\/agora.xtec.cat\/ceenostrasradelmar\/wp-content\/uploads\/usu1306\/2022\/01\/aula6.jpg\"><img loading=\"lazy\" decoding=\"async\" class=\"alignleft size-full wp-image-3814\" src=\"https:\/\/agora.xtec.cat\/ceenostrasradelmar\/wp-content\/uploads\/usu1306\/2022\/01\/aula6.jpg\" alt=\"\" width=\"747\" height=\"419\" srcset=\"https:\/\/agora.xtec.cat\/ceenostrasradelmar\/wp-content\/uploads\/usu1306\/2022\/01\/aula6.jpg 747w, https:\/\/agora.xtec.cat\/ceenostrasradelmar\/wp-content\/uploads\/usu1306\/2022\/01\/aula6-300x168.jpg 300w\" sizes=\"auto, (max-width: 747px) 100vw, 747px\" \/><\/a><\/td>\n<td style=\"width: 33.3333%; height: 262px;\"><a href=\"https:\/\/agora.xtec.cat\/ceenostrasradelmar\/wp-content\/uploads\/usu1306\/2022\/01\/aula4.jpg\"><img loading=\"lazy\" decoding=\"async\" class=\"wp-image-3812 aligncenter\" src=\"https:\/\/agora.xtec.cat\/ceenostrasradelmar\/wp-content\/uploads\/usu1306\/2022\/01\/aula4.jpg\" alt=\"\" width=\"130\" height=\"231\" srcset=\"https:\/\/agora.xtec.cat\/ceenostrasradelmar\/wp-content\/uploads\/usu1306\/2022\/01\/aula4.jpg 303w, https:\/\/agora.xtec.cat\/ceenostrasradelmar\/wp-content\/uploads\/usu1306\/2022\/01\/aula4-169x300.jpg 169w\" sizes=\"auto, (max-width: 130px) 100vw, 130px\" \/><\/a><\/td>\n<\/tr>\n<tr style=\"height: 175px;\">\n<td style=\"width: 33.3333%; height: 175px;\"><a href=\"https:\/\/agora.xtec.cat\/ceenostrasradelmar\/wp-content\/uploads\/usu1306\/2022\/01\/aula1.jpg\"><img loading=\"lazy\" decoding=\"async\" class=\"alignleft size-full wp-image-3809\" src=\"https:\/\/agora.xtec.cat\/ceenostrasradelmar\/wp-content\/uploads\/usu1306\/2022\/01\/aula1.jpg\" alt=\"\" width=\"549\" height=\"309\" srcset=\"https:\/\/agora.xtec.cat\/ceenostrasradelmar\/wp-content\/uploads\/usu1306\/2022\/01\/aula1.jpg 549w, https:\/\/agora.xtec.cat\/ceenostrasradelmar\/wp-content\/uploads\/usu1306\/2022\/01\/aula1-300x169.jpg 300w\" sizes=\"auto, (max-width: 549px) 100vw, 549px\" \/><\/a><\/td>\n<td style=\"width: 33.3333%; height: 175px;\"><a href=\"https:\/\/agora.xtec.cat\/ceenostrasradelmar\/wp-content\/uploads\/usu1306\/2022\/01\/aula5.jpg\"><img loading=\"lazy\" decoding=\"async\" class=\"alignleft wp-image-3813\" src=\"https:\/\/agora.xtec.cat\/ceenostrasradelmar\/wp-content\/uploads\/usu1306\/2022\/01\/aula5.jpg\" alt=\"\" width=\"277\" height=\"155\" srcset=\"https:\/\/agora.xtec.cat\/ceenostrasradelmar\/wp-content\/uploads\/usu1306\/2022\/01\/aula5.jpg 543w, https:\/\/agora.xtec.cat\/ceenostrasradelmar\/wp-content\/uploads\/usu1306\/2022\/01\/aula5-300x169.jpg 300w\" sizes=\"auto, (max-width: 277px) 100vw, 277px\" \/><\/a><\/td>\n<td style=\"width: 33.3333%; height: 175px;\"><\/td>\n<\/tr>\n<\/tbody>\n<\/table>\n<p lang=\"ca-ES\" align=\"justify\">\n","protected":false},"excerpt":{"rendered":"<p>JA TENIM AULA MULTISENSORIAL!!!<\/p>\n","protected":false},"author":1,"featured_media":3814,"comment_status":"open","ping_status":"closed","sticky":false,"template":"","format":"standard","meta":{"_bbp_topic_count":0,"_bbp_reply_count":0,"_bbp_total_topic_count":0,"_bbp_total_reply_count":0,"_bbp_voice_count":0,"_bbp_anonymous_reply_count":0,"_bbp_topic_count_hidden":0,"_bbp_reply_count_hidden":0,"_bbp_forum_subforum_count":0,"site-sidebar-layout":"default","site-content-layout":"","ast-site-content-layout":"","site-content-style":"default","site-sidebar-style":"default","ast-global-header-display":"","ast-banner-title-visibility":"","ast-main-header-display":"","ast-hfb-above-header-display":"","ast-hfb-below-header-display":"","ast-hfb-mobile-header-display":"","site-post-title":"","ast-breadcrumbs-content":"","ast-featured-img":"","footer-sml-layout":"","theme-transparent-header-meta":"","adv-header-id-meta":"","stick-header-meta":"","header-above-stick-meta":"","header-main-stick-meta":"","header-below-stick-meta":"","astra-migrate-meta-layouts":"default","ast-page-background-enabled":"default","ast-page-background-meta":{"desktop":{"background-color":"var(--ast-global-color-4)","background-image":"","background-repeat":"repeat","background-position":"center center","background-size":"auto","background-attachment":"scroll","background-type":"","background-media":"","overlay-type":"","overlay-color":"","overlay-opacity":"","overlay-gradient":""},"tablet":{"background-color":"","background-image":"","background-repeat":"repeat","background-position":"center center","background-size":"auto","background-attachment":"scroll","background-type":"","background-media":"","overlay-type":"","overlay-color":"","overlay-opacity":"","overlay-gradient":""},"mobile":{"background-color":"","background-image":"","background-repeat":"repeat","background-position":"center center","background-size":"auto","background-attachment":"scroll","background-type":"","background-media":"","overlay-type":"","overlay-color":"","overlay-opacity":"","overlay-gradient":""}},"ast-content-background-meta":{"desktop":{"background-color":"var(--ast-global-color-5)","background-image":"","background-repeat":"repeat","background-position":"center center","background-size":"auto","background-attachment":"scroll","background-type":"","background-media":"","overlay-type":"","overlay-color":"","overlay-opacity":"","overlay-gradient":""},"tablet":{"background-color":"var(--ast-global-color-5)","background-image":"","background-repeat":"repeat","background-position":"center center","background-size":"auto","background-attachment":"scroll","background-type":"","background-media":"","overlay-type":"","overlay-color":"","overlay-opacity":"","overlay-gradient":""},"mobile":{"background-color":"var(--ast-global-color-5)","background-image":"","background-repeat":"repeat","background-position":"center center","background-size":"auto","background-attachment":"scroll","background-type":"","background-media":"","overlay-type":"","overlay-color":"","overlay-opacity":"","overlay-gradient":""}},"footnotes":""},"categories":[1,4],"tags":[],"class_list":["post-3816","post","type-post","status-publish","format-standard","has-post-thumbnail","hentry","category-general","category-portada"],"post_mailing_queue_ids":[],"_links":{"self":[{"href":"https:\/\/agora.xtec.cat\/ceenostrasradelmar\/wp-json\/wp\/v2\/posts\/3816","targetHints":{"allow":["GET"]}}],"collection":[{"href":"https:\/\/agora.xtec.cat\/ceenostrasradelmar\/wp-json\/wp\/v2\/posts"}],"about":[{"href":"https:\/\/agora.xtec.cat\/ceenostrasradelmar\/wp-json\/wp\/v2\/types\/post"}],"author":[{"embeddable":true,"href":"https:\/\/agora.xtec.cat\/ceenostrasradelmar\/wp-json\/wp\/v2\/users\/1"}],"replies":[{"embeddable":true,"href":"https:\/\/agora.xtec.cat\/ceenostrasradelmar\/wp-json\/wp\/v2\/comments?post=3816"}],"version-history":[{"count":2,"href":"https:\/\/agora.xtec.cat\/ceenostrasradelmar\/wp-json\/wp\/v2\/posts\/3816\/revisions"}],"predecessor-version":[{"id":3818,"href":"https:\/\/agora.xtec.cat\/ceenostrasradelmar\/wp-json\/wp\/v2\/posts\/3816\/revisions\/3818"}],"wp:featuredmedia":[{"embeddable":true,"href":"https:\/\/agora.xtec.cat\/ceenostrasradelmar\/wp-json\/wp\/v2\/media\/3814"}],"wp:attachment":[{"href":"https:\/\/agora.xtec.cat\/ceenostrasradelmar\/wp-json\/wp\/v2\/media?parent=3816"}],"wp:term":[{"taxonomy":"category","embeddable":true,"href":"https:\/\/agora.xtec.cat\/ceenostrasradelmar\/wp-json\/wp\/v2\/categories?post=3816"},{"taxonomy":"post_tag","embeddable":true,"href":"https:\/\/agora.xtec.cat\/ceenostrasradelmar\/wp-json\/wp\/v2\/tags?post=3816"}],"curies":[{"name":"wp","href":"https:\/\/api.w.org\/{rel}","templated":true}]}}